{"id":55698,"date":"2021-04-18T22:17:52","date_gmt":"2021-04-19T01:17:52","guid":{"rendered":"http:\/\/blogdoeloiltoncajuhy.com.br\/site\/?p=55698"},"modified":"2021-04-18T22:17:53","modified_gmt":"2021-04-19T01:17:53","slug":"fenagri-2021-sera-lancada-em-conferencia-online-ao-vivo-na-quinta-feira-22","status":"publish","type":"post","link":"https:\/\/blogdoeloiltoncajuhy.com.br\/site\/fenagri-2021-sera-lancada-em-conferencia-online-ao-vivo-na-quinta-feira-22\/","title":{"rendered":"Fenagri 2021 ser\u00e1 lan\u00e7ada em confer\u00eancia online ao vivo na quinta-feira (22)"},"content":{"rendered":"\n<div class=\"wp-block-image\"><figure class=\"aligncenter size-large\"><a href=\"https:\/\/i0.wp.com\/blogdoeloiltoncajuhy.com.br\/site\/wp-content\/uploads\/2021\/04\/Fenagri_2021-01.jpeg\"><img data-recalc-dims=\"1\" fetchpriority=\"high\" decoding=\"async\" width=\"800\" height=\"533\" src=\"https:\/\/i0.wp.com\/blogdoeloiltoncajuhy.com.br\/site\/wp-content\/uploads\/2021\/04\/Fenagri_2021-01.jpeg?resize=800%2C533\" alt=\"\" class=\"wp-image-55699\" srcset=\"https:\/\/i0.wp.com\/blogdoeloiltoncajuhy.com.br\/site\/wp-content\/uploads\/2021\/04\/Fenagri_2021-01.jpeg?resize=1024%2C682&amp;ssl=1 1024w, https:\/\/i0.wp.com\/blogdoeloiltoncajuhy.com.br\/site\/wp-content\/uploads\/2021\/04\/Fenagri_2021-01.jpeg?resize=300%2C200&amp;ssl=1 300w, https:\/\/i0.wp.com\/blogdoeloiltoncajuhy.com.br\/site\/wp-content\/uploads\/2021\/04\/Fenagri_2021-01.jpeg?resize=768%2C512&amp;ssl=1 768w, https:\/\/i0.wp.com\/blogdoeloiltoncajuhy.com.br\/site\/wp-content\/uploads\/2021\/04\/Fenagri_2021-01.jpeg?w=1280&amp;ssl=1 1280w\" sizes=\"(max-width: 800px) 100vw, 800px\" \/><\/a><\/figure><\/div>\n\n\n\n<p>O impacto do agroneg\u00f3cio no ODS 2 (Objetivos de Desenvolvimento Sustent\u00e1vel) &#8211; Fome Zero e Agricultura Sustent\u00e1vel Investimento Social Privado. Este \u00e9 o tema do lan\u00e7amento da Feira Nacional de Agricultura Irrigada (Fenagri 2021), que ser\u00e1 realizado com um debate ao vivo nesta quinta-feira (22) das 13h \u00e0s 14h30, no programa Agro 360 atrav\u00e9s do canal Terraviva e tamb\u00e9m pelas redes sociais Instagram, YouTube e Facebook.<\/p>\n\n\n\n<p>O evento ser\u00e1 aberto pelo prefeito de Petrolina, Miguel Coelho e pelo presidente da Associa\u00e7\u00e3o dos Produtores e Exportadores de Hortigranjeiros e Derivados do Vale do S\u00e3o Francisco &#8211; Valexport, Jos\u00e9 Gualberto, com media\u00e7\u00e3o do ex-ministro da Agricultura e indicado ao Pr\u00eamio Nobel da Paz 2021, Alysson Paolinelli e vai contar com as participa\u00e7\u00f5es do presidente da Caixa Econ\u00f4mica Federal, Pedro Guimar\u00e3es, Linda Pfeiffer (CEO &#8211; INMED Partnerships for Children) e o presidente da Bayer no Brasil, Marc Reichardt.<\/p>\n\n\n\n<p>Considerada a maior feira de fruticultura irrigada da Am\u00e9rica Latina, a Fenagri, j\u00e1 em sua 28\u00ba edi\u00e7\u00e3o, comemorando 35 anos, vai acontecer entre os dias 6 e 9 de outubro no P\u00e1tio de Eventos Ana das Carrancas. Com o tema \u2018Agricultura digital: Tecnologia e Inova\u00e7\u00e3o\u2019, a programa\u00e7\u00e3o inclui mostra de estandes, f\u00f3rum sobre as perspectivas do agroneg\u00f3cio brasileiro, workshop, semin\u00e1rio, minicursos e o Agritec, que reunir\u00e1 as inova\u00e7\u00f5es do agroneg\u00f3cio no Vale do S\u00e3o Francisco.<\/p>\n\n\n\n<div class=\"wp-block-image\"><figure class=\"aligncenter size-large\"><a href=\"https:\/\/i0.wp.com\/blogdoeloiltoncajuhy.com.br\/site\/wp-content\/uploads\/2021\/04\/Fenagri_2021-02.jpeg\"><img data-recalc-dims=\"1\" decoding=\"async\" width=\"800\" height=\"533\" src=\"https:\/\/i0.wp.com\/blogdoeloiltoncajuhy.com.br\/site\/wp-content\/uploads\/2021\/04\/Fenagri_2021-02.jpeg?resize=800%2C533\" alt=\"\" class=\"wp-image-55700\" srcset=\"https:\/\/i0.wp.com\/blogdoeloiltoncajuhy.com.br\/site\/wp-content\/uploads\/2021\/04\/Fenagri_2021-02.jpeg?resize=1024%2C682&amp;ssl=1 1024w, https:\/\/i0.wp.com\/blogdoeloiltoncajuhy.com.br\/site\/wp-content\/uploads\/2021\/04\/Fenagri_2021-02.jpeg?resize=300%2C200&amp;ssl=1 300w, https:\/\/i0.wp.com\/blogdoeloiltoncajuhy.com.br\/site\/wp-content\/uploads\/2021\/04\/Fenagri_2021-02.jpeg?resize=768%2C512&amp;ssl=1 768w, https:\/\/i0.wp.com\/blogdoeloiltoncajuhy.com.br\/site\/wp-content\/uploads\/2021\/04\/Fenagri_2021-02.jpeg?w=1280&amp;ssl=1 1280w\" sizes=\"(max-width: 800px) 100vw, 800px\" \/><\/a><\/figure><\/div>\n\n\n\n<p>De acordo com o prefeito Miguel Coelho, at\u00e9 o m\u00eas de outubro os organizadores (Prefeitura de Petrolina e a Valexport), estar\u00e3o promovendo uma s\u00e9rie de eventos de prepara\u00e7\u00e3o para a Fenagri 2021.<\/p>\n\n\n\n<p><em>\u201cEm julho iremos realizar um webinar com o tema \u2018A realidade ampliada do Nordeste &#8211; Transposi\u00e7\u00e3o do Rio S\u00e3o Francisco\u2019 reunindo nomes importantes ligados ao tema&#8221;<\/em>, adiantou. Miguel Coelho destacou ainda que a fruticultura irrigada no Vale do S\u00e3o Francisco movimenta cerca de R$ 1,5 bilh\u00f5es por ano, gera 250 mil empregos e responde por 98% das exporta\u00e7\u00f5es nacionais de uvas de mesa e 87% de mangas.<\/p>\n\n\n\n<p>Em fun\u00e7\u00e3o da pandemia da Covid \u2013 19, os organizadores da Fenagri 2021 montaram um plano de biosseguran\u00e7a incluindo regras como o uso obrigat\u00f3rio da m\u00e1scara; \u00e1lcool gel espalhados por diversos pontos; n\u00e3o ser\u00e1 permitido aglomera\u00e7\u00e3o; controle de fluxo nos ambientes; alimenta\u00e7\u00e3o concentrada apenas na pra\u00e7a principal; controle de distanciamento entre as pessoas e a proibi\u00e7\u00e3o de coffee breaks nos estandes.<\/p>\n\n\n\n<div class=\"wp-block-image\"><figure class=\"aligncenter size-large\"><a href=\"https:\/\/i0.wp.com\/blogdoeloiltoncajuhy.com.br\/site\/wp-content\/uploads\/2021\/04\/Fenagri_2021-03.jpeg\"><img data-recalc-dims=\"1\" decoding=\"async\" width=\"800\" height=\"533\" src=\"https:\/\/i0.wp.com\/blogdoeloiltoncajuhy.com.br\/site\/wp-content\/uploads\/2021\/04\/Fenagri_2021-03.jpeg?resize=800%2C533\" alt=\"\" class=\"wp-image-55701\" srcset=\"https:\/\/i0.wp.com\/blogdoeloiltoncajuhy.com.br\/site\/wp-content\/uploads\/2021\/04\/Fenagri_2021-03.jpeg?resize=1024%2C682&amp;ssl=1 1024w, https:\/\/i0.wp.com\/blogdoeloiltoncajuhy.com.br\/site\/wp-content\/uploads\/2021\/04\/Fenagri_2021-03.jpeg?resize=300%2C200&amp;ssl=1 300w, https:\/\/i0.wp.com\/blogdoeloiltoncajuhy.com.br\/site\/wp-content\/uploads\/2021\/04\/Fenagri_2021-03.jpeg?resize=768%2C512&amp;ssl=1 768w, https:\/\/i0.wp.com\/blogdoeloiltoncajuhy.com.br\/site\/wp-content\/uploads\/2021\/04\/Fenagri_2021-03.jpeg?w=1280&amp;ssl=1 1280w\" sizes=\"(max-width: 800px) 100vw, 800px\" \/><\/a><\/figure><\/div>\n\n\n\n<p>Mais informa\u00e7\u00f5es: <a href=\"http:\/\/www.fenagri2021.com.br\" data-type=\"URL\" data-id=\"www.fenagri2021.com.br\" target=\"_blank\" rel=\"noreferrer noopener\">www.fenagri2021.com.br<\/a><\/p>\n","protected":false},"excerpt":{"rendered":"<p>O impacto do agroneg\u00f3cio no ODS 2 (Objetivos de Desenvolvimento Sustent\u00e1vel) &#8211; Fome Zero e Agricultura Sustent\u00e1vel Investimento Social Privado. Este \u00e9 o tema do lan\u00e7amento da Feira Nacional de Agricultura Irrigada (Fenagri 2021), que ser\u00e1 realizado com um debate ao vivo nesta quinta-feira (22) das 13h \u00e0s 14h30, no programa Agro 360 atrav\u00e9s do [&hellip;]<\/p>\n","protected":false},"author":2,"featured_media":55701,"comment_status":"open","ping_status":"open","sticky":false,"template":"","format":"standard","meta":{"_acf_changed":false,"_monsterinsights_skip_tracking":false,"_monsterinsights_sitenote_active":false,"_monsterinsights_sitenote_note":"","_monsterinsights_sitenote_category":0,"_jetpack_memberships_contains_paid_content":false,"footnotes":"","jetpack_publicize_message":"","jetpack_publicize_feature_enabled":true,"jetpack_social_post_already_shared":true,"jetpack_social_options":{"image_generator_settings":{"template":"highway","default_image_id":0,"font":"","enabled":false},"version":2}},"categories":[1],"tags":[],"class_list":["post-55698","post","type-post","status-publish","format-standard","has-post-thumbnail","hentry","category-noticias"],"acf":[],"jetpack_publicize_connections":[],"jetpack_featured_media_url":"https:\/\/i0.wp.com\/blogdoeloiltoncajuhy.com.br\/site\/wp-content\/uploads\/2021\/04\/Fenagri_2021-03.jpeg?fit=1280%2C853&ssl=1","jetpack_sharing_enabled":true,"publishpress_future_workflow_manual_trigger":{"enabledWorkflows":[]},"_links":{"self":[{"href":"https:\/\/blogdoeloiltoncajuhy.com.br\/site\/wp-json\/wp\/v2\/posts\/55698","targetHints":{"allow":["GET"]}}],"collection":[{"href":"https:\/\/blogdoeloiltoncajuhy.com.br\/site\/wp-json\/wp\/v2\/posts"}],"about":[{"href":"https:\/\/blogdoeloiltoncajuhy.com.br\/site\/wp-json\/wp\/v2\/types\/post"}],"author":[{"embeddable":true,"href":"https:\/\/blogdoeloiltoncajuhy.com.br\/site\/wp-json\/wp\/v2\/users\/2"}],"replies":[{"embeddable":true,"href":"https:\/\/blogdoeloiltoncajuhy.com.br\/site\/wp-json\/wp\/v2\/comments?post=55698"}],"version-history":[{"count":2,"href":"https:\/\/blogdoeloiltoncajuhy.com.br\/site\/wp-json\/wp\/v2\/posts\/55698\/revisions"}],"predecessor-version":[{"id":55703,"href":"https:\/\/blogdoeloiltoncajuhy.com.br\/site\/wp-json\/wp\/v2\/posts\/55698\/revisions\/55703"}],"wp:featuredmedia":[{"embeddable":true,"href":"https:\/\/blogdoeloiltoncajuhy.com.br\/site\/wp-json\/wp\/v2\/media\/55701"}],"wp:attachment":[{"href":"https:\/\/blogdoeloiltoncajuhy.com.br\/site\/wp-json\/wp\/v2\/media?parent=55698"}],"wp:term":[{"taxonomy":"category","embeddable":true,"href":"https:\/\/blogdoeloiltoncajuhy.com.br\/site\/wp-json\/wp\/v2\/categories?post=55698"},{"taxonomy":"post_tag","embeddable":true,"href":"https:\/\/blogdoeloiltoncajuhy.com.br\/site\/wp-json\/wp\/v2\/tags?post=55698"}],"curies":[{"name":"wp","href":"https:\/\/api.w.org\/{rel}","templated":true}]}}