{"id":55689,"date":"2021-04-17T10:50:32","date_gmt":"2021-04-17T13:50:32","guid":{"rendered":"http:\/\/blogdoeloiltoncajuhy.com.br\/site\/?p=55689"},"modified":"2021-04-17T10:50:33","modified_gmt":"2021-04-17T13:50:33","slug":"mineradora-mostra-interesse-em-explorar-quartzo-e-feldspato-em-andorinha","status":"publish","type":"post","link":"https:\/\/blogdoeloiltoncajuhy.com.br\/site\/mineradora-mostra-interesse-em-explorar-quartzo-e-feldspato-em-andorinha\/","title":{"rendered":"Mineradora mostra interesse em explorar quartzo e feldspato em Andorinha"},"content":{"rendered":"\n<div class=\"wp-block-image\"><figure class=\"aligncenter size-large\"><a href=\"https:\/\/i0.wp.com\/blogdoeloiltoncajuhy.com.br\/site\/wp-content\/uploads\/2021\/04\/PMA_MineradoraBJM_01.jpeg\"><img data-recalc-dims=\"1\" fetchpriority=\"high\" decoding=\"async\" width=\"800\" height=\"448\" src=\"https:\/\/i0.wp.com\/blogdoeloiltoncajuhy.com.br\/site\/wp-content\/uploads\/2021\/04\/PMA_MineradoraBJM_01.jpeg?resize=800%2C448\" alt=\"\" class=\"wp-image-55690\" srcset=\"https:\/\/i0.wp.com\/blogdoeloiltoncajuhy.com.br\/site\/wp-content\/uploads\/2021\/04\/PMA_MineradoraBJM_01.jpeg?resize=1024%2C574&amp;ssl=1 1024w, https:\/\/i0.wp.com\/blogdoeloiltoncajuhy.com.br\/site\/wp-content\/uploads\/2021\/04\/PMA_MineradoraBJM_01.jpeg?resize=300%2C168&amp;ssl=1 300w, https:\/\/i0.wp.com\/blogdoeloiltoncajuhy.com.br\/site\/wp-content\/uploads\/2021\/04\/PMA_MineradoraBJM_01.jpeg?resize=768%2C431&amp;ssl=1 768w, https:\/\/i0.wp.com\/blogdoeloiltoncajuhy.com.br\/site\/wp-content\/uploads\/2021\/04\/PMA_MineradoraBJM_01.jpeg?w=1280&amp;ssl=1 1280w\" sizes=\"(max-width: 800px) 100vw, 800px\" \/><\/a><\/figure><\/div>\n\n\n\n<p>A equipe da Superintend\u00eancia de Meio Ambiente da Secretaria de Desenvolvimento Rural e Meio Ambiente, na \u00faltima quarta-feira (14), realizou uma visita t\u00e9cnica em \u00e1rea com potencial de explora\u00e7\u00e3o de Quartzo e Feldspato, na Fazenda Pared\u00e3o, que faz divisa com os munic\u00edpio de Andorinha e Jaguarari.<\/p>\n\n\n\n<p>A empresa BMJ Min\u00e9rios, tem demonstrado interesse na explora\u00e7\u00e3o dos minerais no munic\u00edpio. Eles t\u00eam desenvolvido diversos estudos e solicitaram junto \u00e0 Secretaria, a Licen\u00e7a Ambiental para entrar com o maquin\u00e1rio e dar in\u00edcio as obras.<\/p>\n\n\n\n<p>O objetivo da mineradora \u00e9, futuramente, montar um Parque Industrial em Andorinha, voltado para a minera\u00e7\u00e3o, onde contar\u00e1 com diferentes ind\u00fastrias e empresas, que v\u00e3o processar o material, entre elas escola de lapida\u00e7\u00e3o, ind\u00fastria de pr\u00e9-moldados, de m\u00e1rmore, entre outros.<\/p>\n\n\n\n<p>A visita foi realizada pelo coordenador de controle e recupera\u00e7\u00e3o ambiental, Elton Jonies e o engenheiro ambiental, Marcondes Menezes, para verificar a necessidade de retirada da vegeta\u00e7\u00e3o da \u00e1rea a ser explorada, concluindo que isso n\u00e3o ser\u00e1 necess\u00e1rio, tendo em vista que a \u00e1rea \u00e9 de pastagem. Dessa forma, n\u00e3o ser\u00e1 necess\u00e1rio a supress\u00e3o, uma das exig\u00eancias para emiss\u00e3o da Licen\u00e7a Ambiental.<\/p>\n\n\n\n<div class=\"wp-block-image\"><figure class=\"aligncenter size-large\"><a href=\"https:\/\/i0.wp.com\/blogdoeloiltoncajuhy.com.br\/site\/wp-content\/uploads\/2021\/04\/PMA_MineradoraBJM_02.jpeg\"><img data-recalc-dims=\"1\" decoding=\"async\" width=\"800\" height=\"600\" src=\"https:\/\/i0.wp.com\/blogdoeloiltoncajuhy.com.br\/site\/wp-content\/uploads\/2021\/04\/PMA_MineradoraBJM_02.jpeg?resize=800%2C600\" alt=\"\" class=\"wp-image-55691\" srcset=\"https:\/\/i0.wp.com\/blogdoeloiltoncajuhy.com.br\/site\/wp-content\/uploads\/2021\/04\/PMA_MineradoraBJM_02.jpeg?resize=1024%2C768&amp;ssl=1 1024w, https:\/\/i0.wp.com\/blogdoeloiltoncajuhy.com.br\/site\/wp-content\/uploads\/2021\/04\/PMA_MineradoraBJM_02.jpeg?resize=300%2C225&amp;ssl=1 300w, https:\/\/i0.wp.com\/blogdoeloiltoncajuhy.com.br\/site\/wp-content\/uploads\/2021\/04\/PMA_MineradoraBJM_02.jpeg?resize=768%2C576&amp;ssl=1 768w, https:\/\/i0.wp.com\/blogdoeloiltoncajuhy.com.br\/site\/wp-content\/uploads\/2021\/04\/PMA_MineradoraBJM_02.jpeg?w=1280&amp;ssl=1 1280w\" sizes=\"(max-width: 800px) 100vw, 800px\" \/><\/a><\/figure><\/div>\n","protected":false},"excerpt":{"rendered":"<p>A equipe da Superintend\u00eancia de Meio Ambiente da Secretaria de Desenvolvimento Rural e Meio Ambiente, na \u00faltima quarta-feira (14), realizou uma visita t\u00e9cnica em \u00e1rea com potencial de explora\u00e7\u00e3o de Quartzo e Feldspato, na Fazenda Pared\u00e3o, que faz divisa com os munic\u00edpio de Andorinha e Jaguarari. A empresa BMJ Min\u00e9rios, tem demonstrado interesse na explora\u00e7\u00e3o [&hellip;]<\/p>\n","protected":false},"author":2,"featured_media":55691,"comment_status":"open","ping_status":"open","sticky":false,"template":"","format":"standard","meta":{"_acf_changed":false,"_monsterinsights_skip_tracking":false,"_monsterinsights_sitenote_active":false,"_monsterinsights_sitenote_note":"","_monsterinsights_sitenote_category":0,"_jetpack_memberships_contains_paid_content":false,"footnotes":"","jetpack_publicize_message":"","jetpack_publicize_feature_enabled":true,"jetpack_social_post_already_shared":true,"jetpack_social_options":{"image_generator_settings":{"template":"highway","default_image_id":0,"font":"","enabled":false},"version":2}},"categories":[11],"tags":[],"class_list":["post-55689","post","type-post","status-publish","format-standard","has-post-thumbnail","hentry","category-regional"],"acf":[],"jetpack_publicize_connections":[],"jetpack_featured_media_url":"https:\/\/i0.wp.com\/blogdoeloiltoncajuhy.com.br\/site\/wp-content\/uploads\/2021\/04\/PMA_MineradoraBJM_02.jpeg?fit=1280%2C960&ssl=1","jetpack_sharing_enabled":true,"publishpress_future_workflow_manual_trigger":{"enabledWorkflows":[]},"_links":{"self":[{"href":"https:\/\/blogdoeloiltoncajuhy.com.br\/site\/wp-json\/wp\/v2\/posts\/55689","targetHints":{"allow":["GET"]}}],"collection":[{"href":"https:\/\/blogdoeloiltoncajuhy.com.br\/site\/wp-json\/wp\/v2\/posts"}],"about":[{"href":"https:\/\/blogdoeloiltoncajuhy.com.br\/site\/wp-json\/wp\/v2\/types\/post"}],"author":[{"embeddable":true,"href":"https:\/\/blogdoeloiltoncajuhy.com.br\/site\/wp-json\/wp\/v2\/users\/2"}],"replies":[{"embeddable":true,"href":"https:\/\/blogdoeloiltoncajuhy.com.br\/site\/wp-json\/wp\/v2\/comments?post=55689"}],"version-history":[{"count":1,"href":"https:\/\/blogdoeloiltoncajuhy.com.br\/site\/wp-json\/wp\/v2\/posts\/55689\/revisions"}],"predecessor-version":[{"id":55692,"href":"https:\/\/blogdoeloiltoncajuhy.com.br\/site\/wp-json\/wp\/v2\/posts\/55689\/revisions\/55692"}],"wp:featuredmedia":[{"embeddable":true,"href":"https:\/\/blogdoeloiltoncajuhy.com.br\/site\/wp-json\/wp\/v2\/media\/55691"}],"wp:attachment":[{"href":"https:\/\/blogdoeloiltoncajuhy.com.br\/site\/wp-json\/wp\/v2\/media?parent=55689"}],"wp:term":[{"taxonomy":"category","embeddable":true,"href":"https:\/\/blogdoeloiltoncajuhy.com.br\/site\/wp-json\/wp\/v2\/categories?post=55689"},{"taxonomy":"post_tag","embeddable":true,"href":"https:\/\/blogdoeloiltoncajuhy.com.br\/site\/wp-json\/wp\/v2\/tags?post=55689"}],"curies":[{"name":"wp","href":"https:\/\/api.w.org\/{rel}","templated":true}]}}