{"id":55686,"date":"2021-04-17T10:05:27","date_gmt":"2021-04-17T13:05:27","guid":{"rendered":"http:\/\/blogdoeloiltoncajuhy.com.br\/site\/?p=55686"},"modified":"2021-04-17T10:05:29","modified_gmt":"2021-04-17T13:05:29","slug":"juiz-determina-perda-do-cargo-do-promotor-de-justica-de-almiro-sena-apos-condenacao-por-assedio-sexual","status":"publish","type":"post","link":"https:\/\/blogdoeloiltoncajuhy.com.br\/site\/juiz-determina-perda-do-cargo-do-promotor-de-justica-de-almiro-sena-apos-condenacao-por-assedio-sexual\/","title":{"rendered":"Juiz determina perda do cargo do promotor de Justi\u00e7a de Almiro Sena ap\u00f3s condena\u00e7\u00e3o por ass\u00e9dio sexual"},"content":{"rendered":"\n<h5 class=\"has-text-align-center wp-block-heading\"><em>A\u00e7\u00e3o civil p\u00fablica \u00e9 de autoria do MP-BA. Despacho foi publicado no Di\u00e1rio de Justi\u00e7a Eletr\u00f4nico da quinta-feira (15)<\/em><\/h5>\n\n\n\n<div class=\"wp-block-image\"><figure class=\"aligncenter size-large\"><a href=\"https:\/\/i0.wp.com\/blogdoeloiltoncajuhy.com.br\/site\/wp-content\/uploads\/2017\/07\/promotor-almiro-sena-acusa%C3%A7%C3%A3o-ass%C3%A9dio.jpg\"><img data-recalc-dims=\"1\" fetchpriority=\"high\" decoding=\"async\" width=\"800\" height=\"450\" src=\"https:\/\/i0.wp.com\/blogdoeloiltoncajuhy.com.br\/site\/wp-content\/uploads\/2017\/07\/promotor-almiro-sena-acusa%C3%A7%C3%A3o-ass%C3%A9dio.jpg?resize=800%2C450\" alt=\"\" class=\"wp-image-18665\" srcset=\"https:\/\/i0.wp.com\/blogdoeloiltoncajuhy.com.br\/site\/wp-content\/uploads\/2017\/07\/promotor-almiro-sena-acusa%C3%A7%C3%A3o-ass%C3%A9dio.jpg?w=984&amp;ssl=1 984w, https:\/\/i0.wp.com\/blogdoeloiltoncajuhy.com.br\/site\/wp-content\/uploads\/2017\/07\/promotor-almiro-sena-acusa%C3%A7%C3%A3o-ass%C3%A9dio.jpg?resize=300%2C169&amp;ssl=1 300w, https:\/\/i0.wp.com\/blogdoeloiltoncajuhy.com.br\/site\/wp-content\/uploads\/2017\/07\/promotor-almiro-sena-acusa%C3%A7%C3%A3o-ass%C3%A9dio.jpg?resize=768%2C432&amp;ssl=1 768w, https:\/\/i0.wp.com\/blogdoeloiltoncajuhy.com.br\/site\/wp-content\/uploads\/2017\/07\/promotor-almiro-sena-acusa%C3%A7%C3%A3o-ass%C3%A9dio.jpg?resize=250%2C141&amp;ssl=1 250w\" sizes=\"(max-width: 800px) 100vw, 800px\" \/><\/a><figcaption><em>Foto: Reprodu\u00e7\u00e3o<\/em><\/figcaption><\/figure><\/div>\n\n\n\n<p>O promotor de Justi\u00e7a Almiro Sena, condenado em 2018 pelo Tribunal de Justi\u00e7a da Bahia (TJ-BA) por ass\u00e9dio sexual de servidoras, teve a perda do cargo decretada pelo juiz George James, da 4\u00aa Vara C\u00edvel de Salvador. O despacho foi publicado no Di\u00e1rio de Justi\u00e7a Eletr\u00f4nico da quinta-feira (15).<\/p>\n\n\n\n<p>A a\u00e7\u00e3o civil p\u00fablica foi de autoria do Minist\u00e9rio P\u00fablico da Bahia (MP-BA) e, segundo informa\u00e7\u00f5es do TJ-BA, a decis\u00e3o ainda cabe recurso.<\/p>\n\n\n\n<p>O G1 tentou, mas n\u00e3o conseguiu contato com a defesa do promotor Almiro Sena, para comentar a decis\u00e3o.<\/p>\n\n\n\n<p>No documento, o MP-BA afirma que Almiro Sena ocupa o cargo vital\u00edcio de promotor de Justi\u00e7a do \u00f3rg\u00e3o p\u00fablico e que, ap\u00f3s regular processo administrativo disciplinar, foi demitido daquele cargo pelo Conselho Nacional do Minist\u00e9rio P\u00fablico.<\/p>\n\n\n\n<p>Por causa disso, o MP-BA pediu para que seja decretada a perda do cargo do r\u00e9u, o que s\u00f3 se pode obter ap\u00f3s o tr\u00e2nsito em julgado de senten\u00e7a judicial a ser proferida em processo instaurado para esse fim, como \u00e9 o caso do processo.<\/p>\n\n\n\n<p>Ainda no documento, o Minist\u00e9rio P\u00fablico informou que Almiro Sena respondeu \u00e0 demanda e disse que havia a necessidade de suspender o processo, j\u00e1 que h\u00e1 uma senten\u00e7a penal transitada em julgado.<\/p>\n\n\n\n<p class=\"has-black-color has-text-color has-medium-font-size\"><strong>Relembre o caso<\/strong><\/p>\n\n\n\n<p>O promotor de Justi\u00e7a Almiro Sena foi condenado em dezembro de 2018 a quatro anos, cinco meses e 15 dias de pris\u00e3o, em regime semiaberto, por ass\u00e9dio sexual contra servidoras da Secretaria de Justi\u00e7a e Direitos Humanos do Estado.<\/p>\n\n\n\n<p>Os casos de ass\u00e9dio aconteceram em 2014, quando Almiro Sena era titular da Secretaria de Justi\u00e7a e Direitos Humanos do Estado. Sena ficou \u00e0 frente da pasta de janeiro de 2011 at\u00e9 janeiro de 2014.<\/p>\n\n\n\n<p>O promotor j\u00e1 havia sido preso, mas deixou o 12\u00ba Batalh\u00e3o da Pol\u00edcia Militar no dia 21 de julho de 2017, ap\u00f3s a Justi\u00e7a converter a pris\u00e3o preventiva do promotor em pris\u00e3o domiciliar. Ele ficou preso durante seis dias.<\/p>\n\n\n\n<p>Almiro Sena pediu exonera\u00e7\u00e3o do cargo de secret\u00e1rio de Justi\u00e7a em janeiro de 2014, ap\u00f3s as den\u00fancias feitas por servidoras da pasta.<\/p>\n","protected":false},"excerpt":{"rendered":"<p>A\u00e7\u00e3o civil p\u00fablica \u00e9 de autoria do MP-BA. Despacho foi publicado no Di\u00e1rio de Justi\u00e7a Eletr\u00f4nico da quinta-feira (15) O promotor de Justi\u00e7a Almiro Sena, condenado em 2018 pelo Tribunal de Justi\u00e7a da Bahia (TJ-BA) por ass\u00e9dio sexual de servidoras, teve a perda do cargo decretada pelo juiz George James, da 4\u00aa Vara C\u00edvel de [&hellip;]<\/p>\n","protected":false},"author":2,"featured_media":18665,"comment_status":"open","ping_status":"open","sticky":false,"template":"","format":"standard","meta":{"_acf_changed":false,"_monsterinsights_skip_tracking":false,"_monsterinsights_sitenote_active":false,"_monsterinsights_sitenote_note":"","_monsterinsights_sitenote_category":0,"_jetpack_memberships_contains_paid_content":false,"footnotes":"","jetpack_publicize_message":"","jetpack_publicize_feature_enabled":true,"jetpack_social_post_already_shared":true,"jetpack_social_options":{"image_generator_settings":{"template":"highway","default_image_id":0,"font":"","enabled":false},"version":2}},"categories":[1],"tags":[],"class_list":["post-55686","post","type-post","status-publish","format-standard","has-post-thumbnail","hentry","category-noticias"],"acf":[],"jetpack_publicize_connections":[],"jetpack_featured_media_url":"https:\/\/i0.wp.com\/blogdoeloiltoncajuhy.com.br\/site\/wp-content\/uploads\/2017\/07\/promotor-almiro-sena-acusa%C3%A7%C3%A3o-ass%C3%A9dio.jpg?fit=984%2C554&ssl=1","jetpack_sharing_enabled":true,"publishpress_future_workflow_manual_trigger":{"enabledWorkflows":[]},"_links":{"self":[{"href":"https:\/\/blogdoeloiltoncajuhy.com.br\/site\/wp-json\/wp\/v2\/posts\/55686","targetHints":{"allow":["GET"]}}],"collection":[{"href":"https:\/\/blogdoeloiltoncajuhy.com.br\/site\/wp-json\/wp\/v2\/posts"}],"about":[{"href":"https:\/\/blogdoeloiltoncajuhy.com.br\/site\/wp-json\/wp\/v2\/types\/post"}],"author":[{"embeddable":true,"href":"https:\/\/blogdoeloiltoncajuhy.com.br\/site\/wp-json\/wp\/v2\/users\/2"}],"replies":[{"embeddable":true,"href":"https:\/\/blogdoeloiltoncajuhy.com.br\/site\/wp-json\/wp\/v2\/comments?post=55686"}],"version-history":[{"count":2,"href":"https:\/\/blogdoeloiltoncajuhy.com.br\/site\/wp-json\/wp\/v2\/posts\/55686\/revisions"}],"predecessor-version":[{"id":55688,"href":"https:\/\/blogdoeloiltoncajuhy.com.br\/site\/wp-json\/wp\/v2\/posts\/55686\/revisions\/55688"}],"wp:featuredmedia":[{"embeddable":true,"href":"https:\/\/blogdoeloiltoncajuhy.com.br\/site\/wp-json\/wp\/v2\/media\/18665"}],"wp:attachment":[{"href":"https:\/\/blogdoeloiltoncajuhy.com.br\/site\/wp-json\/wp\/v2\/media?parent=55686"}],"wp:term":[{"taxonomy":"category","embeddable":true,"href":"https:\/\/blogdoeloiltoncajuhy.com.br\/site\/wp-json\/wp\/v2\/categories?post=55686"},{"taxonomy":"post_tag","embeddable":true,"href":"https:\/\/blogdoeloiltoncajuhy.com.br\/site\/wp-json\/wp\/v2\/tags?post=55686"}],"curies":[{"name":"wp","href":"https:\/\/api.w.org\/{rel}","templated":true}]}}