{"id":55680,"date":"2021-04-17T08:58:31","date_gmt":"2021-04-17T11:58:31","guid":{"rendered":"http:\/\/blogdoeloiltoncajuhy.com.br\/site\/?p=55680"},"modified":"2021-04-17T08:58:32","modified_gmt":"2021-04-17T11:58:32","slug":"conecta-bahia-levara-wi-fi-gratuito-a-cidades-baianas","status":"publish","type":"post","link":"https:\/\/blogdoeloiltoncajuhy.com.br\/site\/conecta-bahia-levara-wi-fi-gratuito-a-cidades-baianas\/","title":{"rendered":"Conecta Bahia levar\u00e1 Wi-Fi gratuito a cidades baianas"},"content":{"rendered":"\n<div class=\"wp-block-image\"><figure class=\"aligncenter size-full is-resized\"><a href=\"https:\/\/i0.wp.com\/blogdoeloiltoncajuhy.com.br\/site\/wp-content\/uploads\/2017\/10\/educa%C3%A7%C3%A3o-estrutura-internet.jpg\"><img data-recalc-dims=\"1\" fetchpriority=\"high\" decoding=\"async\" src=\"https:\/\/i0.wp.com\/blogdoeloiltoncajuhy.com.br\/site\/wp-content\/uploads\/2017\/10\/educa%C3%A7%C3%A3o-estrutura-internet.jpg?resize=770%2C408\" alt=\"\" class=\"wp-image-21032\" width=\"770\" height=\"408\" srcset=\"https:\/\/i0.wp.com\/blogdoeloiltoncajuhy.com.br\/site\/wp-content\/uploads\/2017\/10\/educa%C3%A7%C3%A3o-estrutura-internet.jpg?w=560&amp;ssl=1 560w, https:\/\/i0.wp.com\/blogdoeloiltoncajuhy.com.br\/site\/wp-content\/uploads\/2017\/10\/educa%C3%A7%C3%A3o-estrutura-internet.jpg?resize=300%2C159&amp;ssl=1 300w, https:\/\/i0.wp.com\/blogdoeloiltoncajuhy.com.br\/site\/wp-content\/uploads\/2017\/10\/educa%C3%A7%C3%A3o-estrutura-internet.jpg?resize=250%2C133&amp;ssl=1 250w\" sizes=\"(max-width: 770px) 100vw, 770px\" \/><\/a><\/figure><\/div>\n\n\n\n<p>Implantar internet Wi-Fi gratuita e de alta qualidade em pra\u00e7as de diversos munic\u00edpios do interior baiano. Esse \u00e9 o objetivo do projeto Conecta Bahia, da Secretaria de Ci\u00eancia, Tecnologia e Inova\u00e7\u00e3o (Secti), que chegar\u00e1 a 54 cidades, entre 2021 e 2022.<\/p>\n\n\n\n<p>A a\u00e7\u00e3o \u00e9 um importante passo na populariza\u00e7\u00e3o da internet no estado, oferecendo conex\u00e3o a internet de forma gratuita, possibilitando ao cidad\u00e3o acesso a uma variedade de servi\u00e7os dispon\u00edveis na grande rede, como o SAC digital.<\/p>\n\n\n\n<p>O coordenador geral de Infraestrutura de TI da Secti, Grinaldo de Oliveira, explica que, para al\u00e9m da capacidade de fornecer o acesso gratuito ao WiFi e aos servi\u00e7os que podem ser acessados por ele, o Conecta Bahia pode se tornar uma boa ferramenta de comunica\u00e7\u00e3o entre a gest\u00e3o p\u00fablica e a popula\u00e7\u00e3o, integrando os cidad\u00e3os \u00e0s iniciativas dos governos estadual e municipais.<\/p>\n\n\n\n<p><em>\u201cPor interm\u00e9dio da utiliza\u00e7\u00e3o da tecnologia WIFI em pra\u00e7as, a administra\u00e7\u00e3o p\u00fablica poder\u00e1 entender melhor as demandas da popula\u00e7\u00e3o, criando um canal ativo de participa\u00e7\u00e3o do cidad\u00e3o. No futuro, essas informa\u00e7\u00f5es podem, inclusive, servir de base para a cria\u00e7\u00e3o de pol\u00edticas p\u00fablicas\u201d<\/em>, afirma Grinaldo de Oliveira.<\/p>\n\n\n\n<p>Para a secret\u00e1ria de Ci\u00eancia, Tecnologia e Inova\u00e7\u00e3o da Bahia, Ad\u00e9lia Pinheiro, as pra\u00e7as sempre representaram um elo entre a cidade e as pessoas que vivem nela. <em>\u201cCada pra\u00e7a conta uma hist\u00f3ria diferente. \u00c9 l\u00e1 que muitas pessoas se conheceram, tiveram diversos momentos de lazer, encontros, eventos, etc. \u00c9 uma cultura caracter\u00edstica do nosso povo e das nossas cidades interioranas. Pensando em levar internet a um lugar p\u00fablico que re\u00fana a popula\u00e7\u00e3o local, o projeto Conecta Bahia vai permitir o acesso ao Wi-Fi para que o cidad\u00e3o, acima de tudo, tenha o direito de exercer \u00e0 cidadania, seja atrav\u00e9s da busca por atendimentos, informa\u00e7\u00f5es ou lazer\u201d<\/em>, destaca.<\/p>\n\n\n\n<p>Ad\u00e9lia ressalta que o projeto poder\u00e1 ser ampliado e contemplar pra\u00e7as da ci\u00eancia ou pr\u00e9dios p\u00fablicos da cidade. Al\u00e9m disso, ao fomentar a cultura da internet localmente, h\u00e1 uma expectativa para despertar pessoas em rela\u00e7\u00e3o a \u00e1rea de ci\u00eancia, tecnologia e inova\u00e7\u00e3o, e incentivar o uso das redes sociais para que fiquem por dentro das ferramentas digitais do Governo. No total, cada ponto vai permitir que at\u00e9 250 pessoas possam utilizar a rede simultaneamente, que contar\u00e1 com placas informativas sobre o uso da tecnologia.<\/p>\n\n\n\n<p><em>\u201cO Governo do Estado considera a banda larga como estrat\u00e9gia estruturante, transversal e fundamental para o desenvolvimento econ\u00f4mico e social da Bahia, por isso, entre as 54 cidades, ao menos dois munic\u00edpios de cada territ\u00f3rio do Estado ser\u00e3o contemplados\u201d<\/em>, conclui Ad\u00e9lia.<\/p>\n","protected":false},"excerpt":{"rendered":"<p>Implantar internet Wi-Fi gratuita e de alta qualidade em pra\u00e7as de diversos munic\u00edpios do interior baiano. Esse \u00e9 o objetivo do projeto Conecta Bahia, da Secretaria de Ci\u00eancia, Tecnologia e Inova\u00e7\u00e3o (Secti), que chegar\u00e1 a 54 cidades, entre 2021 e 2022. A a\u00e7\u00e3o \u00e9 um importante passo na populariza\u00e7\u00e3o da internet no estado, oferecendo conex\u00e3o [&hellip;]<\/p>\n","protected":false},"author":2,"featured_media":21032,"comment_status":"open","ping_status":"open","sticky":false,"template":"","format":"standard","meta":{"_acf_changed":false,"_monsterinsights_skip_tracking":false,"_monsterinsights_sitenote_active":false,"_monsterinsights_sitenote_note":"","_monsterinsights_sitenote_category":0,"_jetpack_memberships_contains_paid_content":false,"footnotes":"","jetpack_publicize_message":"","jetpack_publicize_feature_enabled":true,"jetpack_social_post_already_shared":true,"jetpack_social_options":{"image_generator_settings":{"template":"highway","default_image_id":0,"font":"","enabled":false},"version":2}},"categories":[1],"tags":[],"class_list":["post-55680","post","type-post","status-publish","format-standard","has-post-thumbnail","hentry","category-noticias"],"acf":[],"jetpack_publicize_connections":[],"jetpack_featured_media_url":"https:\/\/i0.wp.com\/blogdoeloiltoncajuhy.com.br\/site\/wp-content\/uploads\/2017\/10\/educa%C3%A7%C3%A3o-estrutura-internet.jpg?fit=560%2C297&ssl=1","jetpack_sharing_enabled":true,"publishpress_future_workflow_manual_trigger":{"enabledWorkflows":[]},"_links":{"self":[{"href":"https:\/\/blogdoeloiltoncajuhy.com.br\/site\/wp-json\/wp\/v2\/posts\/55680","targetHints":{"allow":["GET"]}}],"collection":[{"href":"https:\/\/blogdoeloiltoncajuhy.com.br\/site\/wp-json\/wp\/v2\/posts"}],"about":[{"href":"https:\/\/blogdoeloiltoncajuhy.com.br\/site\/wp-json\/wp\/v2\/types\/post"}],"author":[{"embeddable":true,"href":"https:\/\/blogdoeloiltoncajuhy.com.br\/site\/wp-json\/wp\/v2\/users\/2"}],"replies":[{"embeddable":true,"href":"https:\/\/blogdoeloiltoncajuhy.com.br\/site\/wp-json\/wp\/v2\/comments?post=55680"}],"version-history":[{"count":2,"href":"https:\/\/blogdoeloiltoncajuhy.com.br\/site\/wp-json\/wp\/v2\/posts\/55680\/revisions"}],"predecessor-version":[{"id":55682,"href":"https:\/\/blogdoeloiltoncajuhy.com.br\/site\/wp-json\/wp\/v2\/posts\/55680\/revisions\/55682"}],"wp:featuredmedia":[{"embeddable":true,"href":"https:\/\/blogdoeloiltoncajuhy.com.br\/site\/wp-json\/wp\/v2\/media\/21032"}],"wp:attachment":[{"href":"https:\/\/blogdoeloiltoncajuhy.com.br\/site\/wp-json\/wp\/v2\/media?parent=55680"}],"wp:term":[{"taxonomy":"category","embeddable":true,"href":"https:\/\/blogdoeloiltoncajuhy.com.br\/site\/wp-json\/wp\/v2\/categories?post=55680"},{"taxonomy":"post_tag","embeddable":true,"href":"https:\/\/blogdoeloiltoncajuhy.com.br\/site\/wp-json\/wp\/v2\/tags?post=55680"}],"curies":[{"name":"wp","href":"https:\/\/api.w.org\/{rel}","templated":true}]}}