{"id":55677,"date":"2021-04-17T08:49:39","date_gmt":"2021-04-17T11:49:39","guid":{"rendered":"http:\/\/blogdoeloiltoncajuhy.com.br\/site\/?p=55677"},"modified":"2021-04-17T08:49:40","modified_gmt":"2021-04-17T11:49:40","slug":"governo-prorroga-toque-de-recolher-e-proibicao-de-shows-e-festas-em-toda-a-bahia","status":"publish","type":"post","link":"https:\/\/blogdoeloiltoncajuhy.com.br\/site\/governo-prorroga-toque-de-recolher-e-proibicao-de-shows-e-festas-em-toda-a-bahia\/","title":{"rendered":"Governo prorroga toque de recolher e proibi\u00e7\u00e3o de shows e festas em toda a Bahia"},"content":{"rendered":"\n<figure class=\"wp-block-gallery aligncenter columns-1 is-cropped wp-block-gallery-1 is-layout-flex wp-block-gallery-is-layout-flex\"><ul class=\"blocks-gallery-grid\"><li class=\"blocks-gallery-item\"><figure><a href=\"https:\/\/i0.wp.com\/blogdoeloiltoncajuhy.com.br\/site\/wp-content\/uploads\/2020\/03\/coronavirus_2.jpg\"><img data-recalc-dims=\"1\" fetchpriority=\"high\" decoding=\"async\" width=\"360\" height=\"240\" src=\"https:\/\/i0.wp.com\/blogdoeloiltoncajuhy.com.br\/site\/wp-content\/uploads\/2020\/03\/coronavirus_2.jpg?resize=360%2C240\" alt=\"\" data-id=\"42208\" data-full-url=\"http:\/\/blogdoeloiltoncajuhy.com.br\/site\/wp-content\/uploads\/2020\/03\/coronavirus_2.jpg\" data-link=\"http:\/\/blogdoeloiltoncajuhy.com.br\/site\/coronavirus-bahia-nao-registra-novos-casos-na-tarde-desta-segunda23-bonfim-tem-mais-um-caso-descartado\/coronavirus_2\/\" class=\"wp-image-42208\" srcset=\"https:\/\/i0.wp.com\/blogdoeloiltoncajuhy.com.br\/site\/wp-content\/uploads\/2020\/03\/coronavirus_2.jpg?w=360&amp;ssl=1 360w, https:\/\/i0.wp.com\/blogdoeloiltoncajuhy.com.br\/site\/wp-content\/uploads\/2020\/03\/coronavirus_2.jpg?resize=300%2C200&amp;ssl=1 300w, https:\/\/i0.wp.com\/blogdoeloiltoncajuhy.com.br\/site\/wp-content\/uploads\/2020\/03\/coronavirus_2.jpg?resize=250%2C167&amp;ssl=1 250w\" sizes=\"(max-width: 360px) 100vw, 360px\" \/><\/a><\/figure><\/li><\/ul><\/figure>\n\n\n\n<p>O Governo do Estado decidiu prorrogar as medidas restritivas em toda a Bahia. O toque de recolher noturno e a suspens\u00e3o de shows, festas e atividades esportivas coletivas continuam at\u00e9 o dia 26 de abril. A prorroga\u00e7\u00e3o das medidas, que t\u00eam o objetivo de conter a dissemina\u00e7\u00e3o da Covid-19, ser\u00e1 publicada no Di\u00e1rio Oficial do Estado (DOE) deste s\u00e1bado (17).<\/p>\n\n\n\n<p>A restri\u00e7\u00e3o de locomo\u00e7\u00e3o noturna vale das 20h \u00e0s 5h, sendo vedados a qualquer indiv\u00edduo a perman\u00eancia e o tr\u00e2nsito em vias, equipamentos, locais e pra\u00e7as p\u00fablicas. Os shows e as festas, p\u00fablicas ou privadas, continuam proibidos, independentemente do n\u00famero de participantes, em todo territ\u00f3rio baiano.<\/p>\n\n\n\n<p>Excepcionalmente, desde que respeitados os protocolos sanit\u00e1rios, os eventos exclusivamente cient\u00edficos e profissionais podem ocorrer com p\u00fablico limitado a 50 pessoas. A exce\u00e7\u00e3o fica por conta de 99 munic\u00edpios, onde permanecem suspensos eventos e atividades independentemente do n\u00famero de participantes, ainda que previamente autorizados, que envolvam aglomera\u00e7\u00e3o de pessoas.<\/p>\n\n\n\n<p>Tamb\u00e9m fica proibida a venda de bebida alco\u00f3lica em quaisquer estabelecimentos, inclusive por delivery, das 18h de 23 de abril at\u00e9 as 5h de 26 de abril, em toda a Bahia.<\/p>\n","protected":false},"excerpt":{"rendered":"<p>O Governo do Estado decidiu prorrogar as medidas restritivas em toda a Bahia. O toque de recolher noturno e a suspens\u00e3o de shows, festas e atividades esportivas coletivas continuam at\u00e9 o dia 26 de abril. A prorroga\u00e7\u00e3o das medidas, que t\u00eam o objetivo de conter a dissemina\u00e7\u00e3o da Covid-19, ser\u00e1 publicada no Di\u00e1rio Oficial do [&hellip;]<\/p>\n","protected":false},"author":2,"featured_media":42208,"comment_status":"open","ping_status":"open","sticky":false,"template":"","format":"standard","meta":{"_acf_changed":false,"_monsterinsights_skip_tracking":false,"_monsterinsights_sitenote_active":false,"_monsterinsights_sitenote_note":"","_monsterinsights_sitenote_category":0,"_jetpack_memberships_contains_paid_content":false,"footnotes":"","jetpack_publicize_message":"","jetpack_publicize_feature_enabled":true,"jetpack_social_post_already_shared":true,"jetpack_social_options":{"image_generator_settings":{"template":"highway","default_image_id":0,"font":"","enabled":false},"version":2}},"categories":[7],"tags":[],"class_list":["post-55677","post","type-post","status-publish","format-standard","has-post-thumbnail","hentry","category-saude"],"acf":[],"jetpack_publicize_connections":[],"jetpack_featured_media_url":"https:\/\/i0.wp.com\/blogdoeloiltoncajuhy.com.br\/site\/wp-content\/uploads\/2020\/03\/coronavirus_2.jpg?fit=360%2C240&ssl=1","jetpack_sharing_enabled":true,"publishpress_future_workflow_manual_trigger":{"enabledWorkflows":[]},"_links":{"self":[{"href":"https:\/\/blogdoeloiltoncajuhy.com.br\/site\/wp-json\/wp\/v2\/posts\/55677","targetHints":{"allow":["GET"]}}],"collection":[{"href":"https:\/\/blogdoeloiltoncajuhy.com.br\/site\/wp-json\/wp\/v2\/posts"}],"about":[{"href":"https:\/\/blogdoeloiltoncajuhy.com.br\/site\/wp-json\/wp\/v2\/types\/post"}],"author":[{"embeddable":true,"href":"https:\/\/blogdoeloiltoncajuhy.com.br\/site\/wp-json\/wp\/v2\/users\/2"}],"replies":[{"embeddable":true,"href":"https:\/\/blogdoeloiltoncajuhy.com.br\/site\/wp-json\/wp\/v2\/comments?post=55677"}],"version-history":[{"count":2,"href":"https:\/\/blogdoeloiltoncajuhy.com.br\/site\/wp-json\/wp\/v2\/posts\/55677\/revisions"}],"predecessor-version":[{"id":55679,"href":"https:\/\/blogdoeloiltoncajuhy.com.br\/site\/wp-json\/wp\/v2\/posts\/55677\/revisions\/55679"}],"wp:featuredmedia":[{"embeddable":true,"href":"https:\/\/blogdoeloiltoncajuhy.com.br\/site\/wp-json\/wp\/v2\/media\/42208"}],"wp:attachment":[{"href":"https:\/\/blogdoeloiltoncajuhy.com.br\/site\/wp-json\/wp\/v2\/media?parent=55677"}],"wp:term":[{"taxonomy":"category","embeddable":true,"href":"https:\/\/blogdoeloiltoncajuhy.com.br\/site\/wp-json\/wp\/v2\/categories?post=55677"},{"taxonomy":"post_tag","embeddable":true,"href":"https:\/\/blogdoeloiltoncajuhy.com.br\/site\/wp-json\/wp\/v2\/tags?post=55677"}],"curies":[{"name":"wp","href":"https:\/\/api.w.org\/{rel}","templated":true}]}}