{"id":55669,"date":"2021-04-16T19:47:35","date_gmt":"2021-04-16T22:47:35","guid":{"rendered":"http:\/\/blogdoeloiltoncajuhy.com.br\/site\/?p=55669"},"modified":"2021-04-16T19:49:49","modified_gmt":"2021-04-16T22:49:49","slug":"homem-suspeito-de-envolvimento-em-homicidios-e-roubo-de-veiculos-morre-em-confronto-com-a-pm-de-bonfim","status":"publish","type":"post","link":"https:\/\/blogdoeloiltoncajuhy.com.br\/site\/homem-suspeito-de-envolvimento-em-homicidios-e-roubo-de-veiculos-morre-em-confronto-com-a-pm-de-bonfim\/","title":{"rendered":"Homem suspeito de envolvimento em homic\u00eddios e roubo de ve\u00edculos morre em confronto com a PM de Bonfim"},"content":{"rendered":"\n<div class=\"wp-block-image\"><figure class=\"aligncenter size-large is-resized\"><a href=\"https:\/\/i0.wp.com\/blogdoeloiltoncajuhy.com.br\/site\/wp-content\/uploads\/2021\/04\/PM_Confronto-Suspeito-Morte.jpeg\"><img data-recalc-dims=\"1\" fetchpriority=\"high\" decoding=\"async\" src=\"https:\/\/i0.wp.com\/blogdoeloiltoncajuhy.com.br\/site\/wp-content\/uploads\/2021\/04\/PM_Confronto-Suspeito-Morte.jpeg?resize=626%2C768\" alt=\"\" class=\"wp-image-55670\" width=\"626\" height=\"768\" srcset=\"https:\/\/i0.wp.com\/blogdoeloiltoncajuhy.com.br\/site\/wp-content\/uploads\/2021\/04\/PM_Confronto-Suspeito-Morte.jpeg?resize=835%2C1024&amp;ssl=1 835w, https:\/\/i0.wp.com\/blogdoeloiltoncajuhy.com.br\/site\/wp-content\/uploads\/2021\/04\/PM_Confronto-Suspeito-Morte.jpeg?resize=245%2C300&amp;ssl=1 245w, https:\/\/i0.wp.com\/blogdoeloiltoncajuhy.com.br\/site\/wp-content\/uploads\/2021\/04\/PM_Confronto-Suspeito-Morte.jpeg?resize=768%2C942&amp;ssl=1 768w, https:\/\/i0.wp.com\/blogdoeloiltoncajuhy.com.br\/site\/wp-content\/uploads\/2021\/04\/PM_Confronto-Suspeito-Morte.jpeg?w=1044&amp;ssl=1 1044w\" sizes=\"(max-width: 626px) 100vw, 626px\" \/><\/a><figcaption><em>Arma, droga e muni\u00e7\u00f5es foram apreendidas pela Pol\u00edcia Militar de Senhor do Bonfim | Foto: Divulga\u00e7\u00e3o PM<\/em><\/figcaption><\/figure><\/div>\n\n\n\n<p>Por volta das 15h20 desta sexta-feira (16), a guarni\u00e7\u00e3o da CETO da Pol\u00edcia Militar de Senhor do Bonfim, ao realizar ronda rotineira no Alto da Maravilha, avistou um indiv\u00edduo em atitude suspeita. Ao tentar fazer uma abordagem, ao suspeito, este saiu correndo, sacou uma arma de fogo e entrou numa resid\u00eancia.<\/p>\n\n\n\n<p>Ao chegar pr\u00f3ximo ao quintal da casa, e tomando todos cuidados poss\u00edveis, a guarni\u00e7\u00e3o foi recebida por disparos de arma de fogo. No revide, o indiv\u00edduo foi alvejado. Ap\u00f3s cessarem os disparos, o homem foi socorrido para a UPA 24h, mas n\u00e3o resistiu aos ferimentos vindo a \u00f3bito.<\/p>\n\n\n\n<p>Com o suspeito a PM encontrou um rev\u00f3lver cal. 32, bem como, uma subst\u00e2ncia an\u00e1loga \u00e0 maconha, totalizando 18 trouxinhas. Segundo informa\u00e7\u00f5es colhidas no local pela pol\u00edcia, o indiv\u00edduo \u00e9 acusado de ter envolvimento em alguns homic\u00eddios e tentativas de homic\u00eddios, na cidade de Senhor do Bonfim, e roubo a ve\u00edculos na cidade de Antonio Gon\u00e7alves.<\/p>\n","protected":false},"excerpt":{"rendered":"<p>Por volta das 15h20 desta sexta-feira (16), a guarni\u00e7\u00e3o da CETO da Pol\u00edcia Militar de Senhor do Bonfim, ao realizar ronda rotineira no Alto da Maravilha, avistou um indiv\u00edduo em atitude suspeita. Ao tentar fazer uma abordagem, ao suspeito, este saiu correndo, sacou uma arma de fogo e entrou numa resid\u00eancia. Ao chegar pr\u00f3ximo ao [&hellip;]<\/p>\n","protected":false},"author":2,"featured_media":55670,"comment_status":"open","ping_status":"open","sticky":false,"template":"","format":"standard","meta":{"_acf_changed":false,"_monsterinsights_skip_tracking":false,"_monsterinsights_sitenote_active":false,"_monsterinsights_sitenote_note":"","_monsterinsights_sitenote_category":0,"_jetpack_memberships_contains_paid_content":false,"footnotes":"","jetpack_publicize_message":"","jetpack_publicize_feature_enabled":true,"jetpack_social_post_already_shared":true,"jetpack_social_options":{"image_generator_settings":{"template":"highway","default_image_id":0,"font":"","enabled":false},"version":2}},"categories":[15],"tags":[],"class_list":["post-55669","post","type-post","status-publish","format-standard","has-post-thumbnail","hentry","category-policia"],"acf":[],"jetpack_publicize_connections":[],"jetpack_featured_media_url":"https:\/\/i0.wp.com\/blogdoeloiltoncajuhy.com.br\/site\/wp-content\/uploads\/2021\/04\/PM_Confronto-Suspeito-Morte.jpeg?fit=1044%2C1280&ssl=1","jetpack_sharing_enabled":true,"publishpress_future_workflow_manual_trigger":{"enabledWorkflows":[]},"_links":{"self":[{"href":"https:\/\/blogdoeloiltoncajuhy.com.br\/site\/wp-json\/wp\/v2\/posts\/55669","targetHints":{"allow":["GET"]}}],"collection":[{"href":"https:\/\/blogdoeloiltoncajuhy.com.br\/site\/wp-json\/wp\/v2\/posts"}],"about":[{"href":"https:\/\/blogdoeloiltoncajuhy.com.br\/site\/wp-json\/wp\/v2\/types\/post"}],"author":[{"embeddable":true,"href":"https:\/\/blogdoeloiltoncajuhy.com.br\/site\/wp-json\/wp\/v2\/users\/2"}],"replies":[{"embeddable":true,"href":"https:\/\/blogdoeloiltoncajuhy.com.br\/site\/wp-json\/wp\/v2\/comments?post=55669"}],"version-history":[{"count":3,"href":"https:\/\/blogdoeloiltoncajuhy.com.br\/site\/wp-json\/wp\/v2\/posts\/55669\/revisions"}],"predecessor-version":[{"id":55673,"href":"https:\/\/blogdoeloiltoncajuhy.com.br\/site\/wp-json\/wp\/v2\/posts\/55669\/revisions\/55673"}],"wp:featuredmedia":[{"embeddable":true,"href":"https:\/\/blogdoeloiltoncajuhy.com.br\/site\/wp-json\/wp\/v2\/media\/55670"}],"wp:attachment":[{"href":"https:\/\/blogdoeloiltoncajuhy.com.br\/site\/wp-json\/wp\/v2\/media?parent=55669"}],"wp:term":[{"taxonomy":"category","embeddable":true,"href":"https:\/\/blogdoeloiltoncajuhy.com.br\/site\/wp-json\/wp\/v2\/categories?post=55669"},{"taxonomy":"post_tag","embeddable":true,"href":"https:\/\/blogdoeloiltoncajuhy.com.br\/site\/wp-json\/wp\/v2\/tags?post=55669"}],"curies":[{"name":"wp","href":"https:\/\/api.w.org\/{rel}","templated":true}]}}