{"id":55662,"date":"2021-04-16T10:42:30","date_gmt":"2021-04-16T13:42:30","guid":{"rendered":"http:\/\/blogdoeloiltoncajuhy.com.br\/site\/?p=55662"},"modified":"2021-04-16T10:42:31","modified_gmt":"2021-04-16T13:42:31","slug":"bahia-ultrapassa-a-marca-de-2-milhoes-de-pessoas-vacinadas","status":"publish","type":"post","link":"https:\/\/blogdoeloiltoncajuhy.com.br\/site\/bahia-ultrapassa-a-marca-de-2-milhoes-de-pessoas-vacinadas\/","title":{"rendered":"Bahia ultrapassa a marca de 2 milh\u00f5es de pessoas vacinadas"},"content":{"rendered":"\n<div class=\"wp-block-image\"><figure class=\"aligncenter size-large\"><a href=\"https:\/\/i0.wp.com\/blogdoeloiltoncajuhy.com.br\/site\/wp-content\/uploads\/2021\/04\/Corona-Vacina-2.jpg\"><img data-recalc-dims=\"1\" fetchpriority=\"high\" decoding=\"async\" width=\"800\" height=\"533\" src=\"https:\/\/i0.wp.com\/blogdoeloiltoncajuhy.com.br\/site\/wp-content\/uploads\/2021\/04\/Corona-Vacina-2.jpg?resize=800%2C533\" alt=\"\" class=\"wp-image-55663\" srcset=\"https:\/\/i0.wp.com\/blogdoeloiltoncajuhy.com.br\/site\/wp-content\/uploads\/2021\/04\/Corona-Vacina-2.jpg?w=853&amp;ssl=1 853w, https:\/\/i0.wp.com\/blogdoeloiltoncajuhy.com.br\/site\/wp-content\/uploads\/2021\/04\/Corona-Vacina-2.jpg?resize=300%2C200&amp;ssl=1 300w, https:\/\/i0.wp.com\/blogdoeloiltoncajuhy.com.br\/site\/wp-content\/uploads\/2021\/04\/Corona-Vacina-2.jpg?resize=768%2C511&amp;ssl=1 768w\" sizes=\"(max-width: 800px) 100vw, 800px\" \/><\/a><figcaption><em>Foto: Leonardo Rattes\/Sesab<\/em><\/figcaption><\/figure><\/div>\n\n\n\n<p>Nesta quinta-feira (15), a Bahia ultrapassa a marca de 2 milh\u00f5es de baianos vacinados com a primeira dose da vacina contra o coronav\u00edrus (Covid-19). O secret\u00e1rio da Sa\u00fade do Estado, F\u00e1bio Vilas-Boas, avalia que <em>\u201c\u00e9 mais uma vit\u00f3ria a ser celebrada. O n\u00famero de 2.000.049 baianos vacinados representa uma esperan\u00e7a para a sociedade\u201d<\/em>.<\/p>\n\n\n\n<p>Para acelerar ainda mais a vacina\u00e7\u00e3o na Bahia, o governador Rui Costa adquiriu 9,7 milh\u00f5es de doses da Sputnik V, que aguarda autoriza\u00e7\u00e3o da Ag\u00eancia Nacional de Vigil\u00e2ncia Sanit\u00e1ria (Anvisa) para importa\u00e7\u00e3o da vacina russa. Al\u00e9m disso, a aus\u00eancia de previsibilidade das entregas de vacinas por parte do Governo Federal, colabora para frear o ritmo da imuniza\u00e7\u00e3o.<\/p>\n\n\n\n<p><em>\u201cTenho cobrado celeridade do Governo Federal. Por isso garantimos a Sputnik V e estamos lutando para que a Anvisa autorize a importa\u00e7\u00e3o da vacina russa. Queremos salvar vidas\u201d<\/em>, afirmou o governador Rui Costa em um post nas redes sociais.<\/p>\n\n\n\n<p>A Bahia \u00e9 um dos estados do Pa\u00eds com o maior n\u00famero de imunizados, superando a marca de 13% da popula\u00e7\u00e3o vacinada com a primeira dose. A Secretaria da Sa\u00fade do Estado (Sesab) realiza o contato di\u00e1rio com as equipes de cada munic\u00edpio a fim de aferir o quantitativo de doses aplicadas e disponibiliza as informa\u00e7\u00f5es detalhadas em painel.<\/p>\n","protected":false},"excerpt":{"rendered":"<p>Nesta quinta-feira (15), a Bahia ultrapassa a marca de 2 milh\u00f5es de baianos vacinados com a primeira dose da vacina contra o coronav\u00edrus (Covid-19). O secret\u00e1rio da Sa\u00fade do Estado, F\u00e1bio Vilas-Boas, avalia que \u201c\u00e9 mais uma vit\u00f3ria a ser celebrada. O n\u00famero de 2.000.049 baianos vacinados representa uma esperan\u00e7a para a sociedade\u201d. Para acelerar [&hellip;]<\/p>\n","protected":false},"author":2,"featured_media":55663,"comment_status":"open","ping_status":"open","sticky":false,"template":"","format":"standard","meta":{"_acf_changed":false,"_monsterinsights_skip_tracking":false,"_monsterinsights_sitenote_active":false,"_monsterinsights_sitenote_note":"","_monsterinsights_sitenote_category":0,"_jetpack_memberships_contains_paid_content":false,"footnotes":"","jetpack_publicize_message":"","jetpack_publicize_feature_enabled":true,"jetpack_social_post_already_shared":true,"jetpack_social_options":{"image_generator_settings":{"template":"highway","default_image_id":0,"font":"","enabled":false},"version":2}},"categories":[7],"tags":[],"class_list":["post-55662","post","type-post","status-publish","format-standard","has-post-thumbnail","hentry","category-saude"],"acf":[],"jetpack_publicize_connections":[],"jetpack_featured_media_url":"https:\/\/i0.wp.com\/blogdoeloiltoncajuhy.com.br\/site\/wp-content\/uploads\/2021\/04\/Corona-Vacina-2.jpg?fit=853%2C568&ssl=1","jetpack_sharing_enabled":true,"publishpress_future_workflow_manual_trigger":{"enabledWorkflows":[]},"_links":{"self":[{"href":"https:\/\/blogdoeloiltoncajuhy.com.br\/site\/wp-json\/wp\/v2\/posts\/55662","targetHints":{"allow":["GET"]}}],"collection":[{"href":"https:\/\/blogdoeloiltoncajuhy.com.br\/site\/wp-json\/wp\/v2\/posts"}],"about":[{"href":"https:\/\/blogdoeloiltoncajuhy.com.br\/site\/wp-json\/wp\/v2\/types\/post"}],"author":[{"embeddable":true,"href":"https:\/\/blogdoeloiltoncajuhy.com.br\/site\/wp-json\/wp\/v2\/users\/2"}],"replies":[{"embeddable":true,"href":"https:\/\/blogdoeloiltoncajuhy.com.br\/site\/wp-json\/wp\/v2\/comments?post=55662"}],"version-history":[{"count":2,"href":"https:\/\/blogdoeloiltoncajuhy.com.br\/site\/wp-json\/wp\/v2\/posts\/55662\/revisions"}],"predecessor-version":[{"id":55665,"href":"https:\/\/blogdoeloiltoncajuhy.com.br\/site\/wp-json\/wp\/v2\/posts\/55662\/revisions\/55665"}],"wp:featuredmedia":[{"embeddable":true,"href":"https:\/\/blogdoeloiltoncajuhy.com.br\/site\/wp-json\/wp\/v2\/media\/55663"}],"wp:attachment":[{"href":"https:\/\/blogdoeloiltoncajuhy.com.br\/site\/wp-json\/wp\/v2\/media?parent=55662"}],"wp:term":[{"taxonomy":"category","embeddable":true,"href":"https:\/\/blogdoeloiltoncajuhy.com.br\/site\/wp-json\/wp\/v2\/categories?post=55662"},{"taxonomy":"post_tag","embeddable":true,"href":"https:\/\/blogdoeloiltoncajuhy.com.br\/site\/wp-json\/wp\/v2\/tags?post=55662"}],"curies":[{"name":"wp","href":"https:\/\/api.w.org\/{rel}","templated":true}]}}