{"id":55655,"date":"2021-04-16T10:31:09","date_gmt":"2021-04-16T13:31:09","guid":{"rendered":"http:\/\/blogdoeloiltoncajuhy.com.br\/site\/?p=55655"},"modified":"2021-04-16T10:31:10","modified_gmt":"2021-04-16T13:31:10","slug":"senado-aprova-projeto-que-mapeara-risco-de-violencia-domestica-contra-mulheres","status":"publish","type":"post","link":"https:\/\/blogdoeloiltoncajuhy.com.br\/site\/senado-aprova-projeto-que-mapeara-risco-de-violencia-domestica-contra-mulheres\/","title":{"rendered":"Senado aprova projeto que mapear\u00e1 risco de viol\u00eancia dom\u00e9stica contra mulheres"},"content":{"rendered":"\n<h5 class=\"has-text-align-center wp-block-heading\"><em>Objetivo \u00e9 ajudar na elabora\u00e7\u00e3o de um plano de seguran\u00e7a e de apoio \u00e0 v\u00edtima. Texto segue para san\u00e7\u00e3o presidencial<\/em><\/h5>\n\n\n\n<div class=\"wp-block-image\"><figure class=\"aligncenter size-full is-resized\"><a href=\"https:\/\/i0.wp.com\/blogdoeloiltoncajuhy.com.br\/site\/wp-content\/uploads\/2017\/04\/violencia-psico-emocional-e1492957501104.jpg\"><img data-recalc-dims=\"1\" fetchpriority=\"high\" decoding=\"async\" src=\"https:\/\/i0.wp.com\/blogdoeloiltoncajuhy.com.br\/site\/wp-content\/uploads\/2017\/04\/violencia-psico-emocional-e1492957501104.jpg?resize=695%2C464\" alt=\"\" class=\"wp-image-16946\" width=\"695\" height=\"464\"\/><\/a><\/figure><\/div>\n\n\n\n<p>O Senado aprovou na ter\u00e7a-feira (13), projeto que torna obrigat\u00f3ria a aplica\u00e7\u00e3o do Formul\u00e1rio Nacional de Risco e Prote\u00e7\u00e3o \u00e0 Vida na rede de atendimento \u00e0 v\u00edtima da viol\u00eancia dom\u00e9stica e familiar.<\/p>\n\n\n\n<p>O objetivo do documento \u00e9 mapear a situa\u00e7\u00e3o da v\u00edtima, do agressor e o hist\u00f3rico de viol\u00eancia dom\u00e9stica, podendo ent\u00e3o, identificar os fatores que indiquem o perigo da mulher vir a sofrer qualquer forma de viol\u00eancia dom\u00e9stica, preservando o sigilo das informa\u00e7\u00f5es.<\/p>\n\n\n\n<p>Com 27 perguntas, o formul\u00e1rio tamb\u00e9m procura definir o perfil do agressor e conscientizar a mulher do grau de risco no qual se encontra, ajudando na elabora\u00e7\u00e3o de um plano de seguran\u00e7a e de apoio \u00e0 v\u00edtima.<\/p>\n\n\n\n<p>De acordo com o projeto, o formul\u00e1rio dever\u00e1 ser aplicado, preferencialmente, pela Pol\u00edcia Civil durante o registro da ocorr\u00eancia. O texto segue agora para san\u00e7\u00e3o presidencial.<\/p>\n","protected":false},"excerpt":{"rendered":"<p>Objetivo \u00e9 ajudar na elabora\u00e7\u00e3o de um plano de seguran\u00e7a e de apoio \u00e0 v\u00edtima. Texto segue para san\u00e7\u00e3o presidencial O Senado aprovou na ter\u00e7a-feira (13), projeto que torna obrigat\u00f3ria a aplica\u00e7\u00e3o do Formul\u00e1rio Nacional de Risco e Prote\u00e7\u00e3o \u00e0 Vida na rede de atendimento \u00e0 v\u00edtima da viol\u00eancia dom\u00e9stica e familiar. O objetivo do [&hellip;]<\/p>\n","protected":false},"author":2,"featured_media":16946,"comment_status":"open","ping_status":"open","sticky":false,"template":"","format":"standard","meta":{"_acf_changed":false,"_monsterinsights_skip_tracking":false,"_monsterinsights_sitenote_active":false,"_monsterinsights_sitenote_note":"","_monsterinsights_sitenote_category":0,"_jetpack_memberships_contains_paid_content":false,"footnotes":"","jetpack_publicize_message":"","jetpack_publicize_feature_enabled":true,"jetpack_social_post_already_shared":true,"jetpack_social_options":{"image_generator_settings":{"template":"highway","default_image_id":0,"font":"","enabled":false},"version":2}},"categories":[1],"tags":[],"class_list":["post-55655","post","type-post","status-publish","format-standard","has-post-thumbnail","hentry","category-noticias"],"acf":[],"jetpack_publicize_connections":[],"jetpack_featured_media_url":"https:\/\/i0.wp.com\/blogdoeloiltoncajuhy.com.br\/site\/wp-content\/uploads\/2017\/04\/violencia-psico-emocional-e1492957501104.jpg?fit=550%2C367&ssl=1","jetpack_sharing_enabled":true,"publishpress_future_workflow_manual_trigger":{"enabledWorkflows":[]},"_links":{"self":[{"href":"https:\/\/blogdoeloiltoncajuhy.com.br\/site\/wp-json\/wp\/v2\/posts\/55655","targetHints":{"allow":["GET"]}}],"collection":[{"href":"https:\/\/blogdoeloiltoncajuhy.com.br\/site\/wp-json\/wp\/v2\/posts"}],"about":[{"href":"https:\/\/blogdoeloiltoncajuhy.com.br\/site\/wp-json\/wp\/v2\/types\/post"}],"author":[{"embeddable":true,"href":"https:\/\/blogdoeloiltoncajuhy.com.br\/site\/wp-json\/wp\/v2\/users\/2"}],"replies":[{"embeddable":true,"href":"https:\/\/blogdoeloiltoncajuhy.com.br\/site\/wp-json\/wp\/v2\/comments?post=55655"}],"version-history":[{"count":2,"href":"https:\/\/blogdoeloiltoncajuhy.com.br\/site\/wp-json\/wp\/v2\/posts\/55655\/revisions"}],"predecessor-version":[{"id":55657,"href":"https:\/\/blogdoeloiltoncajuhy.com.br\/site\/wp-json\/wp\/v2\/posts\/55655\/revisions\/55657"}],"wp:featuredmedia":[{"embeddable":true,"href":"https:\/\/blogdoeloiltoncajuhy.com.br\/site\/wp-json\/wp\/v2\/media\/16946"}],"wp:attachment":[{"href":"https:\/\/blogdoeloiltoncajuhy.com.br\/site\/wp-json\/wp\/v2\/media?parent=55655"}],"wp:term":[{"taxonomy":"category","embeddable":true,"href":"https:\/\/blogdoeloiltoncajuhy.com.br\/site\/wp-json\/wp\/v2\/categories?post=55655"},{"taxonomy":"post_tag","embeddable":true,"href":"https:\/\/blogdoeloiltoncajuhy.com.br\/site\/wp-json\/wp\/v2\/tags?post=55655"}],"curies":[{"name":"wp","href":"https:\/\/api.w.org\/{rel}","templated":true}]}}