{"id":55642,"date":"2021-04-15T19:35:14","date_gmt":"2021-04-15T22:35:14","guid":{"rendered":"http:\/\/blogdoeloiltoncajuhy.com.br\/site\/?p=55642"},"modified":"2021-04-15T19:35:15","modified_gmt":"2021-04-15T22:35:15","slug":"stf-anula-condenacoes-por-8-a-3-e-lula-podera-disputar-as-eleicoes","status":"publish","type":"post","link":"https:\/\/blogdoeloiltoncajuhy.com.br\/site\/stf-anula-condenacoes-por-8-a-3-e-lula-podera-disputar-as-eleicoes\/","title":{"rendered":"STF anula condena\u00e7\u00f5es por 8 a 3, e Lula poder\u00e1 disputar as elei\u00e7\u00f5es"},"content":{"rendered":"\n<h5 class=\"has-text-align-center wp-block-heading\"><em>Plen\u00e1rio do Supremo Tribunal Federal julgou recurso apresentado pela Procuradoria-Geral da Rep\u00fablica (PGR), que contestou a decis\u00e3o que anulou as condena\u00e7\u00f5es de ex-presidente<\/em><\/h5>\n\n\n\n<div class=\"wp-block-image\"><figure class=\"aligncenter size-full is-resized\"><a href=\"https:\/\/i0.wp.com\/blogdoeloiltoncajuhy.com.br\/site\/wp-content\/uploads\/2018\/08\/lula-recomenda%C3%A7%C3%A3o-onu2.jpg\"><img data-recalc-dims=\"1\" fetchpriority=\"high\" decoding=\"async\" src=\"https:\/\/i0.wp.com\/blogdoeloiltoncajuhy.com.br\/site\/wp-content\/uploads\/2018\/08\/lula-recomenda%C3%A7%C3%A3o-onu2.jpg?resize=678%2C499\" alt=\"\" class=\"wp-image-27348\" width=\"678\" height=\"499\" srcset=\"https:\/\/i0.wp.com\/blogdoeloiltoncajuhy.com.br\/site\/wp-content\/uploads\/2018\/08\/lula-recomenda%C3%A7%C3%A3o-onu2.jpg?w=380&amp;ssl=1 380w, https:\/\/i0.wp.com\/blogdoeloiltoncajuhy.com.br\/site\/wp-content\/uploads\/2018\/08\/lula-recomenda%C3%A7%C3%A3o-onu2.jpg?resize=300%2C221&amp;ssl=1 300w, https:\/\/i0.wp.com\/blogdoeloiltoncajuhy.com.br\/site\/wp-content\/uploads\/2018\/08\/lula-recomenda%C3%A7%C3%A3o-onu2.jpg?resize=250%2C184&amp;ssl=1 250w\" sizes=\"(max-width: 678px) 100vw, 678px\" \/><\/a><\/figure><\/div>\n\n\n\n<p>O Supremo Tribunal Federal decidiu nesta quinta-feira (15) rejeitar o recurso da Procuradoria-Geral da Rep\u00fablica (PGR) que buscava reverter a anula\u00e7\u00e3o das condena\u00e7\u00f5es do ex-presidente Luiz In\u00e1cio Lula da Silva impostas pela Justi\u00e7a Federal do Paran\u00e1, na Opera\u00e7\u00e3o Lava Jato.<\/p>\n\n\n\n<p>Oito ministros (Fachin, Alexandre de Moraes, Rosa Weber, Dias Toffoli, Gilmar Mendes, Ricardo Lewandowski, C\u00e1rmen L\u00facia e Lu\u00eds Roberto Barroso) votaram pela rejei\u00e7\u00e3o do recurso e tr\u00eas pela aceita\u00e7\u00e3o (Nunes Marques, Marco Aur\u00e9lio Mello e Luiz Fux).<\/p>\n\n\n\n<p>Rejeitado o recurso, as anula\u00e7\u00f5es das condena\u00e7\u00f5es ser\u00e3o mantidas, e Lula permanecer\u00e1 eleg\u00edvel.<\/p>\n\n\n\n<p>O julgamento ter\u00e1 continuidade no pr\u00f3ximo dia 22 com a aprecia\u00e7\u00e3o da suspei\u00e7\u00e3o do ex-juiz Sergio Moro, cuja atua\u00e7\u00e3o ao condenar o ex-presidente foi considerada parcial pela Segunda Turma do STF.<\/p>\n\n\n\n<p>Edson Fachin \u00e9 o relator dos recursos apresentados pela PGR e pela defesa de Lula sobre a decis\u00e3o individual dele pr\u00f3prio que anulou as condena\u00e7\u00f5es. A PGR recorreu a fim de reverter a decis\u00e3o. A defesa de Lula quer evitar que a decis\u00e3o de Fachin leve \u00e0 extin\u00e7\u00e3o de outros processos relacionados ao caso, entre os quais o que resultou na declara\u00e7\u00e3o de parcialidade do ex-juiz Sergio Moro ao julgar processo de Lula.<\/p>\n\n\n\n<p>O julgamento teve in\u00edcio nesta quarta (14), quando, primeiramente, os ministros decidiram, por 9 votos a 2, que o plen\u00e1rio pode decidir sobre o caso \u2014 e n\u00e3o somente a Segunda Turma, formada por cinco ministros, que j\u00e1 deliberou a favor da anula\u00e7\u00e3o das condena\u00e7\u00f5es e da declara\u00e7\u00e3o da parcialidade de Moro.<\/p>\n\n\n\n<p class=\"has-black-color has-text-color has-large-font-size\"><strong>Os recursos<\/strong><\/p>\n\n\n\n<div class=\"wp-block-image\"><figure class=\"aligncenter size-full is-resized\"><a href=\"https:\/\/i0.wp.com\/blogdoeloiltoncajuhy.com.br\/site\/wp-content\/uploads\/2018\/07\/lula_AgBrasil.jpg\"><img data-recalc-dims=\"1\" decoding=\"async\" src=\"https:\/\/i0.wp.com\/blogdoeloiltoncajuhy.com.br\/site\/wp-content\/uploads\/2018\/07\/lula_AgBrasil.jpg?resize=664%2C489\" alt=\"\" class=\"wp-image-26433\" width=\"664\" height=\"489\" srcset=\"https:\/\/i0.wp.com\/blogdoeloiltoncajuhy.com.br\/site\/wp-content\/uploads\/2018\/07\/lula_AgBrasil.jpg?w=380&amp;ssl=1 380w, https:\/\/i0.wp.com\/blogdoeloiltoncajuhy.com.br\/site\/wp-content\/uploads\/2018\/07\/lula_AgBrasil.jpg?resize=300%2C221&amp;ssl=1 300w, https:\/\/i0.wp.com\/blogdoeloiltoncajuhy.com.br\/site\/wp-content\/uploads\/2018\/07\/lula_AgBrasil.jpg?resize=250%2C184&amp;ssl=1 250w\" sizes=\"(max-width: 664px) 100vw, 664px\" \/><\/a><\/figure><\/div>\n\n\n\n<p>A PGR pediu ao plen\u00e1rio para derrubar a decis\u00e3o individual de Fachin e restabelecer as condena\u00e7\u00f5es e, com isso, a inelegibilidade de Lula.<\/p>\n\n\n\n<p>A defesa de Lula contestou o entendimento de Fachin que extingue os processos nos quais foram apontadas irregularidades em julgamentos ligados \u00e0 Lava Jato, entre os quais o que questiona suspei\u00e7\u00e3o do ex-juiz Sergio Moro no caso.<\/p>\n\n\n\n<p>Em 23 de mar\u00e7o, a Segunda Turma declarou a suspei\u00e7\u00e3o do ex-juiz S\u00e9rgio Moro com um placar de 3 votos a 2. O colegiado entendeu que Moro foi parcial no processo do triplex.<\/p>\n\n\n\n<p>A turma do STF anulou todo o processo do triplex, que precisar\u00e1 ser retomado da estaca zero pelos investigadores. As provas j\u00e1 colhidas ser\u00e3o anuladas e n\u00e3o poder\u00e3o ser utilizadas em um eventual novo julgamento.<\/p>\n\n\n\n<p>O entendimento do plen\u00e1rio sobre a decis\u00e3o de Fachin pode ter efeito na decis\u00e3o que declarou a suspei\u00e7\u00e3o de Moro.<\/p>\n\n\n\n<p>Se a maioria considerar que o caso ficou prejudicado com a decis\u00e3o individual do ministro e que n\u00e3o caberia \u00e0 Segunda Turma julgar o caso, o julgamento sobre a parcialidade perde a validade.<\/p>\n","protected":false},"excerpt":{"rendered":"<p>Plen\u00e1rio do Supremo Tribunal Federal julgou recurso apresentado pela Procuradoria-Geral da Rep\u00fablica (PGR), que contestou a decis\u00e3o que anulou as condena\u00e7\u00f5es de ex-presidente O Supremo Tribunal Federal decidiu nesta quinta-feira (15) rejeitar o recurso da Procuradoria-Geral da Rep\u00fablica (PGR) que buscava reverter a anula\u00e7\u00e3o das condena\u00e7\u00f5es do ex-presidente Luiz In\u00e1cio Lula da Silva impostas pela [&hellip;]<\/p>\n","protected":false},"author":2,"featured_media":12304,"comment_status":"open","ping_status":"open","sticky":false,"template":"","format":"standard","meta":{"_acf_changed":false,"_monsterinsights_skip_tracking":false,"_monsterinsights_sitenote_active":false,"_monsterinsights_sitenote_note":"","_monsterinsights_sitenote_category":0,"_jetpack_memberships_contains_paid_content":false,"footnotes":"","jetpack_publicize_message":"","jetpack_publicize_feature_enabled":true,"jetpack_social_post_already_shared":true,"jetpack_social_options":{"image_generator_settings":{"template":"highway","default_image_id":0,"font":"","enabled":false},"version":2}},"categories":[3],"tags":[],"class_list":["post-55642","post","type-post","status-publish","format-standard","has-post-thumbnail","hentry","category-politica"],"acf":[],"jetpack_publicize_connections":[],"jetpack_featured_media_url":"https:\/\/i0.wp.com\/blogdoeloiltoncajuhy.com.br\/site\/wp-content\/uploads\/2016\/09\/lula3.jpg?fit=780%2C519&ssl=1","jetpack_sharing_enabled":true,"publishpress_future_workflow_manual_trigger":{"enabledWorkflows":[]},"_links":{"self":[{"href":"https:\/\/blogdoeloiltoncajuhy.com.br\/site\/wp-json\/wp\/v2\/posts\/55642","targetHints":{"allow":["GET"]}}],"collection":[{"href":"https:\/\/blogdoeloiltoncajuhy.com.br\/site\/wp-json\/wp\/v2\/posts"}],"about":[{"href":"https:\/\/blogdoeloiltoncajuhy.com.br\/site\/wp-json\/wp\/v2\/types\/post"}],"author":[{"embeddable":true,"href":"https:\/\/blogdoeloiltoncajuhy.com.br\/site\/wp-json\/wp\/v2\/users\/2"}],"replies":[{"embeddable":true,"href":"https:\/\/blogdoeloiltoncajuhy.com.br\/site\/wp-json\/wp\/v2\/comments?post=55642"}],"version-history":[{"count":2,"href":"https:\/\/blogdoeloiltoncajuhy.com.br\/site\/wp-json\/wp\/v2\/posts\/55642\/revisions"}],"predecessor-version":[{"id":55644,"href":"https:\/\/blogdoeloiltoncajuhy.com.br\/site\/wp-json\/wp\/v2\/posts\/55642\/revisions\/55644"}],"wp:featuredmedia":[{"embeddable":true,"href":"https:\/\/blogdoeloiltoncajuhy.com.br\/site\/wp-json\/wp\/v2\/media\/12304"}],"wp:attachment":[{"href":"https:\/\/blogdoeloiltoncajuhy.com.br\/site\/wp-json\/wp\/v2\/media?parent=55642"}],"wp:term":[{"taxonomy":"category","embeddable":true,"href":"https:\/\/blogdoeloiltoncajuhy.com.br\/site\/wp-json\/wp\/v2\/categories?post=55642"},{"taxonomy":"post_tag","embeddable":true,"href":"https:\/\/blogdoeloiltoncajuhy.com.br\/site\/wp-json\/wp\/v2\/tags?post=55642"}],"curies":[{"name":"wp","href":"https:\/\/api.w.org\/{rel}","templated":true}]}}