{"id":55638,"date":"2021-04-15T19:11:55","date_gmt":"2021-04-15T22:11:55","guid":{"rendered":"http:\/\/blogdoeloiltoncajuhy.com.br\/site\/?p=55638"},"modified":"2021-04-15T19:11:56","modified_gmt":"2021-04-15T22:11:56","slug":"prefeitura-de-andorinha-inicia-planejamento-plurianual-2022-2025","status":"publish","type":"post","link":"https:\/\/blogdoeloiltoncajuhy.com.br\/site\/prefeitura-de-andorinha-inicia-planejamento-plurianual-2022-2025\/","title":{"rendered":"Prefeitura de Andorinha inicia planejamento plurianual 2022-2025"},"content":{"rendered":"\n<div class=\"wp-block-image\"><figure class=\"aligncenter size-large\"><a href=\"https:\/\/i0.wp.com\/blogdoeloiltoncajuhy.com.br\/site\/wp-content\/uploads\/2021\/04\/PMA_PPA_01.jpeg\"><img data-recalc-dims=\"1\" fetchpriority=\"high\" decoding=\"async\" width=\"800\" height=\"600\" src=\"https:\/\/i0.wp.com\/blogdoeloiltoncajuhy.com.br\/site\/wp-content\/uploads\/2021\/04\/PMA_PPA_01.jpeg?resize=800%2C600\" alt=\"\" class=\"wp-image-55639\" srcset=\"https:\/\/i0.wp.com\/blogdoeloiltoncajuhy.com.br\/site\/wp-content\/uploads\/2021\/04\/PMA_PPA_01.jpeg?w=1000&amp;ssl=1 1000w, https:\/\/i0.wp.com\/blogdoeloiltoncajuhy.com.br\/site\/wp-content\/uploads\/2021\/04\/PMA_PPA_01.jpeg?resize=300%2C225&amp;ssl=1 300w, https:\/\/i0.wp.com\/blogdoeloiltoncajuhy.com.br\/site\/wp-content\/uploads\/2021\/04\/PMA_PPA_01.jpeg?resize=768%2C576&amp;ssl=1 768w\" sizes=\"(max-width: 800px) 100vw, 800px\" \/><\/a><\/figure><\/div>\n\n\n\n<p>O Plano Plurianual (PPA) \u00e9 um documento que define as prioridades do governo para o per\u00edodo de 4 anos. Nele consta o planejamento de como ser\u00e3o executadas as pol\u00edticas p\u00fablicas para alcan\u00e7ar os resultados esperados ao bem-estar da popula\u00e7\u00e3o nas diversas \u00e1reas.<\/p>\n\n\n\n<p>Seu prop\u00f3sito \u00e9 estabelecer diretrizes, metas e objetivos da gest\u00e3o p\u00fablica atrav\u00e9s de propostas apresentadas pela popula\u00e7\u00e3o e pelos poderes Legislativo e Executivo visando o desenvolvimento da cidade.<\/p>\n\n\n\n<p>Nesta ter\u00e7a (13) e quarta-feira (14), todos os secret\u00e1rios municipais, estiveram reunidos para elabora\u00e7\u00e3o do PPA 2022-2025, um planejamento de m\u00e9dio prazo, onde v\u00e3o nascer a Lei de Diretrizes Or\u00e7ament\u00e1rias (LDO) e a Lei Or\u00e7ament\u00e1ria Anual (LOA) dos pr\u00f3ximos 4 anos, que permite que o gestor preste servi\u00e7o a sociedade, autorizando a aplica\u00e7\u00e3o do recurso p\u00fablico. O plano ser\u00e1 conclu\u00eddo at\u00e9 o dia 30 de abril e encaminhado para a C\u00e2mara Municipal, onde os vereadores ir\u00e3o votar o Projeto de Lei.<\/p>\n\n\n\n<p><em>&#8220;Nesses \u00faltimos dois dias, n\u00f3s estivemos aqui na fase interna de elabora\u00e7\u00e3o do Plano Plurianual. Foi muito bom, porque fizemos de maneira integrada com todas as secretarias, n\u00e3o apenas os secret\u00e1rios, mas as suas equipes tamb\u00e9m participaram. Foi uma constru\u00e7\u00e3o muito efetiva. Daqui nasceram os programas de governo que v\u00e3o ser trabalhados nos pr\u00f3ximos 4 anos e nasceu tamb\u00e9m uma integra\u00e7\u00e3o entre as secretarias&#8221;<\/em>, pontuou a contadora Germane Sacerdote, representante da CR Contabilidade que presta assessoria ao munic\u00edpio.<\/p>\n\n\n\n<div class=\"wp-block-image\"><figure class=\"aligncenter size-large\"><a href=\"https:\/\/i0.wp.com\/blogdoeloiltoncajuhy.com.br\/site\/wp-content\/uploads\/2021\/04\/PMA_PPA_03.jpeg\"><img data-recalc-dims=\"1\" decoding=\"async\" width=\"800\" height=\"600\" src=\"https:\/\/i0.wp.com\/blogdoeloiltoncajuhy.com.br\/site\/wp-content\/uploads\/2021\/04\/PMA_PPA_03.jpeg?resize=800%2C600\" alt=\"\" class=\"wp-image-55640\" srcset=\"https:\/\/i0.wp.com\/blogdoeloiltoncajuhy.com.br\/site\/wp-content\/uploads\/2021\/04\/PMA_PPA_03.jpeg?w=1000&amp;ssl=1 1000w, https:\/\/i0.wp.com\/blogdoeloiltoncajuhy.com.br\/site\/wp-content\/uploads\/2021\/04\/PMA_PPA_03.jpeg?resize=300%2C225&amp;ssl=1 300w, https:\/\/i0.wp.com\/blogdoeloiltoncajuhy.com.br\/site\/wp-content\/uploads\/2021\/04\/PMA_PPA_03.jpeg?resize=768%2C576&amp;ssl=1 768w\" sizes=\"(max-width: 800px) 100vw, 800px\" \/><\/a><\/figure><\/div>\n\n\n\n<p>A gest\u00e3o municipal est\u00e1 realizando a constru\u00e7\u00e3o de um PPA totalmente participativo, onde a sociedade ter\u00e1 acesso a partir da pr\u00f3xima semana a esse planejamento, podendo contribuir em sua constru\u00e7\u00e3o, por meio do envio de sugest\u00f5es atrav\u00e9s de uma consulta p\u00fablica pelo Portal da Prefeitura.<\/p>\n\n\n\n<p><em>\u201cO munic\u00edpio de Andorinha, apesar das dificuldades existentes em tempo de pandemia, consegue desenvolver o PPA de forma participativa, com eixos tem\u00e1ticos das pessoas envolvidas na administra\u00e7\u00e3o p\u00fablica. Onde ser\u00e1 feito o uso da tecnologia, no qual o Poder Legislativo e a sociedade ter\u00e3o acesso a esse trabalho, atrav\u00e9s das m\u00eddias sociais, objetivando qualidade, evolu\u00e7\u00e3o e transpar\u00eancia\u201d<\/em>, disse o prefeito Renato Brand\u00e3o.<\/p>\n","protected":false},"excerpt":{"rendered":"<p>O Plano Plurianual (PPA) \u00e9 um documento que define as prioridades do governo para o per\u00edodo de 4 anos. Nele consta o planejamento de como ser\u00e3o executadas as pol\u00edticas p\u00fablicas para alcan\u00e7ar os resultados esperados ao bem-estar da popula\u00e7\u00e3o nas diversas \u00e1reas. Seu prop\u00f3sito \u00e9 estabelecer diretrizes, metas e objetivos da gest\u00e3o p\u00fablica atrav\u00e9s de [&hellip;]<\/p>\n","protected":false},"author":2,"featured_media":55640,"comment_status":"open","ping_status":"open","sticky":false,"template":"","format":"standard","meta":{"_acf_changed":false,"_monsterinsights_skip_tracking":false,"_monsterinsights_sitenote_active":false,"_monsterinsights_sitenote_note":"","_monsterinsights_sitenote_category":0,"_jetpack_memberships_contains_paid_content":false,"footnotes":"","jetpack_publicize_message":"","jetpack_publicize_feature_enabled":true,"jetpack_social_post_already_shared":true,"jetpack_social_options":{"image_generator_settings":{"template":"highway","default_image_id":0,"font":"","enabled":false},"version":2}},"categories":[11],"tags":[],"class_list":["post-55638","post","type-post","status-publish","format-standard","has-post-thumbnail","hentry","category-regional"],"acf":[],"jetpack_publicize_connections":[],"jetpack_featured_media_url":"https:\/\/i0.wp.com\/blogdoeloiltoncajuhy.com.br\/site\/wp-content\/uploads\/2021\/04\/PMA_PPA_03.jpeg?fit=1000%2C750&ssl=1","jetpack_sharing_enabled":true,"publishpress_future_workflow_manual_trigger":{"enabledWorkflows":[]},"_links":{"self":[{"href":"https:\/\/blogdoeloiltoncajuhy.com.br\/site\/wp-json\/wp\/v2\/posts\/55638","targetHints":{"allow":["GET"]}}],"collection":[{"href":"https:\/\/blogdoeloiltoncajuhy.com.br\/site\/wp-json\/wp\/v2\/posts"}],"about":[{"href":"https:\/\/blogdoeloiltoncajuhy.com.br\/site\/wp-json\/wp\/v2\/types\/post"}],"author":[{"embeddable":true,"href":"https:\/\/blogdoeloiltoncajuhy.com.br\/site\/wp-json\/wp\/v2\/users\/2"}],"replies":[{"embeddable":true,"href":"https:\/\/blogdoeloiltoncajuhy.com.br\/site\/wp-json\/wp\/v2\/comments?post=55638"}],"version-history":[{"count":1,"href":"https:\/\/blogdoeloiltoncajuhy.com.br\/site\/wp-json\/wp\/v2\/posts\/55638\/revisions"}],"predecessor-version":[{"id":55641,"href":"https:\/\/blogdoeloiltoncajuhy.com.br\/site\/wp-json\/wp\/v2\/posts\/55638\/revisions\/55641"}],"wp:featuredmedia":[{"embeddable":true,"href":"https:\/\/blogdoeloiltoncajuhy.com.br\/site\/wp-json\/wp\/v2\/media\/55640"}],"wp:attachment":[{"href":"https:\/\/blogdoeloiltoncajuhy.com.br\/site\/wp-json\/wp\/v2\/media?parent=55638"}],"wp:term":[{"taxonomy":"category","embeddable":true,"href":"https:\/\/blogdoeloiltoncajuhy.com.br\/site\/wp-json\/wp\/v2\/categories?post=55638"},{"taxonomy":"post_tag","embeddable":true,"href":"https:\/\/blogdoeloiltoncajuhy.com.br\/site\/wp-json\/wp\/v2\/tags?post=55638"}],"curies":[{"name":"wp","href":"https:\/\/api.w.org\/{rel}","templated":true}]}}