{"id":55634,"date":"2021-04-15T11:32:47","date_gmt":"2021-04-15T14:32:47","guid":{"rendered":"http:\/\/blogdoeloiltoncajuhy.com.br\/site\/?p=55634"},"modified":"2021-04-15T11:32:48","modified_gmt":"2021-04-15T14:32:48","slug":"estudo-publicado-na-revista-science-aponta-governo-federal-como-maior-culpado-por-erros-na-pandemia-no-brasil","status":"publish","type":"post","link":"https:\/\/blogdoeloiltoncajuhy.com.br\/site\/estudo-publicado-na-revista-science-aponta-governo-federal-como-maior-culpado-por-erros-na-pandemia-no-brasil\/","title":{"rendered":"Estudo publicado na revista Science aponta governo federal como maior culpado por erros na pandemia no Brasil"},"content":{"rendered":"\n<h5 class=\"has-text-align-center wp-block-heading\"><em>Trabalho sai na mesma semana em que o Senado prepara CPI para investigar equ\u00edvocos do governo federal na resposta \u00e0 Covid-19<\/em><\/h5>\n\n\n\n<div class=\"wp-block-image\"><figure class=\"aligncenter size-large\"><a href=\"https:\/\/i0.wp.com\/blogdoeloiltoncajuhy.com.br\/site\/wp-content\/uploads\/2021\/04\/Coronavirus-mortes.jpg\"><img data-recalc-dims=\"1\" fetchpriority=\"high\" decoding=\"async\" width=\"800\" height=\"480\" src=\"https:\/\/i0.wp.com\/blogdoeloiltoncajuhy.com.br\/site\/wp-content\/uploads\/2021\/04\/Coronavirus-mortes.jpg?resize=800%2C480\" alt=\"\" class=\"wp-image-55635\" srcset=\"https:\/\/i0.wp.com\/blogdoeloiltoncajuhy.com.br\/site\/wp-content\/uploads\/2021\/04\/Coronavirus-mortes.jpg?resize=1024%2C615&amp;ssl=1 1024w, https:\/\/i0.wp.com\/blogdoeloiltoncajuhy.com.br\/site\/wp-content\/uploads\/2021\/04\/Coronavirus-mortes.jpg?resize=300%2C180&amp;ssl=1 300w, https:\/\/i0.wp.com\/blogdoeloiltoncajuhy.com.br\/site\/wp-content\/uploads\/2021\/04\/Coronavirus-mortes.jpg?resize=768%2C461&amp;ssl=1 768w, https:\/\/i0.wp.com\/blogdoeloiltoncajuhy.com.br\/site\/wp-content\/uploads\/2021\/04\/Coronavirus-mortes.jpg?w=1086&amp;ssl=1 1086w\" sizes=\"(max-width: 800px) 100vw, 800px\" \/><\/a><figcaption><em>Cemit\u00e9rio Parque Taruma, em Manaus, Amazonas | Foto: Bruno Kelly\/Reuters<\/em><\/figcaption><\/figure><\/div>\n\n\n\n<p>O fracasso brasileiro no combate a pandemia pode ser parcialmente atribu\u00eddo a falhas de gestores p\u00fablicos em diferentes lugares, mas o peso do governo federal tem um tamanho desproporcionalmente grande na equa\u00e7\u00e3o. A conclus\u00e3o \u00e9 de um estudo assinado por dez cientistas do Brasil e dos EUA, liderado pela dem\u00f3grafa M\u00e1rcia Castro, professora da Universidade Harvard, publicado na revista Science, vitrine da ci\u00eancia mundial.<\/p>\n\n\n\n<p>O trabalho, que mapeou o espalhamento da doen\u00e7a com detalhes no Brasil entre fevereiro e outubro do ano passado, sai na mesma semana em que o Senado prepara uma CPI (comiss\u00e3o parlamentar de inqu\u00e9rito) para investigar a responsabilidade por equ\u00edvocos na resposta \u00e0 epidemia. Alavancada por outros estudos realizados antes, a pesquisa mostra que houve grande variedade na qualidade da resposta \u00e0 pandemia, e isso \u00e9 uma marca t\u00edpica de problemas de &#8220;omiss\u00e3o&#8221; e &#8220;erro&#8221; do governo federal, porque o Minist\u00e9rio da Sa\u00fade e o SUS s\u00e3o os grandes respons\u00e1veis por atenuar as desigualdades regionais nas pol\u00edticas de sa\u00fade.<\/p>\n\n\n\n<p>Se o primeiro ingrediente da falha foi a pr\u00f3pria desigualdade j\u00e1 instalada no pa\u00eds, outros s\u00e3o problemas mais relacionados ao momento pol\u00edtico que o pa\u00eds vive.<\/p>\n\n\n\n<p>O segundo problema foi a falta de bloqueios que pudessem evitar o espalhamento da doen\u00e7a entre munic\u00edpios e estados, porque o Brasil \u00e9 um pa\u00eds grande e relativamente bem conectado. O terceiro ingrediente foi o fator pol\u00edtico em si, porque cidades e estados governados por aliados do presidente Jair Bolsonaro tomaram menos a\u00e7\u00f5es, e a polariza\u00e7\u00e3o ideol\u00f3gica prejudicou a ades\u00e3o a medidas.<\/p>\n\n\n\n<p>O quarto elemento (o mais bem documentado no estudo de M\u00e1rcia Castro) \u00e9 a falha de testagem e acompanhamento da epidemia, com v\u00e1rias cidades tendo come\u00e7ado a registrar alta nas mortes por Covid-19 antes da alta de casos.<\/p>\n\n\n\n<p>O quinto ingrediente, finalmente, foi a falta de sincronia nas medidas de distanciamento e conten\u00e7\u00e3o do v\u00edrus. A falta de uma pol\u00edtica nacional de distanciamento social ajudou o v\u00edrus a encontrar sempre um ref\u00fagio onde pudesse crescer, explicam os cientistas.<\/p>\n","protected":false},"excerpt":{"rendered":"<p>Trabalho sai na mesma semana em que o Senado prepara CPI para investigar equ\u00edvocos do governo federal na resposta \u00e0 Covid-19 O fracasso brasileiro no combate a pandemia pode ser parcialmente atribu\u00eddo a falhas de gestores p\u00fablicos em diferentes lugares, mas o peso do governo federal tem um tamanho desproporcionalmente grande na equa\u00e7\u00e3o. A conclus\u00e3o [&hellip;]<\/p>\n","protected":false},"author":2,"featured_media":55635,"comment_status":"open","ping_status":"open","sticky":false,"template":"","format":"standard","meta":{"_acf_changed":false,"_monsterinsights_skip_tracking":false,"_monsterinsights_sitenote_active":false,"_monsterinsights_sitenote_note":"","_monsterinsights_sitenote_category":0,"_jetpack_memberships_contains_paid_content":false,"footnotes":"","jetpack_publicize_message":"","jetpack_publicize_feature_enabled":true,"jetpack_social_post_already_shared":true,"jetpack_social_options":{"image_generator_settings":{"template":"highway","default_image_id":0,"font":"","enabled":false},"version":2}},"categories":[7],"tags":[],"class_list":["post-55634","post","type-post","status-publish","format-standard","has-post-thumbnail","hentry","category-saude"],"acf":[],"jetpack_publicize_connections":[],"jetpack_featured_media_url":"https:\/\/i0.wp.com\/blogdoeloiltoncajuhy.com.br\/site\/wp-content\/uploads\/2021\/04\/Coronavirus-mortes.jpg?fit=1086%2C652&ssl=1","jetpack_sharing_enabled":true,"publishpress_future_workflow_manual_trigger":{"enabledWorkflows":[]},"_links":{"self":[{"href":"https:\/\/blogdoeloiltoncajuhy.com.br\/site\/wp-json\/wp\/v2\/posts\/55634","targetHints":{"allow":["GET"]}}],"collection":[{"href":"https:\/\/blogdoeloiltoncajuhy.com.br\/site\/wp-json\/wp\/v2\/posts"}],"about":[{"href":"https:\/\/blogdoeloiltoncajuhy.com.br\/site\/wp-json\/wp\/v2\/types\/post"}],"author":[{"embeddable":true,"href":"https:\/\/blogdoeloiltoncajuhy.com.br\/site\/wp-json\/wp\/v2\/users\/2"}],"replies":[{"embeddable":true,"href":"https:\/\/blogdoeloiltoncajuhy.com.br\/site\/wp-json\/wp\/v2\/comments?post=55634"}],"version-history":[{"count":2,"href":"https:\/\/blogdoeloiltoncajuhy.com.br\/site\/wp-json\/wp\/v2\/posts\/55634\/revisions"}],"predecessor-version":[{"id":55637,"href":"https:\/\/blogdoeloiltoncajuhy.com.br\/site\/wp-json\/wp\/v2\/posts\/55634\/revisions\/55637"}],"wp:featuredmedia":[{"embeddable":true,"href":"https:\/\/blogdoeloiltoncajuhy.com.br\/site\/wp-json\/wp\/v2\/media\/55635"}],"wp:attachment":[{"href":"https:\/\/blogdoeloiltoncajuhy.com.br\/site\/wp-json\/wp\/v2\/media?parent=55634"}],"wp:term":[{"taxonomy":"category","embeddable":true,"href":"https:\/\/blogdoeloiltoncajuhy.com.br\/site\/wp-json\/wp\/v2\/categories?post=55634"},{"taxonomy":"post_tag","embeddable":true,"href":"https:\/\/blogdoeloiltoncajuhy.com.br\/site\/wp-json\/wp\/v2\/tags?post=55634"}],"curies":[{"name":"wp","href":"https:\/\/api.w.org\/{rel}","templated":true}]}}