{"id":55625,"date":"2021-04-15T09:24:45","date_gmt":"2021-04-15T12:24:45","guid":{"rendered":"http:\/\/blogdoeloiltoncajuhy.com.br\/site\/?p=55625"},"modified":"2021-04-15T09:24:47","modified_gmt":"2021-04-15T12:24:47","slug":"covid-19-comissao-autoriza-vacinacao-de-profissionais-da-educacao-na-bahia","status":"publish","type":"post","link":"https:\/\/blogdoeloiltoncajuhy.com.br\/site\/covid-19-comissao-autoriza-vacinacao-de-profissionais-da-educacao-na-bahia\/","title":{"rendered":"Covid-19: Comiss\u00e3o autoriza vacina\u00e7\u00e3o de profissionais da Educa\u00e7\u00e3o na Bahia"},"content":{"rendered":"\n<h5 class=\"has-text-align-center wp-block-heading\"><em>Decis\u00e3o foi tomada em reuni\u00e3o realizada na quarta-feira (14) e publicada nesta quinta (15), no Di\u00e1rio oficial do Estado. Profissionais precisam ter idade a partir de 55 anos<\/em><\/h5>\n\n\n\n<div class=\"wp-block-image\"><figure class=\"aligncenter size-large\"><a href=\"https:\/\/i0.wp.com\/blogdoeloiltoncajuhy.com.br\/site\/wp-content\/uploads\/2021\/02\/Corona_Vacina.jpg\"><img data-recalc-dims=\"1\" fetchpriority=\"high\" decoding=\"async\" width=\"800\" height=\"480\" src=\"https:\/\/i0.wp.com\/blogdoeloiltoncajuhy.com.br\/site\/wp-content\/uploads\/2021\/02\/Corona_Vacina.jpg?resize=800%2C480\" alt=\"\" class=\"wp-image-54212\" srcset=\"https:\/\/i0.wp.com\/blogdoeloiltoncajuhy.com.br\/site\/wp-content\/uploads\/2021\/02\/Corona_Vacina.jpg?resize=1024%2C615&amp;ssl=1 1024w, https:\/\/i0.wp.com\/blogdoeloiltoncajuhy.com.br\/site\/wp-content\/uploads\/2021\/02\/Corona_Vacina.jpg?resize=300%2C180&amp;ssl=1 300w, https:\/\/i0.wp.com\/blogdoeloiltoncajuhy.com.br\/site\/wp-content\/uploads\/2021\/02\/Corona_Vacina.jpg?resize=768%2C461&amp;ssl=1 768w, https:\/\/i0.wp.com\/blogdoeloiltoncajuhy.com.br\/site\/wp-content\/uploads\/2021\/02\/Corona_Vacina.jpg?w=1086&amp;ssl=1 1086w\" sizes=\"(max-width: 800px) 100vw, 800px\" \/><\/a><\/figure><\/div>\n\n\n\n<p>A Comiss\u00e3o Intergestores Bipartite (CIB), que tem representantes dos 417 munic\u00edpios da Bahia, autorizou a inclus\u00e3o de profissionais da Educa\u00e7\u00e3o, com idade a partir de 55 anos, na lista de prioridades da vacina\u00e7\u00e3o contra a Covid-19.<\/p>\n\n\n\n<p>A medida foi definida em reuni\u00e3o realizada na quarta-feira (14) e publicada na edi\u00e7\u00e3o desta quinta (15) do Di\u00e1rio oficial do Estado.<\/p>\n\n\n\n<p>Na reuni\u00e3o ficou definido tamb\u00e9m que os munic\u00edpios que finalizarem a vacina\u00e7\u00e3o de integrantes das for\u00e7as de seguran\u00e7a e salvamento, com idade entre 59 a 50 anos, poder\u00e3o avan\u00e7ar para o grupo de 49 a 45 anos.<\/p>\n","protected":false},"excerpt":{"rendered":"<p>Decis\u00e3o foi tomada em reuni\u00e3o realizada na quarta-feira (14) e publicada nesta quinta (15), no Di\u00e1rio oficial do Estado. Profissionais precisam ter idade a partir de 55 anos A Comiss\u00e3o Intergestores Bipartite (CIB), que tem representantes dos 417 munic\u00edpios da Bahia, autorizou a inclus\u00e3o de profissionais da Educa\u00e7\u00e3o, com idade a partir de 55 anos, [&hellip;]<\/p>\n","protected":false},"author":2,"featured_media":54212,"comment_status":"open","ping_status":"open","sticky":false,"template":"","format":"standard","meta":{"_acf_changed":false,"_monsterinsights_skip_tracking":false,"_monsterinsights_sitenote_active":false,"_monsterinsights_sitenote_note":"","_monsterinsights_sitenote_category":0,"_jetpack_memberships_contains_paid_content":false,"footnotes":"","jetpack_publicize_message":"","jetpack_publicize_feature_enabled":true,"jetpack_social_post_already_shared":true,"jetpack_social_options":{"image_generator_settings":{"template":"highway","default_image_id":0,"font":"","enabled":false},"version":2}},"categories":[7],"tags":[],"class_list":["post-55625","post","type-post","status-publish","format-standard","has-post-thumbnail","hentry","category-saude"],"acf":[],"jetpack_publicize_connections":[],"jetpack_featured_media_url":"https:\/\/i0.wp.com\/blogdoeloiltoncajuhy.com.br\/site\/wp-content\/uploads\/2021\/02\/Corona_Vacina.jpg?fit=1086%2C652&ssl=1","jetpack_sharing_enabled":true,"publishpress_future_workflow_manual_trigger":{"enabledWorkflows":[]},"_links":{"self":[{"href":"https:\/\/blogdoeloiltoncajuhy.com.br\/site\/wp-json\/wp\/v2\/posts\/55625","targetHints":{"allow":["GET"]}}],"collection":[{"href":"https:\/\/blogdoeloiltoncajuhy.com.br\/site\/wp-json\/wp\/v2\/posts"}],"about":[{"href":"https:\/\/blogdoeloiltoncajuhy.com.br\/site\/wp-json\/wp\/v2\/types\/post"}],"author":[{"embeddable":true,"href":"https:\/\/blogdoeloiltoncajuhy.com.br\/site\/wp-json\/wp\/v2\/users\/2"}],"replies":[{"embeddable":true,"href":"https:\/\/blogdoeloiltoncajuhy.com.br\/site\/wp-json\/wp\/v2\/comments?post=55625"}],"version-history":[{"count":2,"href":"https:\/\/blogdoeloiltoncajuhy.com.br\/site\/wp-json\/wp\/v2\/posts\/55625\/revisions"}],"predecessor-version":[{"id":55627,"href":"https:\/\/blogdoeloiltoncajuhy.com.br\/site\/wp-json\/wp\/v2\/posts\/55625\/revisions\/55627"}],"wp:featuredmedia":[{"embeddable":true,"href":"https:\/\/blogdoeloiltoncajuhy.com.br\/site\/wp-json\/wp\/v2\/media\/54212"}],"wp:attachment":[{"href":"https:\/\/blogdoeloiltoncajuhy.com.br\/site\/wp-json\/wp\/v2\/media?parent=55625"}],"wp:term":[{"taxonomy":"category","embeddable":true,"href":"https:\/\/blogdoeloiltoncajuhy.com.br\/site\/wp-json\/wp\/v2\/categories?post=55625"},{"taxonomy":"post_tag","embeddable":true,"href":"https:\/\/blogdoeloiltoncajuhy.com.br\/site\/wp-json\/wp\/v2\/tags?post=55625"}],"curies":[{"name":"wp","href":"https:\/\/api.w.org\/{rel}","templated":true}]}}