{"id":55623,"date":"2021-04-15T08:52:39","date_gmt":"2021-04-15T11:52:39","guid":{"rendered":"http:\/\/blogdoeloiltoncajuhy.com.br\/site\/?p=55623"},"modified":"2021-04-15T08:52:40","modified_gmt":"2021-04-15T11:52:40","slug":"veja-os-numeros-atualizados-da-covid-19-em-senhor-do-bonfim-3","status":"publish","type":"post","link":"https:\/\/blogdoeloiltoncajuhy.com.br\/site\/veja-os-numeros-atualizados-da-covid-19-em-senhor-do-bonfim-3\/","title":{"rendered":"Veja os n\u00fameros atualizados da Covid-19 em Senhor do Bonfim"},"content":{"rendered":"\n<div class=\"wp-block-image\"><figure class=\"aligncenter size-large\"><a href=\"https:\/\/i0.wp.com\/blogdoeloiltoncajuhy.com.br\/site\/wp-content\/uploads\/2021\/01\/corona-9.jpg\"><img data-recalc-dims=\"1\" fetchpriority=\"high\" decoding=\"async\" width=\"800\" height=\"450\" src=\"https:\/\/i0.wp.com\/blogdoeloiltoncajuhy.com.br\/site\/wp-content\/uploads\/2021\/01\/corona-9.jpg?resize=800%2C450\" alt=\"\" class=\"wp-image-52916\" srcset=\"https:\/\/i0.wp.com\/blogdoeloiltoncajuhy.com.br\/site\/wp-content\/uploads\/2021\/01\/corona-9.jpg?w=984&amp;ssl=1 984w, https:\/\/i0.wp.com\/blogdoeloiltoncajuhy.com.br\/site\/wp-content\/uploads\/2021\/01\/corona-9.jpg?resize=300%2C169&amp;ssl=1 300w, https:\/\/i0.wp.com\/blogdoeloiltoncajuhy.com.br\/site\/wp-content\/uploads\/2021\/01\/corona-9.jpg?resize=768%2C432&amp;ssl=1 768w\" sizes=\"(max-width: 800px) 100vw, 800px\" \/><\/a><\/figure><\/div>\n\n\n\n<p>Mais 14 casos da Covid-19 foram confirmados em Senhor do Bonfim nas \u00faltimas 24 horas. Os dados s\u00e3o do novo Boletim Epidemiol\u00f3gico divulgado nesta quarta-feira (14) pela Secretaria Municipal de Sa\u00fade.<\/p>\n\n\n\n<p>Agora, s\u00e3o 3.565 os bonfinenses que tiveram ou t\u00eam o v\u00edrus em nosso munic\u00edpio.<\/p>\n\n\n\n<p>O n\u00famero de pacientes em monitoramento \u00e9 de 124, enquanto 33 exames aguardam resultado no Lacen do estado. Os casos ativos est\u00e3o em 91. Os pacientes curados somam 3.419, de acordo com o boletim.<\/p>\n\n\n\n<p>Ainda de com o informativo, 15 pacientes est\u00e3o internados na UTI do Hospital Dom Antonio Monteiro (HDAM). A taxa de ocupa\u00e7\u00e3o dos leitos \u00e9 de 75%. Senhor do Bonfim registra at\u00e9 o momento 55 \u00f3bitos causados pela Covid-19.<\/p>\n","protected":false},"excerpt":{"rendered":"<p>Mais 14 casos da Covid-19 foram confirmados em Senhor do Bonfim nas \u00faltimas 24 horas. Os dados s\u00e3o do novo Boletim Epidemiol\u00f3gico divulgado nesta quarta-feira (14) pela Secretaria Municipal de Sa\u00fade. Agora, s\u00e3o 3.565 os bonfinenses que tiveram ou t\u00eam o v\u00edrus em nosso munic\u00edpio. O n\u00famero de pacientes em monitoramento \u00e9 de 124, enquanto [&hellip;]<\/p>\n","protected":false},"author":2,"featured_media":52691,"comment_status":"open","ping_status":"open","sticky":false,"template":"","format":"standard","meta":{"_acf_changed":false,"_monsterinsights_skip_tracking":false,"_monsterinsights_sitenote_active":false,"_monsterinsights_sitenote_note":"","_monsterinsights_sitenote_category":0,"_jetpack_memberships_contains_paid_content":false,"footnotes":"","jetpack_publicize_message":"","jetpack_publicize_feature_enabled":true,"jetpack_social_post_already_shared":true,"jetpack_social_options":{"image_generator_settings":{"template":"highway","default_image_id":0,"font":"","enabled":false},"version":2}},"categories":[4],"tags":[],"class_list":["post-55623","post","type-post","status-publish","format-standard","has-post-thumbnail","hentry","category-local"],"acf":[],"jetpack_publicize_connections":[],"jetpack_featured_media_url":"https:\/\/i0.wp.com\/blogdoeloiltoncajuhy.com.br\/site\/wp-content\/uploads\/2021\/01\/coronavirus-06012021.jpg?fit=600%2C375&ssl=1","jetpack_sharing_enabled":true,"publishpress_future_workflow_manual_trigger":{"enabledWorkflows":[]},"_links":{"self":[{"href":"https:\/\/blogdoeloiltoncajuhy.com.br\/site\/wp-json\/wp\/v2\/posts\/55623","targetHints":{"allow":["GET"]}}],"collection":[{"href":"https:\/\/blogdoeloiltoncajuhy.com.br\/site\/wp-json\/wp\/v2\/posts"}],"about":[{"href":"https:\/\/blogdoeloiltoncajuhy.com.br\/site\/wp-json\/wp\/v2\/types\/post"}],"author":[{"embeddable":true,"href":"https:\/\/blogdoeloiltoncajuhy.com.br\/site\/wp-json\/wp\/v2\/users\/2"}],"replies":[{"embeddable":true,"href":"https:\/\/blogdoeloiltoncajuhy.com.br\/site\/wp-json\/wp\/v2\/comments?post=55623"}],"version-history":[{"count":1,"href":"https:\/\/blogdoeloiltoncajuhy.com.br\/site\/wp-json\/wp\/v2\/posts\/55623\/revisions"}],"predecessor-version":[{"id":55624,"href":"https:\/\/blogdoeloiltoncajuhy.com.br\/site\/wp-json\/wp\/v2\/posts\/55623\/revisions\/55624"}],"wp:featuredmedia":[{"embeddable":true,"href":"https:\/\/blogdoeloiltoncajuhy.com.br\/site\/wp-json\/wp\/v2\/media\/52691"}],"wp:attachment":[{"href":"https:\/\/blogdoeloiltoncajuhy.com.br\/site\/wp-json\/wp\/v2\/media?parent=55623"}],"wp:term":[{"taxonomy":"category","embeddable":true,"href":"https:\/\/blogdoeloiltoncajuhy.com.br\/site\/wp-json\/wp\/v2\/categories?post=55623"},{"taxonomy":"post_tag","embeddable":true,"href":"https:\/\/blogdoeloiltoncajuhy.com.br\/site\/wp-json\/wp\/v2\/tags?post=55623"}],"curies":[{"name":"wp","href":"https:\/\/api.w.org\/{rel}","templated":true}]}}