{"id":55582,"date":"2021-04-14T09:51:34","date_gmt":"2021-04-14T12:51:34","guid":{"rendered":"http:\/\/blogdoeloiltoncajuhy.com.br\/site\/?p=55582"},"modified":"2021-04-14T09:51:35","modified_gmt":"2021-04-14T12:51:35","slug":"bahia-zera-fila-de-regulacao-de-pacientes-intubados-em-upas","status":"publish","type":"post","link":"https:\/\/blogdoeloiltoncajuhy.com.br\/site\/bahia-zera-fila-de-regulacao-de-pacientes-intubados-em-upas\/","title":{"rendered":"Bahia zera fila de regula\u00e7\u00e3o de pacientes intubados em UPAs"},"content":{"rendered":"\n<div class=\"wp-block-image\"><figure class=\"aligncenter size-full is-resized\"><a href=\"https:\/\/i0.wp.com\/blogdoeloiltoncajuhy.com.br\/site\/wp-content\/uploads\/2021\/04\/Hospital-Espanhol-555x369-1.jpeg\"><img data-recalc-dims=\"1\" fetchpriority=\"high\" decoding=\"async\" src=\"https:\/\/i0.wp.com\/blogdoeloiltoncajuhy.com.br\/site\/wp-content\/uploads\/2021\/04\/Hospital-Espanhol-555x369-1.jpeg?resize=732%2C487\" alt=\"\" class=\"wp-image-55583\" width=\"732\" height=\"487\" srcset=\"https:\/\/i0.wp.com\/blogdoeloiltoncajuhy.com.br\/site\/wp-content\/uploads\/2021\/04\/Hospital-Espanhol-555x369-1.jpeg?w=555&amp;ssl=1 555w, https:\/\/i0.wp.com\/blogdoeloiltoncajuhy.com.br\/site\/wp-content\/uploads\/2021\/04\/Hospital-Espanhol-555x369-1.jpeg?resize=300%2C199&amp;ssl=1 300w\" sizes=\"(max-width: 732px) 100vw, 732px\" \/><\/a><\/figure><\/div>\n\n\n\n<p>Nesta ter\u00e7a-feira (13), a Bahia zerou a fila de pacientes com diagn\u00f3stico da Covid-19 que estavam intubados e aguardavam transfer\u00eancia em unidades de emerg\u00eancia e UPAs.<\/p>\n\n\n\n<p><em>\u201c\u00c9 uma pequena vit\u00f3ria, mas deve ser comemorada\u201d<\/em>, avalia o secret\u00e1rio da Sa\u00fade do Estado da Bahia, F\u00e1bio Vilas-Boas.<\/p>\n\n\n\n<p>Diariamente, a Secretaria da Sa\u00fade do Estado da Bahia (Sesab) vem abrindo novos leitos cl\u00ednicos e de terapia intensiva a fim de ampliar a assist\u00eancia \u00e0 sa\u00fade. Entre janeiro e mar\u00e7o deste ano, foram abertos novos leitos nos munic\u00edpios de Salvador, Cama\u00e7ari, Lauro de Freitas, Santo Ant\u00f4nio de Jesus, Feira de Santana, Seabra, Alagoinhas, Guanambi, Caetit\u00e9, Vit\u00f3ria da Conquista, Ilh\u00e9us, Itabuna, <strong>Senhor do Bonfim<\/strong>, Jacobina, Barreiras, Barra, Bom Jesus da Lapa, Jequi\u00e9 e Porto Seguro.<\/p>\n\n\n\n<p>Os mais de 3.400 leitos ativos, localiza\u00e7\u00e3o e a ocupa\u00e7\u00e3o est\u00e3o detalhados no Business Intelligence da Sesab.<\/p>\n","protected":false},"excerpt":{"rendered":"<p>Nesta ter\u00e7a-feira (13), a Bahia zerou a fila de pacientes com diagn\u00f3stico da Covid-19 que estavam intubados e aguardavam transfer\u00eancia em unidades de emerg\u00eancia e UPAs. \u201c\u00c9 uma pequena vit\u00f3ria, mas deve ser comemorada\u201d, avalia o secret\u00e1rio da Sa\u00fade do Estado da Bahia, F\u00e1bio Vilas-Boas. Diariamente, a Secretaria da Sa\u00fade do Estado da Bahia (Sesab) [&hellip;]<\/p>\n","protected":false},"author":2,"featured_media":55583,"comment_status":"open","ping_status":"open","sticky":false,"template":"","format":"standard","meta":{"_acf_changed":false,"_monsterinsights_skip_tracking":false,"_monsterinsights_sitenote_active":false,"_monsterinsights_sitenote_note":"","_monsterinsights_sitenote_category":0,"_jetpack_memberships_contains_paid_content":false,"footnotes":"","jetpack_publicize_message":"","jetpack_publicize_feature_enabled":true,"jetpack_social_post_already_shared":true,"jetpack_social_options":{"image_generator_settings":{"template":"highway","default_image_id":0,"font":"","enabled":false},"version":2}},"categories":[7],"tags":[],"class_list":["post-55582","post","type-post","status-publish","format-standard","has-post-thumbnail","hentry","category-saude"],"acf":[],"jetpack_publicize_connections":[],"jetpack_featured_media_url":"https:\/\/i0.wp.com\/blogdoeloiltoncajuhy.com.br\/site\/wp-content\/uploads\/2021\/04\/Hospital-Espanhol-555x369-1.jpeg?fit=555%2C369&ssl=1","jetpack_sharing_enabled":true,"publishpress_future_workflow_manual_trigger":{"enabledWorkflows":[]},"_links":{"self":[{"href":"https:\/\/blogdoeloiltoncajuhy.com.br\/site\/wp-json\/wp\/v2\/posts\/55582","targetHints":{"allow":["GET"]}}],"collection":[{"href":"https:\/\/blogdoeloiltoncajuhy.com.br\/site\/wp-json\/wp\/v2\/posts"}],"about":[{"href":"https:\/\/blogdoeloiltoncajuhy.com.br\/site\/wp-json\/wp\/v2\/types\/post"}],"author":[{"embeddable":true,"href":"https:\/\/blogdoeloiltoncajuhy.com.br\/site\/wp-json\/wp\/v2\/users\/2"}],"replies":[{"embeddable":true,"href":"https:\/\/blogdoeloiltoncajuhy.com.br\/site\/wp-json\/wp\/v2\/comments?post=55582"}],"version-history":[{"count":2,"href":"https:\/\/blogdoeloiltoncajuhy.com.br\/site\/wp-json\/wp\/v2\/posts\/55582\/revisions"}],"predecessor-version":[{"id":55585,"href":"https:\/\/blogdoeloiltoncajuhy.com.br\/site\/wp-json\/wp\/v2\/posts\/55582\/revisions\/55585"}],"wp:featuredmedia":[{"embeddable":true,"href":"https:\/\/blogdoeloiltoncajuhy.com.br\/site\/wp-json\/wp\/v2\/media\/55583"}],"wp:attachment":[{"href":"https:\/\/blogdoeloiltoncajuhy.com.br\/site\/wp-json\/wp\/v2\/media?parent=55582"}],"wp:term":[{"taxonomy":"category","embeddable":true,"href":"https:\/\/blogdoeloiltoncajuhy.com.br\/site\/wp-json\/wp\/v2\/categories?post=55582"},{"taxonomy":"post_tag","embeddable":true,"href":"https:\/\/blogdoeloiltoncajuhy.com.br\/site\/wp-json\/wp\/v2\/tags?post=55582"}],"curies":[{"name":"wp","href":"https:\/\/api.w.org\/{rel}","templated":true}]}}