{"id":55568,"date":"2021-04-13T08:59:52","date_gmt":"2021-04-13T11:59:52","guid":{"rendered":"http:\/\/blogdoeloiltoncajuhy.com.br\/site\/?p=55568"},"modified":"2021-04-13T09:04:58","modified_gmt":"2021-04-13T12:04:58","slug":"homem-mata-filha-e-deixa-outras-quatro-pessoas-da-familia-feridas-em-sc-diz-policia","status":"publish","type":"post","link":"https:\/\/blogdoeloiltoncajuhy.com.br\/site\/homem-mata-filha-e-deixa-outras-quatro-pessoas-da-familia-feridas-em-sc-diz-policia\/","title":{"rendered":"Homem mata filha e deixa outras quatro pessoas da fam\u00edlia feridas em SC, diz pol\u00edcia"},"content":{"rendered":"\n<div class=\"wp-block-image\"><figure class=\"aligncenter size-large\"><a href=\"https:\/\/i0.wp.com\/blogdoeloiltoncajuhy.com.br\/site\/wp-content\/uploads\/2021\/04\/pai-mata-filha-21-anos-tenta-matar-quatro-familaires-rodeio-foto-divulgacao-2.jpg\"><img data-recalc-dims=\"1\" fetchpriority=\"high\" decoding=\"async\" width=\"800\" height=\"533\" src=\"https:\/\/i0.wp.com\/blogdoeloiltoncajuhy.com.br\/site\/wp-content\/uploads\/2021\/04\/pai-mata-filha-21-anos-tenta-matar-quatro-familaires-rodeio-foto-divulgacao-2.jpg?resize=800%2C533\" alt=\"\" class=\"wp-image-55569\" srcset=\"https:\/\/i0.wp.com\/blogdoeloiltoncajuhy.com.br\/site\/wp-content\/uploads\/2021\/04\/pai-mata-filha-21-anos-tenta-matar-quatro-familaires-rodeio-foto-divulgacao-2.jpg?w=984&amp;ssl=1 984w, https:\/\/i0.wp.com\/blogdoeloiltoncajuhy.com.br\/site\/wp-content\/uploads\/2021\/04\/pai-mata-filha-21-anos-tenta-matar-quatro-familaires-rodeio-foto-divulgacao-2.jpg?resize=300%2C200&amp;ssl=1 300w, https:\/\/i0.wp.com\/blogdoeloiltoncajuhy.com.br\/site\/wp-content\/uploads\/2021\/04\/pai-mata-filha-21-anos-tenta-matar-quatro-familaires-rodeio-foto-divulgacao-2.jpg?resize=768%2C512&amp;ssl=1 768w\" sizes=\"(max-width: 800px) 100vw, 800px\" \/><\/a><figcaption>PM atendeu a ocorr\u00eancia por volta das 18h30 \u2014 Foto: Reprodu\u00e7\u00e3o PM\/Divulga\u00e7\u00e3o<\/figcaption><\/figure><\/div>\n\n\n\n<p>Um homem de 42 anos \u00e9&nbsp;suspeito de matar a pr\u00f3pria filha de 20 anos na segunda-feira (12)&nbsp;em&nbsp;<a href=\"https:\/\/g1.globo.com\/sc\/santa-catarina\/cidade\/rodeio\/\">Rodeio<\/a>, no Vale do Itaja\u00ed. Segundo a Pol\u00edcia Militar, ele teria deixado outras quatro pessoas da mesma fam\u00edlia feridas antes de fugir do local. O suspeito foi encontrado pelos policiais com cortes pelo corpo e levado ao hospital junto com as outras v\u00edtimas.<\/p>\n\n\n\n<p>A jovem foi atingida por golpes de faca e morreu no local do crime. Entre as v\u00edtimas est\u00e3o o ex-cunhado, de 34 anos, a ex-mulher, 39, a ex-sogra, 56, e o ex-sogro, 61 anos, tamb\u00e9m estaqueados. De acordo com a pol\u00edcia, o homem efetuou ainda disparos com um rifle calibre .22.<\/p>\n\n\n\n<p>Testemunhas informaram aos policiais que o homem fugiu para casa onde mora, que fica a aproximadamente 50 metros do local de onde o crime ocorreu. A pol\u00edcia realizou buscas e, ao entrar na resid\u00eancia do suspeito, encontrou manchas de sangue no ch\u00e3o da cozinha.<\/p>\n\n\n\n<p>O rastro de sangue foi seguido at\u00e9 uma \u00e1rea de matagal no fundo da casa, onde o homem foi encontrado perto de um c\u00f3rrego, com diversos cortes nos pulsos, p\u00e9s e uma perfura\u00e7\u00e3o no abd\u00f4men.<\/p>\n\n\n\n<p>Segundo o Corpo de Bombeiros Volunt\u00e1rios da cidade, os feridos foram levados aos hospitais de&nbsp;<a href=\"https:\/\/g1.globo.com\/sc\/santa-catarina\/cidade\/timbo\/\">Timb\u00f3<\/a>&nbsp;e&nbsp;<a href=\"https:\/\/g1.globo.com\/sc\/santa-catarina\/cidade\/indaial\/\">Indaial<\/a>, na mesma regi\u00e3o. Tr\u00eas estavam em estado grave. N\u00e3o h\u00e1 detalhes sobre o estado de sa\u00fade atualizado das v\u00edtimas.<\/p>\n\n\n\n<p>O G1 tentou contato com a delegacia da cidade e com o Instituto Geral de Per\u00edcias (IGP), mas n\u00e3o houve retorno at\u00e9 as 7h50.<\/p>\n","protected":false},"excerpt":{"rendered":"<p>Um homem de 42 anos \u00e9&nbsp;suspeito de matar a pr\u00f3pria filha de 20 anos na segunda-feira (12)&nbsp;em&nbsp;Rodeio, no Vale do Itaja\u00ed. Segundo a Pol\u00edcia Militar, ele teria deixado outras quatro pessoas da mesma fam\u00edlia feridas antes de fugir do local. O suspeito foi encontrado pelos policiais com cortes pelo corpo e levado ao hospital junto [&hellip;]<\/p>\n","protected":false},"author":2,"featured_media":55569,"comment_status":"open","ping_status":"open","sticky":false,"template":"","format":"standard","meta":{"_acf_changed":false,"_monsterinsights_skip_tracking":false,"_monsterinsights_sitenote_active":false,"_monsterinsights_sitenote_note":"","_monsterinsights_sitenote_category":0,"_jetpack_memberships_contains_paid_content":false,"footnotes":"","jetpack_publicize_message":"","jetpack_publicize_feature_enabled":true,"jetpack_social_post_already_shared":true,"jetpack_social_options":{"image_generator_settings":{"template":"highway","default_image_id":0,"font":"","enabled":false},"version":2}},"categories":[15],"tags":[],"class_list":["post-55568","post","type-post","status-publish","format-standard","has-post-thumbnail","hentry","category-policia"],"acf":[],"jetpack_publicize_connections":[],"jetpack_featured_media_url":"https:\/\/i0.wp.com\/blogdoeloiltoncajuhy.com.br\/site\/wp-content\/uploads\/2021\/04\/pai-mata-filha-21-anos-tenta-matar-quatro-familaires-rodeio-foto-divulgacao-2.jpg?fit=984%2C656&ssl=1","jetpack_sharing_enabled":true,"publishpress_future_workflow_manual_trigger":{"enabledWorkflows":[]},"_links":{"self":[{"href":"https:\/\/blogdoeloiltoncajuhy.com.br\/site\/wp-json\/wp\/v2\/posts\/55568","targetHints":{"allow":["GET"]}}],"collection":[{"href":"https:\/\/blogdoeloiltoncajuhy.com.br\/site\/wp-json\/wp\/v2\/posts"}],"about":[{"href":"https:\/\/blogdoeloiltoncajuhy.com.br\/site\/wp-json\/wp\/v2\/types\/post"}],"author":[{"embeddable":true,"href":"https:\/\/blogdoeloiltoncajuhy.com.br\/site\/wp-json\/wp\/v2\/users\/2"}],"replies":[{"embeddable":true,"href":"https:\/\/blogdoeloiltoncajuhy.com.br\/site\/wp-json\/wp\/v2\/comments?post=55568"}],"version-history":[{"count":3,"href":"https:\/\/blogdoeloiltoncajuhy.com.br\/site\/wp-json\/wp\/v2\/posts\/55568\/revisions"}],"predecessor-version":[{"id":55572,"href":"https:\/\/blogdoeloiltoncajuhy.com.br\/site\/wp-json\/wp\/v2\/posts\/55568\/revisions\/55572"}],"wp:featuredmedia":[{"embeddable":true,"href":"https:\/\/blogdoeloiltoncajuhy.com.br\/site\/wp-json\/wp\/v2\/media\/55569"}],"wp:attachment":[{"href":"https:\/\/blogdoeloiltoncajuhy.com.br\/site\/wp-json\/wp\/v2\/media?parent=55568"}],"wp:term":[{"taxonomy":"category","embeddable":true,"href":"https:\/\/blogdoeloiltoncajuhy.com.br\/site\/wp-json\/wp\/v2\/categories?post=55568"},{"taxonomy":"post_tag","embeddable":true,"href":"https:\/\/blogdoeloiltoncajuhy.com.br\/site\/wp-json\/wp\/v2\/tags?post=55568"}],"curies":[{"name":"wp","href":"https:\/\/api.w.org\/{rel}","templated":true}]}}