{"id":55556,"date":"2021-04-12T08:35:28","date_gmt":"2021-04-12T11:35:28","guid":{"rendered":"http:\/\/blogdoeloiltoncajuhy.com.br\/site\/?p=55556"},"modified":"2021-04-12T08:35:30","modified_gmt":"2021-04-12T11:35:30","slug":"senhor-do-bonfim-recebera-240-mil-para-o-combate-a-covid-19-apos-credenciamento-feito-na-gestao-de-carlos-brasileiro","status":"publish","type":"post","link":"https:\/\/blogdoeloiltoncajuhy.com.br\/site\/senhor-do-bonfim-recebera-240-mil-para-o-combate-a-covid-19-apos-credenciamento-feito-na-gestao-de-carlos-brasileiro\/","title":{"rendered":"Senhor do Bonfim receber\u00e1 240 mil para o combate \u00e0 Covid-19 ap\u00f3s credenciamento feito na gest\u00e3o de Carlos Brasileiro"},"content":{"rendered":"\n<div class=\"wp-block-image\"><figure class=\"aligncenter size-large\"><a href=\"https:\/\/i0.wp.com\/blogdoeloiltoncajuhy.com.br\/site\/wp-content\/uploads\/2021\/04\/Corona_recursos-Bonfim.jpeg\"><img data-recalc-dims=\"1\" fetchpriority=\"high\" decoding=\"async\" width=\"800\" height=\"800\" src=\"https:\/\/i0.wp.com\/blogdoeloiltoncajuhy.com.br\/site\/wp-content\/uploads\/2021\/04\/Corona_recursos-Bonfim.jpeg?resize=800%2C800\" alt=\"\" class=\"wp-image-55557\" srcset=\"https:\/\/i0.wp.com\/blogdoeloiltoncajuhy.com.br\/site\/wp-content\/uploads\/2021\/04\/Corona_recursos-Bonfim.jpeg?resize=1024%2C1024&amp;ssl=1 1024w, https:\/\/i0.wp.com\/blogdoeloiltoncajuhy.com.br\/site\/wp-content\/uploads\/2021\/04\/Corona_recursos-Bonfim.jpeg?resize=300%2C300&amp;ssl=1 300w, https:\/\/i0.wp.com\/blogdoeloiltoncajuhy.com.br\/site\/wp-content\/uploads\/2021\/04\/Corona_recursos-Bonfim.jpeg?resize=150%2C150&amp;ssl=1 150w, https:\/\/i0.wp.com\/blogdoeloiltoncajuhy.com.br\/site\/wp-content\/uploads\/2021\/04\/Corona_recursos-Bonfim.jpeg?resize=768%2C768&amp;ssl=1 768w, https:\/\/i0.wp.com\/blogdoeloiltoncajuhy.com.br\/site\/wp-content\/uploads\/2021\/04\/Corona_recursos-Bonfim.jpeg?w=1280&amp;ssl=1 1280w\" sizes=\"(max-width: 800px) 100vw, 800px\" \/><\/a><\/figure><\/div>\n\n\n\n<p>O Minist\u00e9rio da Sa\u00fade publicou portaria na \u00faltima quinta-feira (08) destinando ao munic\u00edpio de Senhor do Bonfim recursos de 240 mil reais para o enfrentamento \u00e0 Covid-19. O aporte, que ser\u00e1 liberado nos pr\u00f3ximos dias, ser\u00e1 creditado diretamente na conta do Fundo Municipal de Sa\u00fade, e ocorre por conta de credenciamento feito pelo munic\u00edpio no ano passado na gest\u00e3o do ex-prefeito Carlos Brasileiro.<\/p>\n\n\n\n<p>A referida portaria <em>&#8220;credencia, excepcionalmente, como Centros os estabelecimentos de sa\u00fade que no ano de 2020 foram credenciados temporariamente ou solicitaram credenciamento como Centros Comunit\u00e1rios de Refer\u00eancia para Enfrentamento da Covid-19, de que trata a Portaria GM\/MS n\u00ba 1.444, de 29 de maio de 2020, e como Centros de Atendimento para Enfrentamento da Covid-19, de que trata a Portaria GM\/MS n\u00ba 1.445, de 29 de maio de 2020, com informa\u00e7\u00f5es registradas no Sistema de Cadastro Nacional de Estabelecimentos de Sa\u00fade na compet\u00eancia fevereiro de 2021, e concede incentivo financeiro federal, para custeio destes Centros, a ser transferido em parcela \u00fanica&#8221;<\/em>.<\/p>\n","protected":false},"excerpt":{"rendered":"<p>O Minist\u00e9rio da Sa\u00fade publicou portaria na \u00faltima quinta-feira (08) destinando ao munic\u00edpio de Senhor do Bonfim recursos de 240 mil reais para o enfrentamento \u00e0 Covid-19. O aporte, que ser\u00e1 liberado nos pr\u00f3ximos dias, ser\u00e1 creditado diretamente na conta do Fundo Municipal de Sa\u00fade, e ocorre por conta de credenciamento feito pelo munic\u00edpio no [&hellip;]<\/p>\n","protected":false},"author":2,"featured_media":42068,"comment_status":"open","ping_status":"open","sticky":false,"template":"","format":"standard","meta":{"_acf_changed":false,"_monsterinsights_skip_tracking":false,"_monsterinsights_sitenote_active":false,"_monsterinsights_sitenote_note":"","_monsterinsights_sitenote_category":0,"_jetpack_memberships_contains_paid_content":false,"footnotes":"","jetpack_publicize_message":"","jetpack_publicize_feature_enabled":true,"jetpack_social_post_already_shared":true,"jetpack_social_options":{"image_generator_settings":{"template":"highway","default_image_id":0,"font":"","enabled":false},"version":2}},"categories":[4],"tags":[],"class_list":["post-55556","post","type-post","status-publish","format-standard","has-post-thumbnail","hentry","category-local"],"acf":[],"jetpack_publicize_connections":[],"jetpack_featured_media_url":"https:\/\/i0.wp.com\/blogdoeloiltoncajuhy.com.br\/site\/wp-content\/uploads\/2020\/03\/MP-BA_coronavirus.png?fit=380%2C270&ssl=1","jetpack_sharing_enabled":true,"publishpress_future_workflow_manual_trigger":{"enabledWorkflows":[]},"_links":{"self":[{"href":"https:\/\/blogdoeloiltoncajuhy.com.br\/site\/wp-json\/wp\/v2\/posts\/55556","targetHints":{"allow":["GET"]}}],"collection":[{"href":"https:\/\/blogdoeloiltoncajuhy.com.br\/site\/wp-json\/wp\/v2\/posts"}],"about":[{"href":"https:\/\/blogdoeloiltoncajuhy.com.br\/site\/wp-json\/wp\/v2\/types\/post"}],"author":[{"embeddable":true,"href":"https:\/\/blogdoeloiltoncajuhy.com.br\/site\/wp-json\/wp\/v2\/users\/2"}],"replies":[{"embeddable":true,"href":"https:\/\/blogdoeloiltoncajuhy.com.br\/site\/wp-json\/wp\/v2\/comments?post=55556"}],"version-history":[{"count":2,"href":"https:\/\/blogdoeloiltoncajuhy.com.br\/site\/wp-json\/wp\/v2\/posts\/55556\/revisions"}],"predecessor-version":[{"id":55559,"href":"https:\/\/blogdoeloiltoncajuhy.com.br\/site\/wp-json\/wp\/v2\/posts\/55556\/revisions\/55559"}],"wp:featuredmedia":[{"embeddable":true,"href":"https:\/\/blogdoeloiltoncajuhy.com.br\/site\/wp-json\/wp\/v2\/media\/42068"}],"wp:attachment":[{"href":"https:\/\/blogdoeloiltoncajuhy.com.br\/site\/wp-json\/wp\/v2\/media?parent=55556"}],"wp:term":[{"taxonomy":"category","embeddable":true,"href":"https:\/\/blogdoeloiltoncajuhy.com.br\/site\/wp-json\/wp\/v2\/categories?post=55556"},{"taxonomy":"post_tag","embeddable":true,"href":"https:\/\/blogdoeloiltoncajuhy.com.br\/site\/wp-json\/wp\/v2\/tags?post=55556"}],"curies":[{"name":"wp","href":"https:\/\/api.w.org\/{rel}","templated":true}]}}