{"id":55537,"date":"2021-04-11T17:02:00","date_gmt":"2021-04-11T20:02:00","guid":{"rendered":"http:\/\/blogdoeloiltoncajuhy.com.br\/site\/?p=55537"},"modified":"2021-04-11T19:26:36","modified_gmt":"2021-04-11T22:26:36","slug":"em-igara-jovem-de-18-anos-e-feita-de-escudo-e-acaba-morta-a-tiros","status":"publish","type":"post","link":"https:\/\/blogdoeloiltoncajuhy.com.br\/site\/em-igara-jovem-de-18-anos-e-feita-de-escudo-e-acaba-morta-a-tiros\/","title":{"rendered":"Em Igara, jovem de 18 anos \u00e9 feita de escudo e acaba morta a tiros"},"content":{"rendered":"\n<div class=\"wp-block-image\"><figure class=\"aligncenter size-large\"><a href=\"https:\/\/i0.wp.com\/blogdoeloiltoncajuhy.com.br\/site\/wp-content\/uploads\/2021\/04\/Maria-Vilma-Igara.jpg\"><img data-recalc-dims=\"1\" fetchpriority=\"high\" decoding=\"async\" width=\"481\" height=\"747\" src=\"https:\/\/i0.wp.com\/blogdoeloiltoncajuhy.com.br\/site\/wp-content\/uploads\/2021\/04\/Maria-Vilma-Igara.jpg?resize=481%2C747\" alt=\"\" class=\"wp-image-55539\" srcset=\"https:\/\/i0.wp.com\/blogdoeloiltoncajuhy.com.br\/site\/wp-content\/uploads\/2021\/04\/Maria-Vilma-Igara.jpg?w=481&amp;ssl=1 481w, https:\/\/i0.wp.com\/blogdoeloiltoncajuhy.com.br\/site\/wp-content\/uploads\/2021\/04\/Maria-Vilma-Igara.jpg?resize=193%2C300&amp;ssl=1 193w\" sizes=\"(max-width: 481px) 100vw, 481px\" \/><\/a><\/figure><\/div>\n\n\n\n<p>Um crime abalou o distrito de Igara, interior de Senhor do Bonfim, no in\u00edcio da tarde deste domingo (11). A jovem Maria Vilma de Castro Silva, de 18 anos, foi a uma loja de pe\u00e7as de motos para vender uma rifa, quando foi pega como escudo pelo propriet\u00e1rio do estabelecimento que estava sendo amea\u00e7ado de morte por dois homens armados com rev\u00f3lveres. Os elementos dispararam na dire\u00e7\u00e3o do homem, mas os tiros atingiram Maria Vilma que morreu na hora.<\/p>\n\n\n\n<p>Segundo informa\u00e7\u00f5es, ap\u00f3s os disparos, os dois homens fugiram em uma moto, tomando rumo ignorado. A Pol\u00edcia Militar esteve no local para registrar a ocorr\u00eancia e acionou a Pol\u00edcia T\u00e9cnica que removeu o corpo de Maria Vilma para o IML de Senhor do Bonfim.<\/p>\n\n\n\n<p>Inqu\u00e9rito dever\u00e1 ser aberto na Delegacia Territorial de Senhor do Bonfim para apurar as circunst\u00e2ncias deste lament\u00e1vel epis\u00f3dio.<\/p>\n\n\n\n<p>Maria Vilma era estudante do Col\u00e9gio Estadual Prof.\u00aa Mariana Agostinho de Oliveira, de Igara, e divulgou nota de pesar pela morte da jovem e informando a suspens\u00e3o de suas atividades nesta segunda-feira, dia 12.<\/p>\n\n\n\n<p class=\"has-black-color has-text-color has-medium-font-size\"><strong>Confira:<\/strong><\/p>\n\n\n\n<div class=\"wp-block-image\"><figure class=\"aligncenter size-large\"><a href=\"https:\/\/i0.wp.com\/blogdoeloiltoncajuhy.com.br\/site\/wp-content\/uploads\/2021\/04\/Maria-Vilma-Igara-Nota-Colegio.jpg\"><img data-recalc-dims=\"1\" decoding=\"async\" width=\"800\" height=\"600\" src=\"https:\/\/i0.wp.com\/blogdoeloiltoncajuhy.com.br\/site\/wp-content\/uploads\/2021\/04\/Maria-Vilma-Igara-Nota-Colegio.jpg?resize=800%2C600\" alt=\"\" class=\"wp-image-55538\" srcset=\"https:\/\/i0.wp.com\/blogdoeloiltoncajuhy.com.br\/site\/wp-content\/uploads\/2021\/04\/Maria-Vilma-Igara-Nota-Colegio.jpg?w=960&amp;ssl=1 960w, https:\/\/i0.wp.com\/blogdoeloiltoncajuhy.com.br\/site\/wp-content\/uploads\/2021\/04\/Maria-Vilma-Igara-Nota-Colegio.jpg?resize=300%2C225&amp;ssl=1 300w, https:\/\/i0.wp.com\/blogdoeloiltoncajuhy.com.br\/site\/wp-content\/uploads\/2021\/04\/Maria-Vilma-Igara-Nota-Colegio.jpg?resize=768%2C576&amp;ssl=1 768w\" sizes=\"(max-width: 800px) 100vw, 800px\" \/><\/a><\/figure><\/div>\n\n\n\n<p>O N\u00facleo Territorial de Educa\u00e7\u00e3o (NTE-25), com sede em Senhor do Bonfim, tamb\u00e9m divulgou nota lamentando a morte da estudante Maria Vilma:<\/p>\n\n\n\n<div class=\"wp-block-image\"><figure class=\"aligncenter size-large is-resized\"><a href=\"https:\/\/i0.wp.com\/blogdoeloiltoncajuhy.com.br\/site\/wp-content\/uploads\/2021\/04\/Maria-Vilma-Igara-Nota-NTE.jpg\"><img data-recalc-dims=\"1\" decoding=\"async\" src=\"https:\/\/i0.wp.com\/blogdoeloiltoncajuhy.com.br\/site\/wp-content\/uploads\/2021\/04\/Maria-Vilma-Igara-Nota-NTE.jpg?resize=768%2C768\" alt=\"\" class=\"wp-image-55545\" width=\"768\" height=\"768\" srcset=\"https:\/\/i0.wp.com\/blogdoeloiltoncajuhy.com.br\/site\/wp-content\/uploads\/2021\/04\/Maria-Vilma-Igara-Nota-NTE.jpg?resize=1024%2C1024&amp;ssl=1 1024w, https:\/\/i0.wp.com\/blogdoeloiltoncajuhy.com.br\/site\/wp-content\/uploads\/2021\/04\/Maria-Vilma-Igara-Nota-NTE.jpg?resize=300%2C300&amp;ssl=1 300w, https:\/\/i0.wp.com\/blogdoeloiltoncajuhy.com.br\/site\/wp-content\/uploads\/2021\/04\/Maria-Vilma-Igara-Nota-NTE.jpg?resize=150%2C150&amp;ssl=1 150w, https:\/\/i0.wp.com\/blogdoeloiltoncajuhy.com.br\/site\/wp-content\/uploads\/2021\/04\/Maria-Vilma-Igara-Nota-NTE.jpg?resize=768%2C768&amp;ssl=1 768w, https:\/\/i0.wp.com\/blogdoeloiltoncajuhy.com.br\/site\/wp-content\/uploads\/2021\/04\/Maria-Vilma-Igara-Nota-NTE.jpg?w=1080&amp;ssl=1 1080w\" sizes=\"(max-width: 768px) 100vw, 768px\" \/><\/a><\/figure><\/div>\n","protected":false},"excerpt":{"rendered":"<p>Um crime abalou o distrito de Igara, interior de Senhor do Bonfim, no in\u00edcio da tarde deste domingo (11). A jovem Maria Vilma de Castro Silva, de 18 anos, foi a uma loja de pe\u00e7as de motos para vender uma rifa, quando foi pega como escudo pelo propriet\u00e1rio do estabelecimento que estava sendo amea\u00e7ado de [&hellip;]<\/p>\n","protected":false},"author":2,"featured_media":55539,"comment_status":"open","ping_status":"open","sticky":false,"template":"","format":"standard","meta":{"_acf_changed":false,"_monsterinsights_skip_tracking":false,"_monsterinsights_sitenote_active":false,"_monsterinsights_sitenote_note":"","_monsterinsights_sitenote_category":0,"_jetpack_memberships_contains_paid_content":false,"footnotes":"","jetpack_publicize_message":"","jetpack_publicize_feature_enabled":true,"jetpack_social_post_already_shared":true,"jetpack_social_options":{"image_generator_settings":{"template":"highway","default_image_id":0,"font":"","enabled":false},"version":2}},"categories":[15],"tags":[],"class_list":["post-55537","post","type-post","status-publish","format-standard","has-post-thumbnail","hentry","category-policia"],"acf":[],"jetpack_publicize_connections":[],"jetpack_featured_media_url":"https:\/\/i0.wp.com\/blogdoeloiltoncajuhy.com.br\/site\/wp-content\/uploads\/2021\/04\/Maria-Vilma-Igara.jpg?fit=481%2C747&ssl=1","jetpack_sharing_enabled":true,"publishpress_future_workflow_manual_trigger":{"enabledWorkflows":[]},"_links":{"self":[{"href":"https:\/\/blogdoeloiltoncajuhy.com.br\/site\/wp-json\/wp\/v2\/posts\/55537","targetHints":{"allow":["GET"]}}],"collection":[{"href":"https:\/\/blogdoeloiltoncajuhy.com.br\/site\/wp-json\/wp\/v2\/posts"}],"about":[{"href":"https:\/\/blogdoeloiltoncajuhy.com.br\/site\/wp-json\/wp\/v2\/types\/post"}],"author":[{"embeddable":true,"href":"https:\/\/blogdoeloiltoncajuhy.com.br\/site\/wp-json\/wp\/v2\/users\/2"}],"replies":[{"embeddable":true,"href":"https:\/\/blogdoeloiltoncajuhy.com.br\/site\/wp-json\/wp\/v2\/comments?post=55537"}],"version-history":[{"count":6,"href":"https:\/\/blogdoeloiltoncajuhy.com.br\/site\/wp-json\/wp\/v2\/posts\/55537\/revisions"}],"predecessor-version":[{"id":55551,"href":"https:\/\/blogdoeloiltoncajuhy.com.br\/site\/wp-json\/wp\/v2\/posts\/55537\/revisions\/55551"}],"wp:featuredmedia":[{"embeddable":true,"href":"https:\/\/blogdoeloiltoncajuhy.com.br\/site\/wp-json\/wp\/v2\/media\/55539"}],"wp:attachment":[{"href":"https:\/\/blogdoeloiltoncajuhy.com.br\/site\/wp-json\/wp\/v2\/media?parent=55537"}],"wp:term":[{"taxonomy":"category","embeddable":true,"href":"https:\/\/blogdoeloiltoncajuhy.com.br\/site\/wp-json\/wp\/v2\/categories?post=55537"},{"taxonomy":"post_tag","embeddable":true,"href":"https:\/\/blogdoeloiltoncajuhy.com.br\/site\/wp-json\/wp\/v2\/tags?post=55537"}],"curies":[{"name":"wp","href":"https:\/\/api.w.org\/{rel}","templated":true}]}}