{"id":55532,"date":"2021-04-11T14:44:41","date_gmt":"2021-04-11T17:44:41","guid":{"rendered":"http:\/\/blogdoeloiltoncajuhy.com.br\/site\/?p=55532"},"modified":"2021-04-11T14:44:42","modified_gmt":"2021-04-11T17:44:42","slug":"senhor-do-bonfim-corpo-de-homem-desaparecido-e-encontrado-enterrado-na-rua-carrapichel","status":"publish","type":"post","link":"https:\/\/blogdoeloiltoncajuhy.com.br\/site\/senhor-do-bonfim-corpo-de-homem-desaparecido-e-encontrado-enterrado-na-rua-carrapichel\/","title":{"rendered":"Senhor do Bonfim: Corpo de homem desaparecido \u00e9 encontrado enterrado na Rua Carrapichel"},"content":{"rendered":"\n<div class=\"wp-block-image\"><figure class=\"aligncenter size-large is-resized\"><a href=\"https:\/\/i0.wp.com\/blogdoeloiltoncajuhy.com.br\/site\/wp-content\/uploads\/2021\/04\/Corpo-Tita.jpg\"><img data-recalc-dims=\"1\" fetchpriority=\"high\" decoding=\"async\" src=\"https:\/\/i0.wp.com\/blogdoeloiltoncajuhy.com.br\/site\/wp-content\/uploads\/2021\/04\/Corpo-Tita.jpg?resize=576%2C768\" alt=\"\" class=\"wp-image-55533\" width=\"576\" height=\"768\" srcset=\"https:\/\/i0.wp.com\/blogdoeloiltoncajuhy.com.br\/site\/wp-content\/uploads\/2021\/04\/Corpo-Tita.jpg?resize=768%2C1024&amp;ssl=1 768w, https:\/\/i0.wp.com\/blogdoeloiltoncajuhy.com.br\/site\/wp-content\/uploads\/2021\/04\/Corpo-Tita.jpg?resize=225%2C300&amp;ssl=1 225w, https:\/\/i0.wp.com\/blogdoeloiltoncajuhy.com.br\/site\/wp-content\/uploads\/2021\/04\/Corpo-Tita.jpg?w=780&amp;ssl=1 780w\" sizes=\"(max-width: 576px) 100vw, 576px\" \/><\/a><figcaption><em>Foto: Reprodu\u00e7\u00e3o \/ Facebook<\/em><\/figcaption><\/figure><\/div>\n\n\n\n<p>O corpo de <strong>Ricardo Luiz Bispo da Silva<\/strong>, mais conhecido por <strong>&#8220;Tita&#8221;<\/strong> foi encontrado na manh\u00e3 deste domingo (11) no final da Rua Carrapichel, em Senhor do Bonfim. A informa\u00e7\u00e3o \u00e9 do <strong>Blog Nonato Not\u00edcias<\/strong>. &#8220;Tita&#8221; residia na Rua 7 de abril, e estava desaparecido desde o \u00faltimo dia 1\u00ba.<\/p>\n\n\n\n<p>Populares perceberam o corpo enterrado em um buraco e chamaram a pol\u00edcia. Segundo informa\u00e7\u00f5es, ap\u00f3s o desaparecimento da v\u00edtima, os familiares encontraram sua motocicleta Honda Fan de cor preta no Alto da Maravilha, j\u00e1 sem placa.<\/p>\n\n\n\n<p>Segundo a pol\u00edcia, o corpo foi encontrado em adiantado estado de decomposi\u00e7\u00e3o. A Pol\u00edcia T\u00e9cnica foi acionada e o corpo foi encaminhado ao Instituto M\u00e9dico Legal (IML) de Senhor do Bonfim.<\/p>\n\n\n\n<div class=\"wp-block-image\"><figure class=\"aligncenter size-large\"><a href=\"https:\/\/i0.wp.com\/blogdoeloiltoncajuhy.com.br\/site\/wp-content\/uploads\/2021\/04\/Tita.jpg\"><img data-recalc-dims=\"1\" decoding=\"async\" width=\"640\" height=\"795\" src=\"https:\/\/i0.wp.com\/blogdoeloiltoncajuhy.com.br\/site\/wp-content\/uploads\/2021\/04\/Tita.jpg?resize=640%2C795\" alt=\"\" class=\"wp-image-55534\" srcset=\"https:\/\/i0.wp.com\/blogdoeloiltoncajuhy.com.br\/site\/wp-content\/uploads\/2021\/04\/Tita.jpg?w=640&amp;ssl=1 640w, https:\/\/i0.wp.com\/blogdoeloiltoncajuhy.com.br\/site\/wp-content\/uploads\/2021\/04\/Tita.jpg?resize=242%2C300&amp;ssl=1 242w\" sizes=\"(max-width: 640px) 100vw, 640px\" \/><\/a><figcaption><em>Tita estava desaparecido desde o \u00faltimo dia 1\u00ba de abril &#8211; Foto: Blog do Netto Maravilha<\/em><\/figcaption><\/figure><\/div>\n","protected":false},"excerpt":{"rendered":"<p>O corpo de Ricardo Luiz Bispo da Silva, mais conhecido por &#8220;Tita&#8221; foi encontrado na manh\u00e3 deste domingo (11) no final da Rua Carrapichel, em Senhor do Bonfim. A informa\u00e7\u00e3o \u00e9 do Blog Nonato Not\u00edcias. &#8220;Tita&#8221; residia na Rua 7 de abril, e estava desaparecido desde o \u00faltimo dia 1\u00ba. Populares perceberam o corpo enterrado [&hellip;]<\/p>\n","protected":false},"author":2,"featured_media":55534,"comment_status":"open","ping_status":"open","sticky":false,"template":"","format":"standard","meta":{"_acf_changed":false,"_monsterinsights_skip_tracking":false,"_monsterinsights_sitenote_active":false,"_monsterinsights_sitenote_note":"","_monsterinsights_sitenote_category":0,"_jetpack_memberships_contains_paid_content":false,"footnotes":"","jetpack_publicize_message":"","jetpack_publicize_feature_enabled":true,"jetpack_social_post_already_shared":true,"jetpack_social_options":{"image_generator_settings":{"template":"highway","default_image_id":0,"font":"","enabled":false},"version":2}},"categories":[15],"tags":[],"class_list":["post-55532","post","type-post","status-publish","format-standard","has-post-thumbnail","hentry","category-policia"],"acf":[],"jetpack_publicize_connections":[],"jetpack_featured_media_url":"https:\/\/i0.wp.com\/blogdoeloiltoncajuhy.com.br\/site\/wp-content\/uploads\/2021\/04\/Tita.jpg?fit=640%2C795&ssl=1","jetpack_sharing_enabled":true,"publishpress_future_workflow_manual_trigger":{"enabledWorkflows":[]},"_links":{"self":[{"href":"https:\/\/blogdoeloiltoncajuhy.com.br\/site\/wp-json\/wp\/v2\/posts\/55532","targetHints":{"allow":["GET"]}}],"collection":[{"href":"https:\/\/blogdoeloiltoncajuhy.com.br\/site\/wp-json\/wp\/v2\/posts"}],"about":[{"href":"https:\/\/blogdoeloiltoncajuhy.com.br\/site\/wp-json\/wp\/v2\/types\/post"}],"author":[{"embeddable":true,"href":"https:\/\/blogdoeloiltoncajuhy.com.br\/site\/wp-json\/wp\/v2\/users\/2"}],"replies":[{"embeddable":true,"href":"https:\/\/blogdoeloiltoncajuhy.com.br\/site\/wp-json\/wp\/v2\/comments?post=55532"}],"version-history":[{"count":2,"href":"https:\/\/blogdoeloiltoncajuhy.com.br\/site\/wp-json\/wp\/v2\/posts\/55532\/revisions"}],"predecessor-version":[{"id":55536,"href":"https:\/\/blogdoeloiltoncajuhy.com.br\/site\/wp-json\/wp\/v2\/posts\/55532\/revisions\/55536"}],"wp:featuredmedia":[{"embeddable":true,"href":"https:\/\/blogdoeloiltoncajuhy.com.br\/site\/wp-json\/wp\/v2\/media\/55534"}],"wp:attachment":[{"href":"https:\/\/blogdoeloiltoncajuhy.com.br\/site\/wp-json\/wp\/v2\/media?parent=55532"}],"wp:term":[{"taxonomy":"category","embeddable":true,"href":"https:\/\/blogdoeloiltoncajuhy.com.br\/site\/wp-json\/wp\/v2\/categories?post=55532"},{"taxonomy":"post_tag","embeddable":true,"href":"https:\/\/blogdoeloiltoncajuhy.com.br\/site\/wp-json\/wp\/v2\/tags?post=55532"}],"curies":[{"name":"wp","href":"https:\/\/api.w.org\/{rel}","templated":true}]}}