{"id":55522,"date":"2021-04-10T21:04:02","date_gmt":"2021-04-11T00:04:02","guid":{"rendered":"http:\/\/blogdoeloiltoncajuhy.com.br\/site\/?p=55522"},"modified":"2021-04-10T21:07:09","modified_gmt":"2021-04-11T00:07:09","slug":"covid-leva-mais-uma-figura-popular-de-bonfim-morre-ze-doidinho","status":"publish","type":"post","link":"https:\/\/blogdoeloiltoncajuhy.com.br\/site\/covid-leva-mais-uma-figura-popular-de-bonfim-morre-ze-doidinho\/","title":{"rendered":"Covid leva mais uma figura popular de Bonfim; morre &#8220;Z\u00e9 Doidinho&#8221;"},"content":{"rendered":"\n<div class=\"wp-block-image\"><figure class=\"aligncenter size-large is-resized\"><a href=\"https:\/\/i0.wp.com\/blogdoeloiltoncajuhy.com.br\/site\/wp-content\/uploads\/2021\/04\/Ze-Doidinho-Editada.jpeg\"><img data-recalc-dims=\"1\" fetchpriority=\"high\" decoding=\"async\" src=\"https:\/\/i0.wp.com\/blogdoeloiltoncajuhy.com.br\/site\/wp-content\/uploads\/2021\/04\/Ze-Doidinho-Editada-683x1024.jpeg?resize=512%2C768\" alt=\"\" class=\"wp-image-55524\" width=\"512\" height=\"768\" srcset=\"https:\/\/i0.wp.com\/blogdoeloiltoncajuhy.com.br\/site\/wp-content\/uploads\/2021\/04\/Ze-Doidinho-Editada.jpeg?resize=683%2C1024&amp;ssl=1 683w, https:\/\/i0.wp.com\/blogdoeloiltoncajuhy.com.br\/site\/wp-content\/uploads\/2021\/04\/Ze-Doidinho-Editada.jpeg?resize=200%2C300&amp;ssl=1 200w, https:\/\/i0.wp.com\/blogdoeloiltoncajuhy.com.br\/site\/wp-content\/uploads\/2021\/04\/Ze-Doidinho-Editada.jpeg?w=720&amp;ssl=1 720w\" sizes=\"(max-width: 512px) 100vw, 512px\" \/><\/a><figcaption><em>Foto: Redes Sociais<\/em><\/figcaption><\/figure><\/div>\n\n\n\n<p>Faleceu neste s\u00e1bado (10) na UTI do Hospital Dom Antonio Monteiro (HDAM), o caminhoneiro <strong>Florisvaldo Henrique de Souza<\/strong>, 63 anos, mais conhecido como <strong>&#8220;Z\u00e9 Doidinho&#8221;<\/strong>. A informa\u00e7\u00e3o foi confirmada ao <strong>Blog do Eloilton Cajuhy<\/strong> por um membro da fam\u00edlia.<\/p>\n\n\n\n<p>Florisvaldo recebeu a primeira dose da vacina contra a Covid-19 no \u00faltimo dia 26 de mar\u00e7o, e tomaria a segunda dose hoje. Ele foi internado na UPA 24h a oito dias atr\u00e1s e, em seguida, foi transferido para a UTI do HDAM, sendo intubado no dia de ontem. Neste s\u00e1bado ele n\u00e3o resistiu e faleceu. &#8220;Z\u00e9 Doidinho&#8221; tamb\u00e9m tinha outras comorbidades.<\/p>\n\n\n\n<p>Florisvaldo Henrique de Souza era irm\u00e3o do empres\u00e1rio Osvaldo Henrique de Souza e deixa entre seus filhos Cleiton e Kl\u00e9cio jogadores com passagens por v\u00e1rios clubes de Bonfim. Kl\u00e9cio j\u00e1 defendeu o Fluminense de Feira de Santana no Campeonato Baiano.<\/p>\n\n\n\n<p>&#8220;Z\u00e9 Doidinho&#8221; foi por muitos anos motorista e pessoa de confian\u00e7a do empres\u00e1rio Paulo Roosevelt (j\u00e1 falecido) da Loja Matos. Viajava por todo o Brasil transportando mercadoria para a loja. Figura bastante popular, gostava de pol\u00edtica e sempre trazia o tema em discuss\u00e3o com amigos. Tamb\u00e9m era muito brincalh\u00e3o.<\/p>\n\n\n\n<p>O sepultamento de &#8220;Z\u00e9 Doidinho&#8221; foi realizado na noite deste s\u00e1bado, com a presen\u00e7a somente de familiares, por conta dos protocolos de seguran\u00e7a da Covid-19. N\u00e3o houve vel\u00f3rio.<\/p>\n\n\n\n<div class=\"wp-block-image\"><figure class=\"aligncenter size-full is-resized\"><a href=\"https:\/\/i0.wp.com\/blogdoeloiltoncajuhy.com.br\/site\/wp-content\/uploads\/2021\/04\/Ze-Doidinho-02.jpeg\"><img data-recalc-dims=\"1\" decoding=\"async\" src=\"https:\/\/i0.wp.com\/blogdoeloiltoncajuhy.com.br\/site\/wp-content\/uploads\/2021\/04\/Ze-Doidinho-02.jpeg?resize=543%2C581\" alt=\"\" class=\"wp-image-55525\" width=\"543\" height=\"581\"\/><\/a><figcaption><em>Foto: Redes Sociais<\/em><\/figcaption><\/figure><\/div>\n","protected":false},"excerpt":{"rendered":"<p>Faleceu neste s\u00e1bado (10) na UTI do Hospital Dom Antonio Monteiro (HDAM), o caminhoneiro Florisvaldo Henrique de Souza, 63 anos, mais conhecido como &#8220;Z\u00e9 Doidinho&#8221;. A informa\u00e7\u00e3o foi confirmada ao Blog do Eloilton Cajuhy por um membro da fam\u00edlia. Florisvaldo recebeu a primeira dose da vacina contra a Covid-19 no \u00faltimo dia 26 de mar\u00e7o, [&hellip;]<\/p>\n","protected":false},"author":2,"featured_media":55525,"comment_status":"open","ping_status":"open","sticky":false,"template":"","format":"standard","meta":{"_acf_changed":false,"_monsterinsights_skip_tracking":false,"_monsterinsights_sitenote_active":false,"_monsterinsights_sitenote_note":"","_monsterinsights_sitenote_category":0,"_jetpack_memberships_contains_paid_content":false,"footnotes":"","jetpack_publicize_message":"","jetpack_publicize_feature_enabled":true,"jetpack_social_post_already_shared":true,"jetpack_social_options":{"image_generator_settings":{"template":"highway","default_image_id":0,"font":"","enabled":false},"version":2}},"categories":[4],"tags":[],"class_list":["post-55522","post","type-post","status-publish","format-standard","has-post-thumbnail","hentry","category-local"],"acf":[],"jetpack_publicize_connections":[],"jetpack_featured_media_url":"https:\/\/i0.wp.com\/blogdoeloiltoncajuhy.com.br\/site\/wp-content\/uploads\/2021\/04\/Ze-Doidinho-02.jpeg?fit=363%2C390&ssl=1","jetpack_sharing_enabled":true,"publishpress_future_workflow_manual_trigger":{"enabledWorkflows":[]},"_links":{"self":[{"href":"https:\/\/blogdoeloiltoncajuhy.com.br\/site\/wp-json\/wp\/v2\/posts\/55522","targetHints":{"allow":["GET"]}}],"collection":[{"href":"https:\/\/blogdoeloiltoncajuhy.com.br\/site\/wp-json\/wp\/v2\/posts"}],"about":[{"href":"https:\/\/blogdoeloiltoncajuhy.com.br\/site\/wp-json\/wp\/v2\/types\/post"}],"author":[{"embeddable":true,"href":"https:\/\/blogdoeloiltoncajuhy.com.br\/site\/wp-json\/wp\/v2\/users\/2"}],"replies":[{"embeddable":true,"href":"https:\/\/blogdoeloiltoncajuhy.com.br\/site\/wp-json\/wp\/v2\/comments?post=55522"}],"version-history":[{"count":3,"href":"https:\/\/blogdoeloiltoncajuhy.com.br\/site\/wp-json\/wp\/v2\/posts\/55522\/revisions"}],"predecessor-version":[{"id":55528,"href":"https:\/\/blogdoeloiltoncajuhy.com.br\/site\/wp-json\/wp\/v2\/posts\/55522\/revisions\/55528"}],"wp:featuredmedia":[{"embeddable":true,"href":"https:\/\/blogdoeloiltoncajuhy.com.br\/site\/wp-json\/wp\/v2\/media\/55525"}],"wp:attachment":[{"href":"https:\/\/blogdoeloiltoncajuhy.com.br\/site\/wp-json\/wp\/v2\/media?parent=55522"}],"wp:term":[{"taxonomy":"category","embeddable":true,"href":"https:\/\/blogdoeloiltoncajuhy.com.br\/site\/wp-json\/wp\/v2\/categories?post=55522"},{"taxonomy":"post_tag","embeddable":true,"href":"https:\/\/blogdoeloiltoncajuhy.com.br\/site\/wp-json\/wp\/v2\/tags?post=55522"}],"curies":[{"name":"wp","href":"https:\/\/api.w.org\/{rel}","templated":true}]}}