{"id":55515,"date":"2021-04-10T10:38:17","date_gmt":"2021-04-10T13:38:17","guid":{"rendered":"http:\/\/blogdoeloiltoncajuhy.com.br\/site\/?p=55515"},"modified":"2021-04-10T10:38:19","modified_gmt":"2021-04-10T13:38:19","slug":"ministerio-publico-pede-e-juiz-decide-arquivar-inquerito-de-racismo-de-ramirez-do-bahia","status":"publish","type":"post","link":"https:\/\/blogdoeloiltoncajuhy.com.br\/site\/ministerio-publico-pede-e-juiz-decide-arquivar-inquerito-de-racismo-de-ramirez-do-bahia\/","title":{"rendered":"Minist\u00e9rio P\u00fablico pede, e juiz decide arquivar inqu\u00e9rito de racismo de Ram\u00edrez, do Bahia"},"content":{"rendered":"\n<h5 class=\"has-text-align-center wp-block-heading\"><em>Promotor alega que &#8220;afirma\u00e7\u00e3o de Gerson \u00e9 completamente dissociada do conjunto probat\u00f3rio&#8221; e conclui que &#8220;n\u00e3o restou demonstrada a pr\u00e1tica do crime&#8221;. Caso estava em investiga\u00e7\u00e3o na Delegacia Especial para Discrimina\u00e7\u00e3o Racial<\/em><\/h5>\n\n\n\n<div class=\"wp-block-image\"><figure class=\"aligncenter size-large\"><a href=\"https:\/\/i0.wp.com\/blogdoeloiltoncajuhy.com.br\/site\/wp-content\/uploads\/2021\/04\/gerson-ramirez.jpg\"><img data-recalc-dims=\"1\" fetchpriority=\"high\" decoding=\"async\" width=\"800\" height=\"450\" src=\"https:\/\/i0.wp.com\/blogdoeloiltoncajuhy.com.br\/site\/wp-content\/uploads\/2021\/04\/gerson-ramirez.jpg?resize=800%2C450\" alt=\"\" class=\"wp-image-55516\" srcset=\"https:\/\/i0.wp.com\/blogdoeloiltoncajuhy.com.br\/site\/wp-content\/uploads\/2021\/04\/gerson-ramirez.jpg?w=984&amp;ssl=1 984w, https:\/\/i0.wp.com\/blogdoeloiltoncajuhy.com.br\/site\/wp-content\/uploads\/2021\/04\/gerson-ramirez.jpg?resize=300%2C169&amp;ssl=1 300w, https:\/\/i0.wp.com\/blogdoeloiltoncajuhy.com.br\/site\/wp-content\/uploads\/2021\/04\/gerson-ramirez.jpg?resize=768%2C432&amp;ssl=1 768w\" sizes=\"(max-width: 800px) 100vw, 800px\" \/><\/a><figcaption><em>Gerson e Ramirez discutem em lance de Flamengo e Bahia \u2014 Foto: reprodu\u00e7\u00e3o\/v\u00eddeo<\/em><\/figcaption><\/figure><\/div>\n\n\n\n<p>O juiz Marcel Laguna Duque Estrada, da 36\u00aa Vara Criminal, do Tribunal de Justi\u00e7a do Estado do Rio de Janeiro, <strong>determinou o arquivamento do inqu\u00e9rito policial de racismo no caso do jogador Ram\u00edrez, meia do Bahia.<\/strong> Em partida do Brasileiro de 2020, o meio-campista Gerson, do Flamengo, acusou o jogador colombiano de falar <em>&#8220;cala a boca, negro&#8221;<\/em>, em discuss\u00e3o durante o jogo de dezembro de 2020.<\/p>\n\n\n\n<p>O arquivamento do caso, investigado na Delegacia Especial para Discrimina\u00e7\u00e3o Racial, veio ap\u00f3s pedido do Minist\u00e9rio P\u00fablico. O promotor de Justi\u00e7a do MP do Rio, Alexandre Them\u00edstocles, justificou o arquivamento depois de analisar as provas produzidas no inqu\u00e9rito.<\/p>\n\n\n\n<p>O atleta colombiano negou ter chamado o jogador de negro e se defendeu, contando que gritou <em>&#8220;juega rapido hermano&#8221;<\/em>. <strong>O promotor do MP relata que Bruno Henrique e Natan, do Flamengo, disseram n\u00e3o ter ouvido a ofensa racista, assim como os membros da arbitragem e o ent\u00e3o t\u00e9cnico do Bahia, Mano Menezes.<\/strong><\/p>\n\n\n\n<p>O promotor tamb\u00e9m cita laudo pericial &#8211; al\u00e9m de recursos tecnol\u00f3gicos com as c\u00e2meras de campo &#8211; de perito oficial do Instituto de Criminal\u00edstica Carlos \u00c9boli, que <strong>&#8220;n\u00e3o indica a ocorr\u00eancia da agress\u00e3o verbal noticiada por Gerson Santos da Silva. A prova t\u00e9cnica t\u00e3o somente degrava trecho de entrevista e di\u00e1logos entre o atleta Gerson e o treinador Luiz Antonio Venker Menezes&#8221;.<\/strong><\/p>\n\n\n\n<p class=\"has-black-color has-text-color has-medium-font-size\"><strong>Leia um trecho da promo\u00e7\u00e3o de arquivamento, acolhida pelo juiz do TJRJ:<\/strong><\/p>\n\n\n\n<p>&#8220;O crime de racismo \u00e9 transeunte, ou seja, n\u00e3o deixa vest\u00edgios. Por isso, <strong>a palavra do ofendido \u00e9 de grande relev\u00e2ncia. Entretanto, no caso em tela, a afirma\u00e7\u00e3o do jogador Gerson \u00e9 completamente dissociada do conjunto probat\u00f3rio.<\/strong> A lei processual brasileira adota o sistema da persuas\u00e3o racional, consagrado no artigo 155 do C\u00f3digo de Processo Penal, que afasta qualquer hierarquia preestabelecida entre os meios de prova. Cuidadosa an\u00e1lise conjunta de todas as provas produzidas em sede policial imp\u00f5e a conclus\u00e3o de que n\u00e3o restou demonstrada a pr\u00e1tica do crime&#8221;.<\/p>\n","protected":false},"excerpt":{"rendered":"<p>Promotor alega que &#8220;afirma\u00e7\u00e3o de Gerson \u00e9 completamente dissociada do conjunto probat\u00f3rio&#8221; e conclui que &#8220;n\u00e3o restou demonstrada a pr\u00e1tica do crime&#8221;. Caso estava em investiga\u00e7\u00e3o na Delegacia Especial para Discrimina\u00e7\u00e3o Racial O juiz Marcel Laguna Duque Estrada, da 36\u00aa Vara Criminal, do Tribunal de Justi\u00e7a do Estado do Rio de Janeiro, determinou o arquivamento [&hellip;]<\/p>\n","protected":false},"author":2,"featured_media":55516,"comment_status":"open","ping_status":"open","sticky":false,"template":"","format":"standard","meta":{"_acf_changed":false,"_monsterinsights_skip_tracking":false,"_monsterinsights_sitenote_active":false,"_monsterinsights_sitenote_note":"","_monsterinsights_sitenote_category":0,"_jetpack_memberships_contains_paid_content":false,"footnotes":"","jetpack_publicize_message":"","jetpack_publicize_feature_enabled":true,"jetpack_social_post_already_shared":true,"jetpack_social_options":{"image_generator_settings":{"template":"highway","default_image_id":0,"font":"","enabled":false},"version":2}},"categories":[6],"tags":[],"class_list":["post-55515","post","type-post","status-publish","format-standard","has-post-thumbnail","hentry","category-esportes"],"acf":[],"jetpack_publicize_connections":[],"jetpack_featured_media_url":"https:\/\/i0.wp.com\/blogdoeloiltoncajuhy.com.br\/site\/wp-content\/uploads\/2021\/04\/gerson-ramirez.jpg?fit=984%2C554&ssl=1","jetpack_sharing_enabled":true,"publishpress_future_workflow_manual_trigger":{"enabledWorkflows":[]},"_links":{"self":[{"href":"https:\/\/blogdoeloiltoncajuhy.com.br\/site\/wp-json\/wp\/v2\/posts\/55515","targetHints":{"allow":["GET"]}}],"collection":[{"href":"https:\/\/blogdoeloiltoncajuhy.com.br\/site\/wp-json\/wp\/v2\/posts"}],"about":[{"href":"https:\/\/blogdoeloiltoncajuhy.com.br\/site\/wp-json\/wp\/v2\/types\/post"}],"author":[{"embeddable":true,"href":"https:\/\/blogdoeloiltoncajuhy.com.br\/site\/wp-json\/wp\/v2\/users\/2"}],"replies":[{"embeddable":true,"href":"https:\/\/blogdoeloiltoncajuhy.com.br\/site\/wp-json\/wp\/v2\/comments?post=55515"}],"version-history":[{"count":2,"href":"https:\/\/blogdoeloiltoncajuhy.com.br\/site\/wp-json\/wp\/v2\/posts\/55515\/revisions"}],"predecessor-version":[{"id":55518,"href":"https:\/\/blogdoeloiltoncajuhy.com.br\/site\/wp-json\/wp\/v2\/posts\/55515\/revisions\/55518"}],"wp:featuredmedia":[{"embeddable":true,"href":"https:\/\/blogdoeloiltoncajuhy.com.br\/site\/wp-json\/wp\/v2\/media\/55516"}],"wp:attachment":[{"href":"https:\/\/blogdoeloiltoncajuhy.com.br\/site\/wp-json\/wp\/v2\/media?parent=55515"}],"wp:term":[{"taxonomy":"category","embeddable":true,"href":"https:\/\/blogdoeloiltoncajuhy.com.br\/site\/wp-json\/wp\/v2\/categories?post=55515"},{"taxonomy":"post_tag","embeddable":true,"href":"https:\/\/blogdoeloiltoncajuhy.com.br\/site\/wp-json\/wp\/v2\/tags?post=55515"}],"curies":[{"name":"wp","href":"https:\/\/api.w.org\/{rel}","templated":true}]}}