{"id":55507,"date":"2021-04-10T09:53:48","date_gmt":"2021-04-10T12:53:48","guid":{"rendered":"http:\/\/blogdoeloiltoncajuhy.com.br\/site\/?p=55507"},"modified":"2021-04-10T09:53:50","modified_gmt":"2021-04-10T12:53:50","slug":"sindicatos-tem-primeira-rodada-de-negociacao-com-a-prefeitura-de-bonfim-visando-a-recomposicao-salarial-de-servidores","status":"publish","type":"post","link":"https:\/\/blogdoeloiltoncajuhy.com.br\/site\/sindicatos-tem-primeira-rodada-de-negociacao-com-a-prefeitura-de-bonfim-visando-a-recomposicao-salarial-de-servidores\/","title":{"rendered":"Sindicatos t\u00eam primeira rodada de negocia\u00e7\u00e3o com a prefeitura de Bonfim visando a recomposi\u00e7\u00e3o salarial de servidores"},"content":{"rendered":"\n<div class=\"wp-block-image\"><figure class=\"aligncenter size-large\"><a href=\"https:\/\/i0.wp.com\/blogdoeloiltoncajuhy.com.br\/site\/wp-content\/uploads\/2021\/04\/Sismusb_RecomposicaoSalarial_2021.jpeg\"><img data-recalc-dims=\"1\" fetchpriority=\"high\" decoding=\"async\" width=\"800\" height=\"600\" src=\"https:\/\/i0.wp.com\/blogdoeloiltoncajuhy.com.br\/site\/wp-content\/uploads\/2021\/04\/Sismusb_RecomposicaoSalarial_2021.jpeg?resize=800%2C600\" alt=\"\" class=\"wp-image-55508\" srcset=\"https:\/\/i0.wp.com\/blogdoeloiltoncajuhy.com.br\/site\/wp-content\/uploads\/2021\/04\/Sismusb_RecomposicaoSalarial_2021.jpeg?resize=1024%2C768&amp;ssl=1 1024w, https:\/\/i0.wp.com\/blogdoeloiltoncajuhy.com.br\/site\/wp-content\/uploads\/2021\/04\/Sismusb_RecomposicaoSalarial_2021.jpeg?resize=300%2C225&amp;ssl=1 300w, https:\/\/i0.wp.com\/blogdoeloiltoncajuhy.com.br\/site\/wp-content\/uploads\/2021\/04\/Sismusb_RecomposicaoSalarial_2021.jpeg?resize=768%2C576&amp;ssl=1 768w, https:\/\/i0.wp.com\/blogdoeloiltoncajuhy.com.br\/site\/wp-content\/uploads\/2021\/04\/Sismusb_RecomposicaoSalarial_2021.jpeg?w=1280&amp;ssl=1 1280w\" sizes=\"(max-width: 800px) 100vw, 800px\" \/><\/a><\/figure><\/div>\n\n\n\n<p>A Diretoria do Sindicato dos Servidores P\u00fablicos Municipais de Senhor do Bonfim (SISMUSB), juntamente com a AMACS, AACE, ABENF, reuniu-se com representantes da gest\u00e3o municipal para iniciar a negocia\u00e7\u00e3o da recomposi\u00e7\u00e3o salarial. Na oportunidade, o Prefeito La\u00e9rcio Junior e sua equipe pontuaram que h\u00e1 uma s\u00e9rie de supostos impedimentos ao reajuste salarial, dentre eles a Lei complementar n\u00b0173\/20, a recomenda\u00e7\u00e3o da Confedera\u00e7\u00e3o Nacional dos Munic\u00edpios (CNM) e a necessidade de consulta junto ao Tribunal de Contas dos Munic\u00edpios (TCM\/BA).<\/p>\n\n\n\n<p>Em contrapartida, o Sismusb rebateu todas as alega\u00e7\u00f5es, informando que a Lei Complementar citada pela Procuradoria do Munic\u00edpio, em seu art. 8\u00b0, inciso VIII, permite a recomposi\u00e7\u00e3o salarial desde que n\u00e3o ultrapasse o percentual da infla\u00e7\u00e3o. Al\u00e9m disso, o Sismusb ressaltou que a recomenda\u00e7\u00e3o da CNM n\u00e3o tem for\u00e7a de lei e que, inclusive, a Confedera\u00e7\u00e3o dos Servidores Municipais aponta o contr\u00e1rio: que \u00e9 poss\u00edvel conceder reajuste salarial. Por fim, a entidade sindical apresentou parecer do TCM\/BA favor\u00e1vel a recomposi\u00e7\u00e3o salarial limitada ao percentual da infla\u00e7\u00e3o.<\/p>\n\n\n\n<p>Nessa primeira rodada de negocia\u00e7\u00e3o, Prefeitura e Sindicato ainda n\u00e3o chegaram a um consenso. Nova reuni\u00e3o j\u00e1 est\u00e1 agendada. Para o Coordenador Geral do SISMUSB, Raimundo Nonato, <em>&#8220;os servidores p\u00fablicos de Senhor do Bonfim merecem e a lei assegura a recomposi\u00e7\u00e3o salarial. Por isso, nossa expectativa \u00e9 que o gestor municipal entenda e coloque em pr\u00e1tica o discurso de valoriza\u00e7\u00e3o do servidor. A valoriza\u00e7\u00e3o come\u00e7a com respeito aos direitos dos trabalhadores&#8221;<\/em>.<\/p>\n\n\n\n<p>O assessor jur\u00eddico do Sismusb, L\u00facio S\u00e1, confirma que <em>&#8220;n\u00e3o existe impedimento legal para que a Prefeitura conceda a recomposi\u00e7\u00e3o salarial de acordo com a infla\u00e7\u00e3o. Recomposi\u00e7\u00e3o n\u00e3o se trata de aumento real, representa apenas uma corre\u00e7\u00e3o em virtude do aumento da infla\u00e7\u00e3o. Por isso, esperamos que as negocia\u00e7\u00f5es avancem e o Prefeito reconhe\u00e7a que a infla\u00e7\u00e3o corroeu os sal\u00e1rios e que, sem recomposi\u00e7\u00e3o, esses trabalhadores sofrer\u00e3o perdas irrepar\u00e1veis no or\u00e7amento familiar&#8221;<\/em>.<\/p>\n","protected":false},"excerpt":{"rendered":"<p>A Diretoria do Sindicato dos Servidores P\u00fablicos Municipais de Senhor do Bonfim (SISMUSB), juntamente com a AMACS, AACE, ABENF, reuniu-se com representantes da gest\u00e3o municipal para iniciar a negocia\u00e7\u00e3o da recomposi\u00e7\u00e3o salarial. Na oportunidade, o Prefeito La\u00e9rcio Junior e sua equipe pontuaram que h\u00e1 uma s\u00e9rie de supostos impedimentos ao reajuste salarial, dentre eles a [&hellip;]<\/p>\n","protected":false},"author":2,"featured_media":55508,"comment_status":"open","ping_status":"open","sticky":false,"template":"","format":"standard","meta":{"_acf_changed":false,"_monsterinsights_skip_tracking":false,"_monsterinsights_sitenote_active":false,"_monsterinsights_sitenote_note":"","_monsterinsights_sitenote_category":0,"_jetpack_memberships_contains_paid_content":false,"footnotes":"","jetpack_publicize_message":"","jetpack_publicize_feature_enabled":true,"jetpack_social_post_already_shared":true,"jetpack_social_options":{"image_generator_settings":{"template":"highway","default_image_id":0,"font":"","enabled":false},"version":2}},"categories":[4],"tags":[],"class_list":["post-55507","post","type-post","status-publish","format-standard","has-post-thumbnail","hentry","category-local"],"acf":[],"jetpack_publicize_connections":[],"jetpack_featured_media_url":"https:\/\/i0.wp.com\/blogdoeloiltoncajuhy.com.br\/site\/wp-content\/uploads\/2021\/04\/Sismusb_RecomposicaoSalarial_2021.jpeg?fit=1280%2C960&ssl=1","jetpack_sharing_enabled":true,"publishpress_future_workflow_manual_trigger":{"enabledWorkflows":[]},"_links":{"self":[{"href":"https:\/\/blogdoeloiltoncajuhy.com.br\/site\/wp-json\/wp\/v2\/posts\/55507","targetHints":{"allow":["GET"]}}],"collection":[{"href":"https:\/\/blogdoeloiltoncajuhy.com.br\/site\/wp-json\/wp\/v2\/posts"}],"about":[{"href":"https:\/\/blogdoeloiltoncajuhy.com.br\/site\/wp-json\/wp\/v2\/types\/post"}],"author":[{"embeddable":true,"href":"https:\/\/blogdoeloiltoncajuhy.com.br\/site\/wp-json\/wp\/v2\/users\/2"}],"replies":[{"embeddable":true,"href":"https:\/\/blogdoeloiltoncajuhy.com.br\/site\/wp-json\/wp\/v2\/comments?post=55507"}],"version-history":[{"count":1,"href":"https:\/\/blogdoeloiltoncajuhy.com.br\/site\/wp-json\/wp\/v2\/posts\/55507\/revisions"}],"predecessor-version":[{"id":55509,"href":"https:\/\/blogdoeloiltoncajuhy.com.br\/site\/wp-json\/wp\/v2\/posts\/55507\/revisions\/55509"}],"wp:featuredmedia":[{"embeddable":true,"href":"https:\/\/blogdoeloiltoncajuhy.com.br\/site\/wp-json\/wp\/v2\/media\/55508"}],"wp:attachment":[{"href":"https:\/\/blogdoeloiltoncajuhy.com.br\/site\/wp-json\/wp\/v2\/media?parent=55507"}],"wp:term":[{"taxonomy":"category","embeddable":true,"href":"https:\/\/blogdoeloiltoncajuhy.com.br\/site\/wp-json\/wp\/v2\/categories?post=55507"},{"taxonomy":"post_tag","embeddable":true,"href":"https:\/\/blogdoeloiltoncajuhy.com.br\/site\/wp-json\/wp\/v2\/tags?post=55507"}],"curies":[{"name":"wp","href":"https:\/\/api.w.org\/{rel}","templated":true}]}}