{"id":55404,"date":"2021-04-07T08:43:04","date_gmt":"2021-04-07T11:43:04","guid":{"rendered":"http:\/\/blogdoeloiltoncajuhy.com.br\/site\/?p=55404"},"modified":"2021-04-07T08:43:05","modified_gmt":"2021-04-07T11:43:05","slug":"governo-do-estado-anuncia-convocacao-de-estudantes-para-o-partiu-estagio","status":"publish","type":"post","link":"https:\/\/blogdoeloiltoncajuhy.com.br\/site\/governo-do-estado-anuncia-convocacao-de-estudantes-para-o-partiu-estagio\/","title":{"rendered":"Governo do Estado anuncia convoca\u00e7\u00e3o de estudantes para o Partiu Est\u00e1gio"},"content":{"rendered":"\n<div class=\"wp-block-image\"><figure class=\"aligncenter size-large\"><a href=\"https:\/\/i0.wp.com\/blogdoeloiltoncajuhy.com.br\/site\/wp-content\/uploads\/2021\/04\/GOVBA-Partiu-Estagio-1068x712-1.jpg\"><img data-recalc-dims=\"1\" fetchpriority=\"high\" decoding=\"async\" width=\"800\" height=\"534\" src=\"https:\/\/i0.wp.com\/blogdoeloiltoncajuhy.com.br\/site\/wp-content\/uploads\/2021\/04\/GOVBA-Partiu-Estagio-1068x712-1.jpg?resize=800%2C534\" alt=\"\" class=\"wp-image-55405\" srcset=\"https:\/\/i0.wp.com\/blogdoeloiltoncajuhy.com.br\/site\/wp-content\/uploads\/2021\/04\/GOVBA-Partiu-Estagio-1068x712-1.jpg?resize=1024%2C683&amp;ssl=1 1024w, https:\/\/i0.wp.com\/blogdoeloiltoncajuhy.com.br\/site\/wp-content\/uploads\/2021\/04\/GOVBA-Partiu-Estagio-1068x712-1.jpg?resize=300%2C200&amp;ssl=1 300w, https:\/\/i0.wp.com\/blogdoeloiltoncajuhy.com.br\/site\/wp-content\/uploads\/2021\/04\/GOVBA-Partiu-Estagio-1068x712-1.jpg?resize=768%2C512&amp;ssl=1 768w, https:\/\/i0.wp.com\/blogdoeloiltoncajuhy.com.br\/site\/wp-content\/uploads\/2021\/04\/GOVBA-Partiu-Estagio-1068x712-1.jpg?w=1068&amp;ssl=1 1068w\" sizes=\"(max-width: 800px) 100vw, 800px\" \/><\/a><figcaption><em>Foto: Camila Souza\/GOVBA<\/em><\/figcaption><\/figure><\/div>\n\n\n\n<p>O governador Rui Costa anunciou, no Papo Correria desta ter\u00e7a-feira (6), a convoca\u00e7\u00e3o de estudantes para o Partiu Est\u00e1gio. Esta edi\u00e7\u00e3o do programa teve mais de 20 mil estudantes inscritos, e a convoca\u00e7\u00e3o come\u00e7a no pr\u00f3ximo dia 12, com divulga\u00e7\u00e3o no site da Secretaria da Administra\u00e7\u00e3o do Estado (Saeb). O prazo ser\u00e1 de 20 dias \u00fateis para que os selecionados providenciem a documenta\u00e7\u00e3o e se apresentem nos \u00f3rg\u00e3os em que ir\u00e3o atuar.<\/p>\n\n\n\n<p>O Partiu Est\u00e1gio teve as inscri\u00e7\u00f5es encerradas no \u00faltimo dia 26 de mar\u00e7o. O programa disponibiliza 2.973 vagas, distribu\u00eddas entre 61 \u00f3rg\u00e3os e entidades da administra\u00e7\u00e3o p\u00fablica, alocados na capital e em 173 munic\u00edpios do interior. Al\u00e9m disso, reserva 10% das vagas a portadores de defici\u00eancia f\u00edsica, e prioriza universit\u00e1rios inscritos no Cadastro \u00danico para Programas Sociais (Cad\u00danico), seguidos daqueles que tenham estudado todo o ensino m\u00e9dio em escola p\u00fablica ou com bolsa integral na rede privada.<\/p>\n\n\n\n<p>Tamb\u00e9m concorrem \u00e0s vagas estudantes universit\u00e1rios regularmente matriculados em institui\u00e7\u00f5es de ensino superior estaduais, federais e privadas, com sede\/polo na Bahia, e que cursam gradua\u00e7\u00e3o nas modalidades presencial ou EAD.<\/p>\n\n\n\n<p>O programa \u00e9 uma iniciativa da administra\u00e7\u00e3o estadual baiana que garante acesso a oportunidades de est\u00e1gio a estudantes universit\u00e1rios de institui\u00e7\u00f5es com sede na Bahia. O contrato tem dura\u00e7\u00e3o m\u00e1xima de um ano, sem possibilidade de prorroga\u00e7\u00e3o, exceto quando o estudante seja deficiente f\u00edsico. A carga hor\u00e1ria \u00e9 composta de quatro horas di\u00e1rias de atividades supervisionadas, chegando a 20 horas semanais.<\/p>\n\n\n\n<p>Al\u00e9m da bolsa-est\u00e1gio, os universit\u00e1rios ter\u00e3o direito a aux\u00edlio-transporte e 30 dias de recesso remunerado, proporcionais. Lan\u00e7ado em 2017, o Partiu Est\u00e1gio j\u00e1 contratou 11.812 universit\u00e1rios para atua\u00e7\u00e3o em \u00f3rg\u00e3os e entidades da administra\u00e7\u00e3o estadual.<\/p>\n","protected":false},"excerpt":{"rendered":"<p>O governador Rui Costa anunciou, no Papo Correria desta ter\u00e7a-feira (6), a convoca\u00e7\u00e3o de estudantes para o Partiu Est\u00e1gio. Esta edi\u00e7\u00e3o do programa teve mais de 20 mil estudantes inscritos, e a convoca\u00e7\u00e3o come\u00e7a no pr\u00f3ximo dia 12, com divulga\u00e7\u00e3o no site da Secretaria da Administra\u00e7\u00e3o do Estado (Saeb). O prazo ser\u00e1 de 20 dias [&hellip;]<\/p>\n","protected":false},"author":2,"featured_media":55405,"comment_status":"open","ping_status":"open","sticky":false,"template":"","format":"standard","meta":{"_acf_changed":false,"_monsterinsights_skip_tracking":false,"_monsterinsights_sitenote_active":false,"_monsterinsights_sitenote_note":"","_monsterinsights_sitenote_category":0,"_jetpack_memberships_contains_paid_content":false,"footnotes":"","jetpack_publicize_message":"","jetpack_publicize_feature_enabled":true,"jetpack_social_post_already_shared":true,"jetpack_social_options":{"image_generator_settings":{"template":"highway","default_image_id":0,"font":"","enabled":false},"version":2}},"categories":[14],"tags":[],"class_list":["post-55404","post","type-post","status-publish","format-standard","has-post-thumbnail","hentry","category-educacao"],"acf":[],"jetpack_publicize_connections":[],"jetpack_featured_media_url":"https:\/\/i0.wp.com\/blogdoeloiltoncajuhy.com.br\/site\/wp-content\/uploads\/2021\/04\/GOVBA-Partiu-Estagio-1068x712-1.jpg?fit=1068%2C712&ssl=1","jetpack_sharing_enabled":true,"publishpress_future_workflow_manual_trigger":{"enabledWorkflows":[]},"_links":{"self":[{"href":"https:\/\/blogdoeloiltoncajuhy.com.br\/site\/wp-json\/wp\/v2\/posts\/55404","targetHints":{"allow":["GET"]}}],"collection":[{"href":"https:\/\/blogdoeloiltoncajuhy.com.br\/site\/wp-json\/wp\/v2\/posts"}],"about":[{"href":"https:\/\/blogdoeloiltoncajuhy.com.br\/site\/wp-json\/wp\/v2\/types\/post"}],"author":[{"embeddable":true,"href":"https:\/\/blogdoeloiltoncajuhy.com.br\/site\/wp-json\/wp\/v2\/users\/2"}],"replies":[{"embeddable":true,"href":"https:\/\/blogdoeloiltoncajuhy.com.br\/site\/wp-json\/wp\/v2\/comments?post=55404"}],"version-history":[{"count":2,"href":"https:\/\/blogdoeloiltoncajuhy.com.br\/site\/wp-json\/wp\/v2\/posts\/55404\/revisions"}],"predecessor-version":[{"id":55407,"href":"https:\/\/blogdoeloiltoncajuhy.com.br\/site\/wp-json\/wp\/v2\/posts\/55404\/revisions\/55407"}],"wp:featuredmedia":[{"embeddable":true,"href":"https:\/\/blogdoeloiltoncajuhy.com.br\/site\/wp-json\/wp\/v2\/media\/55405"}],"wp:attachment":[{"href":"https:\/\/blogdoeloiltoncajuhy.com.br\/site\/wp-json\/wp\/v2\/media?parent=55404"}],"wp:term":[{"taxonomy":"category","embeddable":true,"href":"https:\/\/blogdoeloiltoncajuhy.com.br\/site\/wp-json\/wp\/v2\/categories?post=55404"},{"taxonomy":"post_tag","embeddable":true,"href":"https:\/\/blogdoeloiltoncajuhy.com.br\/site\/wp-json\/wp\/v2\/tags?post=55404"}],"curies":[{"name":"wp","href":"https:\/\/api.w.org\/{rel}","templated":true}]}}