{"id":55380,"date":"2021-04-06T07:33:48","date_gmt":"2021-04-06T10:33:48","guid":{"rendered":"http:\/\/blogdoeloiltoncajuhy.com.br\/site\/?p=55380"},"modified":"2021-04-06T07:33:49","modified_gmt":"2021-04-06T10:33:49","slug":"ensino-domiciliar-recebe-criticas-de-entidades-da-area-de-educacao-apesar-de-apoio-do-governo","status":"publish","type":"post","link":"https:\/\/blogdoeloiltoncajuhy.com.br\/site\/ensino-domiciliar-recebe-criticas-de-entidades-da-area-de-educacao-apesar-de-apoio-do-governo\/","title":{"rendered":"Ensino domiciliar recebe cr\u00edticas de entidades da \u00e1rea de Educa\u00e7\u00e3o, apesar de apoio do governo"},"content":{"rendered":"\n<div class=\"wp-block-image\"><figure class=\"aligncenter size-large\"><a href=\"https:\/\/i0.wp.com\/blogdoeloiltoncajuhy.com.br\/site\/wp-content\/uploads\/2021\/04\/ensino-domiciliar.jpg\"><img data-recalc-dims=\"1\" fetchpriority=\"high\" decoding=\"async\" width=\"770\" height=\"441\" src=\"https:\/\/i0.wp.com\/blogdoeloiltoncajuhy.com.br\/site\/wp-content\/uploads\/2021\/04\/ensino-domiciliar.jpg?resize=770%2C441\" alt=\"\" class=\"wp-image-55381\" srcset=\"https:\/\/i0.wp.com\/blogdoeloiltoncajuhy.com.br\/site\/wp-content\/uploads\/2021\/04\/ensino-domiciliar.jpg?w=770&amp;ssl=1 770w, https:\/\/i0.wp.com\/blogdoeloiltoncajuhy.com.br\/site\/wp-content\/uploads\/2021\/04\/ensino-domiciliar.jpg?resize=300%2C172&amp;ssl=1 300w, https:\/\/i0.wp.com\/blogdoeloiltoncajuhy.com.br\/site\/wp-content\/uploads\/2021\/04\/ensino-domiciliar.jpg?resize=768%2C440&amp;ssl=1 768w\" sizes=\"(max-width: 770px) 100vw, 770px\" \/><\/a><\/figure><\/div>\n\n\n\n<p>A educa\u00e7\u00e3o domiciliar, ou home schooling, est\u00e1 sendo debatida na C\u00e2mara desde 2012, mas o tema \u00e9 uma das prioridades do governo Bolsonaro, que espera a regulamenta\u00e7\u00e3o da modalidade de ensino ainda neste semestre.<\/p>\n\n\n\n<p>A relatora do conjunto de propostas que tratam do tema em tramita\u00e7\u00e3o na C\u00e2mara, (PL3179\/12 e sete apensados) deputada Luisa Canziani (PTB-PR), realizou reuni\u00e3o t\u00e9cnica para debater mais uma vez o assunto com educadores e com os ministros da Educa\u00e7\u00e3o e dos Direitos Humanos.<\/p>\n\n\n\n<p>O ministro da educa\u00e7\u00e3o, Milton Ribeiro, afirmou que \u00e9 favor\u00e1vel \u00e0 educa\u00e7\u00e3o domiciliar como uma modalidade que possa ser escolhida pelas fam\u00edlias, desde que elas preencham os requisitos previstos no projeto de lei, mas o assunto n\u00e3o deve ser politizado.<\/p>\n\n\n\n<p><em>\u201cSe \u00e9 uma proposta vinda do governo dentro dos 100 dias, isso \u00e9 o que menos me importa. O que me importa \u00e9 se o projeto \u00e9 bom e se tem validade. N\u00e3o estamos querendo estabelecer um dualismo entre a escola e a fam\u00edlia, desmerecendo professores n\u00e3o \u00e9 isso que estamos procurando estabelecer quando apoiamos o home schooling&#8221;.<\/em><\/p>\n\n\n\n<p>J\u00e1 a presidente da Conselho Nacional de Educa\u00e7\u00e3o, CNE, Maria Helana Castro, lembrou que o \u00f3rg\u00e3o ainda n\u00e3o tem uma posi\u00e7\u00e3o sobre a educa\u00e7\u00e3o domiciliar, at\u00e9 porque os conselheiros t\u00eam posi\u00e7\u00f5es divergentes sobre o assunto, mas ela pontuou que faltam evid\u00eancias cient\u00edficas sobre a efic\u00e1cia do ensino domiciliar.<\/p>\n\n\n\n<p>Em rela\u00e7\u00e3o ao projeto que est\u00e1 sendo analisado pelos deputados, a educadora afirma que existem falhas que precisam ser corrigidas, para que n\u00e3o haja preju\u00edzo na educa\u00e7\u00e3o de crian\u00e7as e adolescentes. Isso porque, segundo ela, o modelo domiciliar pode comprometer a socializa\u00e7\u00e3o. Al\u00e9m disso, tem sido uma op\u00e7\u00e3o de fam\u00edlias que querem afastar seus filhos de debates sobre ci\u00eancias e educa\u00e7\u00e3o sexual, e ao fazer isso impedem o contato do aluno com ideias e pensamentos diferentes.<\/p>\n\n\n\n<p><em>\u201cImplantar a educa\u00e7\u00e3o domiciliar de forma abrupta, num momento absolutamente inadequado da pandemia \u00e9 ignorar as vozes que se erguem a favor da inf\u00e2ncia, da juventude, e de toda a trajet\u00f3ria das legisla\u00e7\u00f5es que envolvem a educa\u00e7\u00e3o no Brasil\u201d<\/em>.<\/p>\n\n\n\n<p>A ministra da Mulher, da Fam\u00edlia e dos Direitos Humanos, Damares Alves, lembrou que algumas fam\u00edlias que adotam o ensino domiciliar t\u00eam enfrentado problemas na justi\u00e7a, com pais correndo o risco de perder a guarda dos filhos por falta de matr\u00edcula em escolas tradicionais. Al\u00e9m disso, o tema j\u00e1 vem sendo debatido no Congresso Nacional h\u00e1 quase uma d\u00e9cada e, apesar de beneficiar poucas fam\u00edlias, a ministra acredita que \u00e9 obriga\u00e7\u00e3o do Poder Legislativo regulamentar o tema.<\/p>\n\n\n\n<p><em>\u201cQuero dizer que o ensino domiciliar est\u00e1 no campo dos direitos. E aqui eu registro que a posi\u00e7\u00e3o do nosso minist\u00e9rio n\u00e3o \u00e9 a defesa da modalidade, mas a defesa do direito em si, o direito das fam\u00edlias\u201d<\/em>.<\/p>\n\n\n\n<p>O presidente do Conselho Nacional de Secret\u00e1rios de Educa\u00e7\u00e3o, Consed, Vitor de \u00c2ngelo, destacou que defender o ensino domiciliar \u00e9 n\u00e3o acreditar na capacidade dos professores.<\/p>\n\n\n\n<p><em>\u201cN\u00f3s ao discutirmos home schooling, estamos discutindo a import\u00e2ncia que n\u00f3s damos \u00e0 escola me parece que subjacente a todo esse debate h\u00e1 uma cr\u00edtica ao papel positivo e propositivo da escola. E correlacionado a esta cr\u00edtica uma talvez deslegitima\u00e7\u00e3o do profissional da educa\u00e7\u00e3o enquanto profissional\u201d<\/em>.<\/p>\n\n\n\n<p>O autor de uma das propostas, deputado Lincoln Portela (PL-MG), explicou que o home schooling n\u00e3o retira o papel avaliativo da escola.<\/p>\n\n\n\n<p><em>\u201cEles podem ser examinados trimestralmente, semestralmente. As escolas podem examinar. Ent\u00e3o entendam bem, a educa\u00e7\u00e3o domiciliar \u00e9 uma modalidade para o Brasil e n\u00e3o uma obriga\u00e7\u00e3o. A educa\u00e7\u00e3o domiciliar \u00e9 uma modalidade de educa\u00e7\u00e3o e os alunos podem continuar sendo avaliados nas escolas\u201d<\/em>.<\/p>\n\n\n\n<p>A vice-presidente da Uni\u00e3o Nacional dos Dirigentes Municipais de Educa\u00e7\u00e3o, Undime, Maria Aparecida Baldini, lembrou que educa\u00e7\u00e3o brasileira est\u00e1 baseada no trip\u00e9: fam\u00edlia, Estado e sociedade e mudar apenas um artigo na LDB n\u00e3o vai dar seguran\u00e7a jur\u00eddica para as fam\u00edlias que optarem pela educa\u00e7\u00e3o domiciliar.<\/p>\n","protected":false},"excerpt":{"rendered":"<p>A educa\u00e7\u00e3o domiciliar, ou home schooling, est\u00e1 sendo debatida na C\u00e2mara desde 2012, mas o tema \u00e9 uma das prioridades do governo Bolsonaro, que espera a regulamenta\u00e7\u00e3o da modalidade de ensino ainda neste semestre. A relatora do conjunto de propostas que tratam do tema em tramita\u00e7\u00e3o na C\u00e2mara, (PL3179\/12 e sete apensados) deputada Luisa Canziani [&hellip;]<\/p>\n","protected":false},"author":2,"featured_media":55381,"comment_status":"open","ping_status":"open","sticky":false,"template":"","format":"standard","meta":{"_acf_changed":false,"_monsterinsights_skip_tracking":false,"_monsterinsights_sitenote_active":false,"_monsterinsights_sitenote_note":"","_monsterinsights_sitenote_category":0,"_jetpack_memberships_contains_paid_content":false,"footnotes":"","jetpack_publicize_message":"","jetpack_publicize_feature_enabled":true,"jetpack_social_post_already_shared":true,"jetpack_social_options":{"image_generator_settings":{"template":"highway","default_image_id":0,"font":"","enabled":false},"version":2}},"categories":[14],"tags":[],"class_list":["post-55380","post","type-post","status-publish","format-standard","has-post-thumbnail","hentry","category-educacao"],"acf":[],"jetpack_publicize_connections":[],"jetpack_featured_media_url":"https:\/\/i0.wp.com\/blogdoeloiltoncajuhy.com.br\/site\/wp-content\/uploads\/2021\/04\/ensino-domiciliar.jpg?fit=770%2C441&ssl=1","jetpack_sharing_enabled":true,"publishpress_future_workflow_manual_trigger":{"enabledWorkflows":[]},"_links":{"self":[{"href":"https:\/\/blogdoeloiltoncajuhy.com.br\/site\/wp-json\/wp\/v2\/posts\/55380","targetHints":{"allow":["GET"]}}],"collection":[{"href":"https:\/\/blogdoeloiltoncajuhy.com.br\/site\/wp-json\/wp\/v2\/posts"}],"about":[{"href":"https:\/\/blogdoeloiltoncajuhy.com.br\/site\/wp-json\/wp\/v2\/types\/post"}],"author":[{"embeddable":true,"href":"https:\/\/blogdoeloiltoncajuhy.com.br\/site\/wp-json\/wp\/v2\/users\/2"}],"replies":[{"embeddable":true,"href":"https:\/\/blogdoeloiltoncajuhy.com.br\/site\/wp-json\/wp\/v2\/comments?post=55380"}],"version-history":[{"count":2,"href":"https:\/\/blogdoeloiltoncajuhy.com.br\/site\/wp-json\/wp\/v2\/posts\/55380\/revisions"}],"predecessor-version":[{"id":55383,"href":"https:\/\/blogdoeloiltoncajuhy.com.br\/site\/wp-json\/wp\/v2\/posts\/55380\/revisions\/55383"}],"wp:featuredmedia":[{"embeddable":true,"href":"https:\/\/blogdoeloiltoncajuhy.com.br\/site\/wp-json\/wp\/v2\/media\/55381"}],"wp:attachment":[{"href":"https:\/\/blogdoeloiltoncajuhy.com.br\/site\/wp-json\/wp\/v2\/media?parent=55380"}],"wp:term":[{"taxonomy":"category","embeddable":true,"href":"https:\/\/blogdoeloiltoncajuhy.com.br\/site\/wp-json\/wp\/v2\/categories?post=55380"},{"taxonomy":"post_tag","embeddable":true,"href":"https:\/\/blogdoeloiltoncajuhy.com.br\/site\/wp-json\/wp\/v2\/tags?post=55380"}],"curies":[{"name":"wp","href":"https:\/\/api.w.org\/{rel}","templated":true}]}}