{"id":55373,"date":"2021-04-06T07:01:29","date_gmt":"2021-04-06T10:01:29","guid":{"rendered":"http:\/\/blogdoeloiltoncajuhy.com.br\/site\/?p=55373"},"modified":"2021-04-06T07:01:30","modified_gmt":"2021-04-06T10:01:30","slug":"mais-de-4-mil-infracoes-de-transito-sao-registradas-durante-o-feriado-da-semana-santa-na-bahia-segundo-prf","status":"publish","type":"post","link":"https:\/\/blogdoeloiltoncajuhy.com.br\/site\/mais-de-4-mil-infracoes-de-transito-sao-registradas-durante-o-feriado-da-semana-santa-na-bahia-segundo-prf\/","title":{"rendered":"Mais de 4 mil infra\u00e7\u00f5es de tr\u00e2nsito s\u00e3o registradas durante o feriado da Semana Santa na Bahia, segundo PRF"},"content":{"rendered":"\n<h5 class=\"has-text-align-center wp-block-heading\"><em>De acordo com \u00f3rg\u00e3o, duas pessoas morreram e 40 ficaram feridas entre a quinta-feira (1\u00ba) e o domingo (4)<\/em><\/h5>\n\n\n\n<div class=\"wp-block-image\"><figure class=\"aligncenter size-large\"><a href=\"https:\/\/i0.wp.com\/blogdoeloiltoncajuhy.com.br\/site\/wp-content\/uploads\/2020\/11\/PRF-OperacaoFinados-2020.jpeg\"><img data-recalc-dims=\"1\" fetchpriority=\"high\" decoding=\"async\" width=\"800\" height=\"445\" src=\"https:\/\/i0.wp.com\/blogdoeloiltoncajuhy.com.br\/site\/wp-content\/uploads\/2020\/11\/PRF-OperacaoFinados-2020.jpeg?resize=800%2C445\" alt=\"\" class=\"wp-image-50696\" srcset=\"https:\/\/i0.wp.com\/blogdoeloiltoncajuhy.com.br\/site\/wp-content\/uploads\/2020\/11\/PRF-OperacaoFinados-2020.jpeg?w=984&amp;ssl=1 984w, https:\/\/i0.wp.com\/blogdoeloiltoncajuhy.com.br\/site\/wp-content\/uploads\/2020\/11\/PRF-OperacaoFinados-2020.jpeg?resize=300%2C167&amp;ssl=1 300w, https:\/\/i0.wp.com\/blogdoeloiltoncajuhy.com.br\/site\/wp-content\/uploads\/2020\/11\/PRF-OperacaoFinados-2020.jpeg?resize=768%2C427&amp;ssl=1 768w\" sizes=\"(max-width: 800px) 100vw, 800px\" \/><\/a><\/figure><\/div>\n\n\n\n<p>Quatro mil cento e tr\u00eas infra\u00e7\u00f5es de tr\u00e2nsito foram registradas durante o per\u00edodo da Opera\u00e7\u00e3o Semana Santa da Pol\u00edcia Rodovi\u00e1ria Federal (PRF) na Bahia. De acordo com \u00f3rg\u00e3o, duas pessoas morreram e 40 ficaram feridas entre a quinta-feira (1\u00ba) e o domingo (4).<\/p>\n\n\n\n<p>Segundo a PRF, foram registrados 40 acidentes. Desse total, nove foram considerados graves, pois resultaram em, pelo menos, um \u00f3bito ou ferido gravemente.<\/p>\n\n\n\n<p>De acordo com o \u00f3rg\u00e3o, a Opera\u00e7\u00e3o Semana Santa focou na fiscaliza\u00e7\u00e3o das rodovias, principalmente, no combate ao excesso de velocidade, embriaguez ao volante e as ultrapassagens irregulares. Foram fiscalizados 3.324 ve\u00edculos e 3.788 pessoas no per\u00edodo da opera\u00e7\u00e3o.<\/p>\n\n\n\n<p>Ainda de acordo com a Pol\u00edcia Rodovi\u00e1ria Federal, 1.096 pessoas foram autuadas por causa de ultrapassagem proibida, tipo de acidente que mais fere gravemente e mata pessoas em rodovias. Tamb\u00e9m foram realizados 250 testes de baf\u00f4metro, sendo constatados 25 testes positivos.<\/p>\n\n\n\n<p>Durante as fiscaliza\u00e7\u00f5es, a PRF tamb\u00e9m emitiu 102 autos de infra\u00e7\u00e3o para motociclistas ou passageiros sem capacete e 40 motoristas foram flagrados com crian\u00e7as sem a cadeirinha de seguran\u00e7a. Trezentas e dez pessoas foram flagradas sem o cinto de seguran\u00e7a.<\/p>\n","protected":false},"excerpt":{"rendered":"<p>De acordo com \u00f3rg\u00e3o, duas pessoas morreram e 40 ficaram feridas entre a quinta-feira (1\u00ba) e o domingo (4) Quatro mil cento e tr\u00eas infra\u00e7\u00f5es de tr\u00e2nsito foram registradas durante o per\u00edodo da Opera\u00e7\u00e3o Semana Santa da Pol\u00edcia Rodovi\u00e1ria Federal (PRF) na Bahia. De acordo com \u00f3rg\u00e3o, duas pessoas morreram e 40 ficaram feridas entre [&hellip;]<\/p>\n","protected":false},"author":2,"featured_media":50084,"comment_status":"open","ping_status":"open","sticky":false,"template":"","format":"standard","meta":{"_acf_changed":false,"_monsterinsights_skip_tracking":false,"_monsterinsights_sitenote_active":false,"_monsterinsights_sitenote_note":"","_monsterinsights_sitenote_category":0,"_jetpack_memberships_contains_paid_content":false,"footnotes":"","jetpack_publicize_message":"","jetpack_publicize_feature_enabled":true,"jetpack_social_post_already_shared":true,"jetpack_social_options":{"image_generator_settings":{"template":"highway","default_image_id":0,"font":"","enabled":false},"version":2}},"categories":[15],"tags":[],"class_list":["post-55373","post","type-post","status-publish","format-standard","has-post-thumbnail","hentry","category-policia"],"acf":[],"jetpack_publicize_connections":[],"jetpack_featured_media_url":"https:\/\/i0.wp.com\/blogdoeloiltoncajuhy.com.br\/site\/wp-content\/uploads\/2020\/10\/PRF-OperacaoNossaSenhoraAparecida-2020_04.jpeg?fit=800%2C533&ssl=1","jetpack_sharing_enabled":true,"publishpress_future_workflow_manual_trigger":{"enabledWorkflows":[]},"_links":{"self":[{"href":"https:\/\/blogdoeloiltoncajuhy.com.br\/site\/wp-json\/wp\/v2\/posts\/55373","targetHints":{"allow":["GET"]}}],"collection":[{"href":"https:\/\/blogdoeloiltoncajuhy.com.br\/site\/wp-json\/wp\/v2\/posts"}],"about":[{"href":"https:\/\/blogdoeloiltoncajuhy.com.br\/site\/wp-json\/wp\/v2\/types\/post"}],"author":[{"embeddable":true,"href":"https:\/\/blogdoeloiltoncajuhy.com.br\/site\/wp-json\/wp\/v2\/users\/2"}],"replies":[{"embeddable":true,"href":"https:\/\/blogdoeloiltoncajuhy.com.br\/site\/wp-json\/wp\/v2\/comments?post=55373"}],"version-history":[{"count":2,"href":"https:\/\/blogdoeloiltoncajuhy.com.br\/site\/wp-json\/wp\/v2\/posts\/55373\/revisions"}],"predecessor-version":[{"id":55375,"href":"https:\/\/blogdoeloiltoncajuhy.com.br\/site\/wp-json\/wp\/v2\/posts\/55373\/revisions\/55375"}],"wp:featuredmedia":[{"embeddable":true,"href":"https:\/\/blogdoeloiltoncajuhy.com.br\/site\/wp-json\/wp\/v2\/media\/50084"}],"wp:attachment":[{"href":"https:\/\/blogdoeloiltoncajuhy.com.br\/site\/wp-json\/wp\/v2\/media?parent=55373"}],"wp:term":[{"taxonomy":"category","embeddable":true,"href":"https:\/\/blogdoeloiltoncajuhy.com.br\/site\/wp-json\/wp\/v2\/categories?post=55373"},{"taxonomy":"post_tag","embeddable":true,"href":"https:\/\/blogdoeloiltoncajuhy.com.br\/site\/wp-json\/wp\/v2\/tags?post=55373"}],"curies":[{"name":"wp","href":"https:\/\/api.w.org\/{rel}","templated":true}]}}