{"id":55362,"date":"2021-04-05T20:44:13","date_gmt":"2021-04-05T23:44:13","guid":{"rendered":"http:\/\/blogdoeloiltoncajuhy.com.br\/site\/?p=55362"},"modified":"2021-04-06T15:19:55","modified_gmt":"2021-04-06T18:19:55","slug":"jovem-encontrada-morta-em-petrolina-pe-e-sepultada-em-senhor-do-bonfim","status":"publish","type":"post","link":"https:\/\/blogdoeloiltoncajuhy.com.br\/site\/jovem-encontrada-morta-em-petrolina-pe-e-sepultada-em-senhor-do-bonfim\/","title":{"rendered":"Jovem encontrada morta em Petrolina-PE \u00e9 sepultada em Senhor do Bonfim"},"content":{"rendered":"\n<p><em><strong>Atualizado em 06.04.2021<\/strong><\/em><\/p>\n\n\n\n<div class=\"wp-block-image\"><figure class=\"aligncenter size-large\"><a href=\"https:\/\/i0.wp.com\/blogdoeloiltoncajuhy.com.br\/site\/wp-content\/uploads\/2021\/04\/Paloma.jpeg\"><img data-recalc-dims=\"1\" fetchpriority=\"high\" decoding=\"async\" width=\"800\" height=\"811\" src=\"https:\/\/i0.wp.com\/blogdoeloiltoncajuhy.com.br\/site\/wp-content\/uploads\/2021\/04\/Paloma.jpeg?resize=800%2C811\" alt=\"\" class=\"wp-image-55363\" srcset=\"https:\/\/i0.wp.com\/blogdoeloiltoncajuhy.com.br\/site\/wp-content\/uploads\/2021\/04\/Paloma.jpeg?w=911&amp;ssl=1 911w, https:\/\/i0.wp.com\/blogdoeloiltoncajuhy.com.br\/site\/wp-content\/uploads\/2021\/04\/Paloma.jpeg?resize=296%2C300&amp;ssl=1 296w, https:\/\/i0.wp.com\/blogdoeloiltoncajuhy.com.br\/site\/wp-content\/uploads\/2021\/04\/Paloma.jpeg?resize=768%2C779&amp;ssl=1 768w\" sizes=\"(max-width: 800px) 100vw, 800px\" \/><\/a><figcaption><em>Foto: Redes Sociais<\/em><\/figcaption><\/figure><\/div>\n\n\n\n<p>A jovem Paloma de 23 anos, natural de Senhor do Bonfim, foi encontrada morta neste domingo (04) no apartamento onde morava na cidade de Petrolina-PE. Ela morava no Alto do Cigano, em nossa cidade.<\/p>\n\n\n\n<p>Paloma trabalhava num provedor de internet da cidade e recentemente havia sido transferida para Petrolina. N\u00e3o h\u00e1 mais detalhes sobre sua morte. Informa\u00e7\u00f5es que a pol\u00edcia trabalha com a possibilidade de suic\u00eddio.<\/p>\n\n\n\n<p>O corpo de Paloma chegou na tarde de segunda-feira (05) a Senhor do Bonfim e foi velado no Memorial Vila Nova. Seu sepultamento foi realizado na manh\u00e3 desta ter\u00e7a-feira (06) no Cemit\u00e9rio Jardim da Saudade, nesta cidade.<\/p>\n","protected":false},"excerpt":{"rendered":"<p>Atualizado em 06.04.2021 A jovem Paloma de 23 anos, natural de Senhor do Bonfim, foi encontrada morta neste domingo (04) no apartamento onde morava na cidade de Petrolina-PE. Ela morava no Alto do Cigano, em nossa cidade. Paloma trabalhava num provedor de internet da cidade e recentemente havia sido transferida para Petrolina. N\u00e3o h\u00e1 mais [&hellip;]<\/p>\n","protected":false},"author":2,"featured_media":55363,"comment_status":"open","ping_status":"open","sticky":false,"template":"","format":"standard","meta":{"_acf_changed":false,"_monsterinsights_skip_tracking":false,"_monsterinsights_sitenote_active":false,"_monsterinsights_sitenote_note":"","_monsterinsights_sitenote_category":0,"_jetpack_memberships_contains_paid_content":false,"footnotes":"","jetpack_publicize_message":"","jetpack_publicize_feature_enabled":true,"jetpack_social_post_already_shared":true,"jetpack_social_options":{"image_generator_settings":{"template":"highway","default_image_id":0,"font":"","enabled":false},"version":2}},"categories":[4],"tags":[],"class_list":["post-55362","post","type-post","status-publish","format-standard","has-post-thumbnail","hentry","category-local"],"acf":[],"jetpack_publicize_connections":[],"jetpack_featured_media_url":"https:\/\/i0.wp.com\/blogdoeloiltoncajuhy.com.br\/site\/wp-content\/uploads\/2021\/04\/Paloma.jpeg?fit=911%2C924&ssl=1","jetpack_sharing_enabled":true,"publishpress_future_workflow_manual_trigger":{"enabledWorkflows":[]},"_links":{"self":[{"href":"https:\/\/blogdoeloiltoncajuhy.com.br\/site\/wp-json\/wp\/v2\/posts\/55362","targetHints":{"allow":["GET"]}}],"collection":[{"href":"https:\/\/blogdoeloiltoncajuhy.com.br\/site\/wp-json\/wp\/v2\/posts"}],"about":[{"href":"https:\/\/blogdoeloiltoncajuhy.com.br\/site\/wp-json\/wp\/v2\/types\/post"}],"author":[{"embeddable":true,"href":"https:\/\/blogdoeloiltoncajuhy.com.br\/site\/wp-json\/wp\/v2\/users\/2"}],"replies":[{"embeddable":true,"href":"https:\/\/blogdoeloiltoncajuhy.com.br\/site\/wp-json\/wp\/v2\/comments?post=55362"}],"version-history":[{"count":4,"href":"https:\/\/blogdoeloiltoncajuhy.com.br\/site\/wp-json\/wp\/v2\/posts\/55362\/revisions"}],"predecessor-version":[{"id":55392,"href":"https:\/\/blogdoeloiltoncajuhy.com.br\/site\/wp-json\/wp\/v2\/posts\/55362\/revisions\/55392"}],"wp:featuredmedia":[{"embeddable":true,"href":"https:\/\/blogdoeloiltoncajuhy.com.br\/site\/wp-json\/wp\/v2\/media\/55363"}],"wp:attachment":[{"href":"https:\/\/blogdoeloiltoncajuhy.com.br\/site\/wp-json\/wp\/v2\/media?parent=55362"}],"wp:term":[{"taxonomy":"category","embeddable":true,"href":"https:\/\/blogdoeloiltoncajuhy.com.br\/site\/wp-json\/wp\/v2\/categories?post=55362"},{"taxonomy":"post_tag","embeddable":true,"href":"https:\/\/blogdoeloiltoncajuhy.com.br\/site\/wp-json\/wp\/v2\/tags?post=55362"}],"curies":[{"name":"wp","href":"https:\/\/api.w.org\/{rel}","templated":true}]}}