{"id":55349,"date":"2021-04-05T19:05:17","date_gmt":"2021-04-05T22:05:17","guid":{"rendered":"http:\/\/blogdoeloiltoncajuhy.com.br\/site\/?p=55349"},"modified":"2021-04-05T19:05:24","modified_gmt":"2021-04-05T22:05:24","slug":"governo-da-bahia-volta-a-declarar-estado-de-calamidade-no-estado","status":"publish","type":"post","link":"https:\/\/blogdoeloiltoncajuhy.com.br\/site\/governo-da-bahia-volta-a-declarar-estado-de-calamidade-no-estado\/","title":{"rendered":"Governo da Bahia volta a declarar estado de calamidade no estado"},"content":{"rendered":"\n<div class=\"wp-block-image\"><figure class=\"aligncenter size-full is-resized\"><a href=\"https:\/\/i0.wp.com\/blogdoeloiltoncajuhy.com.br\/site\/wp-content\/uploads\/2020\/03\/coronavirus_3.jpg\"><img data-recalc-dims=\"1\" fetchpriority=\"high\" decoding=\"async\" src=\"https:\/\/i0.wp.com\/blogdoeloiltoncajuhy.com.br\/site\/wp-content\/uploads\/2020\/03\/coronavirus_3.jpg?resize=542%2C399\" alt=\"\" class=\"wp-image-42250\" width=\"542\" height=\"399\" srcset=\"https:\/\/i0.wp.com\/blogdoeloiltoncajuhy.com.br\/site\/wp-content\/uploads\/2020\/03\/coronavirus_3.jpg?w=380&amp;ssl=1 380w, https:\/\/i0.wp.com\/blogdoeloiltoncajuhy.com.br\/site\/wp-content\/uploads\/2020\/03\/coronavirus_3.jpg?resize=300%2C221&amp;ssl=1 300w, https:\/\/i0.wp.com\/blogdoeloiltoncajuhy.com.br\/site\/wp-content\/uploads\/2020\/03\/coronavirus_3.jpg?resize=250%2C184&amp;ssl=1 250w\" sizes=\"(max-width: 542px) 100vw, 542px\" \/><\/a><\/figure><\/div>\n\n\n\n<p>O Governo do Estado da Bahia publicar\u00e1 na edi\u00e7\u00e3o do Di\u00e1rio Oficial do Estado desta ter\u00e7a-feira (6) um novo decreto declarando estado de calamidade p\u00fablica em todo o territ\u00f3rio em virtude da pandemia da Covid-19. Este \u00e9 o terceiro decreto do tipo publicado pelo governo baiano para fins de preven\u00e7\u00e3o e enfrentamento ao novo coronav\u00edrus. A medida autoriza a mobiliza\u00e7\u00e3o de todos os \u00f3rg\u00e3os estaduais, no \u00e2mbito das suas compet\u00eancias.<\/p>\n\n\n\n<p>A publica\u00e7\u00e3o do decreto segue normativa do Minist\u00e9rio do Desenvolvimento Regional e viabiliza a libera\u00e7\u00e3o de recursos por parte do Governo Federal para que sejam aplicados nas medidas de preven\u00e7\u00e3o, controle, conten\u00e7\u00e3o de riscos, danos e agravos \u00e0 sa\u00fade p\u00fablica, a fim de evitar a dissemina\u00e7\u00e3o da doen\u00e7a.<\/p>\n","protected":false},"excerpt":{"rendered":"<p>O Governo do Estado da Bahia publicar\u00e1 na edi\u00e7\u00e3o do Di\u00e1rio Oficial do Estado desta ter\u00e7a-feira (6) um novo decreto declarando estado de calamidade p\u00fablica em todo o territ\u00f3rio em virtude da pandemia da Covid-19. Este \u00e9 o terceiro decreto do tipo publicado pelo governo baiano para fins de preven\u00e7\u00e3o e enfrentamento ao novo coronav\u00edrus. [&hellip;]<\/p>\n","protected":false},"author":2,"featured_media":42250,"comment_status":"open","ping_status":"open","sticky":false,"template":"","format":"standard","meta":{"_acf_changed":false,"_monsterinsights_skip_tracking":false,"_monsterinsights_sitenote_active":false,"_monsterinsights_sitenote_note":"","_monsterinsights_sitenote_category":0,"_jetpack_memberships_contains_paid_content":false,"footnotes":"","jetpack_publicize_message":"","jetpack_publicize_feature_enabled":true,"jetpack_social_post_already_shared":true,"jetpack_social_options":{"image_generator_settings":{"template":"highway","default_image_id":0,"font":"","enabled":false},"version":2}},"categories":[7],"tags":[],"class_list":["post-55349","post","type-post","status-publish","format-standard","has-post-thumbnail","hentry","category-saude"],"acf":[],"jetpack_publicize_connections":[],"jetpack_featured_media_url":"https:\/\/i0.wp.com\/blogdoeloiltoncajuhy.com.br\/site\/wp-content\/uploads\/2020\/03\/coronavirus_3.jpg?fit=380%2C280&ssl=1","jetpack_sharing_enabled":true,"publishpress_future_workflow_manual_trigger":{"enabledWorkflows":[]},"_links":{"self":[{"href":"https:\/\/blogdoeloiltoncajuhy.com.br\/site\/wp-json\/wp\/v2\/posts\/55349","targetHints":{"allow":["GET"]}}],"collection":[{"href":"https:\/\/blogdoeloiltoncajuhy.com.br\/site\/wp-json\/wp\/v2\/posts"}],"about":[{"href":"https:\/\/blogdoeloiltoncajuhy.com.br\/site\/wp-json\/wp\/v2\/types\/post"}],"author":[{"embeddable":true,"href":"https:\/\/blogdoeloiltoncajuhy.com.br\/site\/wp-json\/wp\/v2\/users\/2"}],"replies":[{"embeddable":true,"href":"https:\/\/blogdoeloiltoncajuhy.com.br\/site\/wp-json\/wp\/v2\/comments?post=55349"}],"version-history":[{"count":2,"href":"https:\/\/blogdoeloiltoncajuhy.com.br\/site\/wp-json\/wp\/v2\/posts\/55349\/revisions"}],"predecessor-version":[{"id":55351,"href":"https:\/\/blogdoeloiltoncajuhy.com.br\/site\/wp-json\/wp\/v2\/posts\/55349\/revisions\/55351"}],"wp:featuredmedia":[{"embeddable":true,"href":"https:\/\/blogdoeloiltoncajuhy.com.br\/site\/wp-json\/wp\/v2\/media\/42250"}],"wp:attachment":[{"href":"https:\/\/blogdoeloiltoncajuhy.com.br\/site\/wp-json\/wp\/v2\/media?parent=55349"}],"wp:term":[{"taxonomy":"category","embeddable":true,"href":"https:\/\/blogdoeloiltoncajuhy.com.br\/site\/wp-json\/wp\/v2\/categories?post=55349"},{"taxonomy":"post_tag","embeddable":true,"href":"https:\/\/blogdoeloiltoncajuhy.com.br\/site\/wp-json\/wp\/v2\/tags?post=55349"}],"curies":[{"name":"wp","href":"https:\/\/api.w.org\/{rel}","templated":true}]}}