{"id":55347,"date":"2021-04-05T12:05:52","date_gmt":"2021-04-05T15:05:52","guid":{"rendered":"http:\/\/blogdoeloiltoncajuhy.com.br\/site\/?p=55347"},"modified":"2021-04-05T12:05:53","modified_gmt":"2021-04-05T15:05:53","slug":"sesi-pe-esta-com-200-vagas-gratuitas-abertas-para-cursos-a-distancia","status":"publish","type":"post","link":"https:\/\/blogdoeloiltoncajuhy.com.br\/site\/sesi-pe-esta-com-200-vagas-gratuitas-abertas-para-cursos-a-distancia\/","title":{"rendered":"SESI-PE est\u00e1 com 200 vagas gratuitas abertas para cursos a dist\u00e2ncia"},"content":{"rendered":"\n<div class=\"wp-block-image\"><figure class=\"aligncenter size-large\"><a href=\"https:\/\/i0.wp.com\/blogdoeloiltoncajuhy.com.br\/site\/wp-content\/uploads\/2020\/12\/SESI-PE_Cursos-2020-12-01.jpeg\"><img data-recalc-dims=\"1\" fetchpriority=\"high\" decoding=\"async\" width=\"800\" height=\"449\" src=\"https:\/\/i0.wp.com\/blogdoeloiltoncajuhy.com.br\/site\/wp-content\/uploads\/2020\/12\/SESI-PE_Cursos-2020-12-01.jpeg?resize=800%2C449\" alt=\"\" class=\"wp-image-51514\" srcset=\"https:\/\/i0.wp.com\/blogdoeloiltoncajuhy.com.br\/site\/wp-content\/uploads\/2020\/12\/SESI-PE_Cursos-2020-12-01.jpeg?resize=1024%2C575&amp;ssl=1 1024w, https:\/\/i0.wp.com\/blogdoeloiltoncajuhy.com.br\/site\/wp-content\/uploads\/2020\/12\/SESI-PE_Cursos-2020-12-01.jpeg?resize=300%2C169&amp;ssl=1 300w, https:\/\/i0.wp.com\/blogdoeloiltoncajuhy.com.br\/site\/wp-content\/uploads\/2020\/12\/SESI-PE_Cursos-2020-12-01.jpeg?resize=768%2C431&amp;ssl=1 768w, https:\/\/i0.wp.com\/blogdoeloiltoncajuhy.com.br\/site\/wp-content\/uploads\/2020\/12\/SESI-PE_Cursos-2020-12-01.jpeg?w=1280&amp;ssl=1 1280w\" sizes=\"(max-width: 800px) 100vw, 800px\" \/><\/a><\/figure><\/div>\n\n\n\n<p>Pensando nos profissionais que est\u00e3o em busca de uma oportunidade no mercado de trabalho e nos que desejam se capacitar ainda mais e agregar valor ao curr\u00edculo, o SESI-PE abriu inscri\u00e7\u00f5es para dois cursos gratuitos a dist\u00e2ncia: Relacionamento Interpessoal no Ambiente de Trabalho e Gest\u00e3o do Tempo. No total, est\u00e3o sendo oferecidas 200 vagas, sendo 100 para cada curso. As matr\u00edculas est\u00e3o abertas na se\u00e7\u00e3o de Educa\u00e7\u00e3o a Dist\u00e2ncia em www.pe.sesi.org.br e podem ser feitas at\u00e9 15 de abril ou enquanto durarem as vagas.<\/p>\n\n\n\n<p>Para aproveitar a oportunidade, \u00e9 preciso ter e-mail, acesso \u00e0 internet e no\u00e7\u00f5es b\u00e1sicas de inform\u00e1tica. Segundo a analista do SESI-PE Alessandra Melo, depois que a matr\u00edcula for confirmada, o estudante ter\u00e1 o prazo de 30 dias para acompanhar os conte\u00fados e concluir o curso escolhido. <em>\u201cAs aulas s\u00e3o ministradas 100% online, o que permite ao aluno mais flexibilidade e comodidade, pois fica a crit\u00e9rio dele escolher o melhor local, dia e hor\u00e1rio para assisti-las\u201d<\/em>, disse. Os cursos t\u00eam carga hor\u00e1ria que variam entre 8 e 12 horas.<\/p>\n\n\n\n<p>Em Relacionamento Interpessoal no Ambiente de Trabalho, o aluno aprender\u00e1 sobre comunica\u00e7\u00e3o, escuta, assertividade, gest\u00e3o de conflitos, o ambiente de trabalho e as rela\u00e7\u00f5es, intelig\u00eancia interpessoal, \u00e9tica, entre outros assuntos.<\/p>\n\n\n\n<p>J\u00e1 Gest\u00e3o do Tempo tem o objetivo de estimular a compreens\u00e3o acerca da import\u00e2ncia da organiza\u00e7\u00e3o e do planejamento como estrat\u00e9gia para alcan\u00e7ar maior produtividade e efici\u00eancia no trabalho. <em>\u201cEntre os conte\u00fados abordados, est\u00e3o o tempo e seu impacto nas organiza\u00e7\u00f5es, a quest\u00e3o do tempo na contemporaneidade, quantidade versus qualidade, estabelecimento de prioridades e muito mais\u201d<\/em>, antecipa Alessandra.<\/p>\n\n\n\n<p>Depois de concluir a carga hor\u00e1ria total do curso, o aluno dever\u00e1 participar de uma avalia\u00e7\u00e3o na plataforma educacional para testar os conhecimentos. Quem alcan\u00e7ar 70 pontos no exame, receber\u00e1 a Certifica\u00e7\u00e3o de Conclus\u00e3o. Outras informa\u00e7\u00f5es podem ser obtidas pelo e-mail educacao.distancia@pe.sesi.org.br.<\/p>\n","protected":false},"excerpt":{"rendered":"<p>Pensando nos profissionais que est\u00e3o em busca de uma oportunidade no mercado de trabalho e nos que desejam se capacitar ainda mais e agregar valor ao curr\u00edculo, o SESI-PE abriu inscri\u00e7\u00f5es para dois cursos gratuitos a dist\u00e2ncia: Relacionamento Interpessoal no Ambiente de Trabalho e Gest\u00e3o do Tempo. No total, est\u00e3o sendo oferecidas 200 vagas, sendo [&hellip;]<\/p>\n","protected":false},"author":2,"featured_media":51514,"comment_status":"open","ping_status":"open","sticky":false,"template":"","format":"standard","meta":{"_acf_changed":false,"_monsterinsights_skip_tracking":false,"_monsterinsights_sitenote_active":false,"_monsterinsights_sitenote_note":"","_monsterinsights_sitenote_category":0,"_jetpack_memberships_contains_paid_content":false,"footnotes":"","jetpack_publicize_message":"","jetpack_publicize_feature_enabled":true,"jetpack_social_post_already_shared":true,"jetpack_social_options":{"image_generator_settings":{"template":"highway","default_image_id":0,"font":"","enabled":false},"version":2}},"categories":[1],"tags":[],"class_list":["post-55347","post","type-post","status-publish","format-standard","has-post-thumbnail","hentry","category-noticias"],"acf":[],"jetpack_publicize_connections":[],"jetpack_featured_media_url":"https:\/\/i0.wp.com\/blogdoeloiltoncajuhy.com.br\/site\/wp-content\/uploads\/2020\/12\/SESI-PE_Cursos-2020-12-01.jpeg?fit=1280%2C719&ssl=1","jetpack_sharing_enabled":true,"publishpress_future_workflow_manual_trigger":{"enabledWorkflows":[]},"_links":{"self":[{"href":"https:\/\/blogdoeloiltoncajuhy.com.br\/site\/wp-json\/wp\/v2\/posts\/55347","targetHints":{"allow":["GET"]}}],"collection":[{"href":"https:\/\/blogdoeloiltoncajuhy.com.br\/site\/wp-json\/wp\/v2\/posts"}],"about":[{"href":"https:\/\/blogdoeloiltoncajuhy.com.br\/site\/wp-json\/wp\/v2\/types\/post"}],"author":[{"embeddable":true,"href":"https:\/\/blogdoeloiltoncajuhy.com.br\/site\/wp-json\/wp\/v2\/users\/2"}],"replies":[{"embeddable":true,"href":"https:\/\/blogdoeloiltoncajuhy.com.br\/site\/wp-json\/wp\/v2\/comments?post=55347"}],"version-history":[{"count":1,"href":"https:\/\/blogdoeloiltoncajuhy.com.br\/site\/wp-json\/wp\/v2\/posts\/55347\/revisions"}],"predecessor-version":[{"id":55348,"href":"https:\/\/blogdoeloiltoncajuhy.com.br\/site\/wp-json\/wp\/v2\/posts\/55347\/revisions\/55348"}],"wp:featuredmedia":[{"embeddable":true,"href":"https:\/\/blogdoeloiltoncajuhy.com.br\/site\/wp-json\/wp\/v2\/media\/51514"}],"wp:attachment":[{"href":"https:\/\/blogdoeloiltoncajuhy.com.br\/site\/wp-json\/wp\/v2\/media?parent=55347"}],"wp:term":[{"taxonomy":"category","embeddable":true,"href":"https:\/\/blogdoeloiltoncajuhy.com.br\/site\/wp-json\/wp\/v2\/categories?post=55347"},{"taxonomy":"post_tag","embeddable":true,"href":"https:\/\/blogdoeloiltoncajuhy.com.br\/site\/wp-json\/wp\/v2\/tags?post=55347"}],"curies":[{"name":"wp","href":"https:\/\/api.w.org\/{rel}","templated":true}]}}