{"id":55324,"date":"2021-04-03T16:02:59","date_gmt":"2021-04-03T19:02:59","guid":{"rendered":"http:\/\/blogdoeloiltoncajuhy.com.br\/site\/?p=55324"},"modified":"2021-04-03T16:03:01","modified_gmt":"2021-04-03T19:03:01","slug":"morre-aos-84-anos-agnaldo-timoteo-vitima-da-covid-19","status":"publish","type":"post","link":"https:\/\/blogdoeloiltoncajuhy.com.br\/site\/morre-aos-84-anos-agnaldo-timoteo-vitima-da-covid-19\/","title":{"rendered":"Morre aos 84 anos Agnaldo Tim\u00f3teo, v\u00edtima da Covid-19"},"content":{"rendered":"\n<h5 class=\"has-text-align-center wp-block-heading\"><em>Cantor estava internado no Rio de Janeiro desde 17 de mar\u00e7o<\/em><\/h5>\n\n\n\n<figure class=\"wp-block-gallery aligncenter columns-1 is-cropped wp-block-gallery-1 is-layout-flex wp-block-gallery-is-layout-flex\"><ul class=\"blocks-gallery-grid\"><li class=\"blocks-gallery-item\"><figure><a href=\"https:\/\/i0.wp.com\/blogdoeloiltoncajuhy.com.br\/site\/wp-content\/uploads\/2021\/04\/AgnaldoMorreu-2.jpg\"><img data-recalc-dims=\"1\" fetchpriority=\"high\" decoding=\"async\" width=\"620\" height=\"450\" src=\"https:\/\/i0.wp.com\/blogdoeloiltoncajuhy.com.br\/site\/wp-content\/uploads\/2021\/04\/AgnaldoMorreu-2.jpg?resize=620%2C450\" alt=\"\" data-id=\"55325\" data-full-url=\"http:\/\/blogdoeloiltoncajuhy.com.br\/site\/wp-content\/uploads\/2021\/04\/AgnaldoMorreu-2.jpg\" data-link=\"http:\/\/blogdoeloiltoncajuhy.com.br\/site\/?attachment_id=55325\" class=\"wp-image-55325\" srcset=\"https:\/\/i0.wp.com\/blogdoeloiltoncajuhy.com.br\/site\/wp-content\/uploads\/2021\/04\/AgnaldoMorreu-2.jpg?w=620&amp;ssl=1 620w, https:\/\/i0.wp.com\/blogdoeloiltoncajuhy.com.br\/site\/wp-content\/uploads\/2021\/04\/AgnaldoMorreu-2.jpg?resize=300%2C218&amp;ssl=1 300w\" sizes=\"(max-width: 620px) 100vw, 620px\" \/><\/a><figcaption class=\"blocks-gallery-item__caption\"><em>Agnaldo Tim\u00f3teo (Foto: Reprodu\u00e7\u00e3o\/Instagram)<\/em><\/figcaption><\/figure><\/li><\/ul><\/figure>\n\n\n\n<p>O cantor, compositor e pol\u00edtico Agnaldo Tim\u00f3teo morreu aos 84 anos de idade, v\u00edtima da Covid-19. Ele estava internado desde o dia 17 de mar\u00e7o no Hospital Casa S\u00e3o Bernardo, na Barra da Tijuca, no Rio de Janeiro.<\/p>\n\n\n\n<p><em>&#8220;\u00c9 com imenso pesar que comunicamos o falecimento do nosso querido e amado Agnaldo Tim\u00f3teo. Agnaldo Tim\u00f3teo n\u00e3o resistiu as complica\u00e7\u00f5es decorrentes do COVID-19 e faleceu hoje \u00e0s 10:45 horas. Temos a convic\u00e7\u00e3o que Tim\u00f3teo deu o seu Melhor para vencer essa batalha e a venceu! Agnaldo Tim\u00f3teo viver\u00e1 eternamente em nossos cora\u00e7\u00f5es! A fam\u00edlia agradece todo o apoio e profissionalismo da Rede Hospital Casa S\u00e3o Bernardo nessa batalha. A Fam\u00edlia informa que a Corrente de F\u00e9, com pensamentos positivos e ora\u00e7\u00f5es, permanecer\u00e1, em prol de um mundo melhor! #LuzTim\u00f3teo!&#8221;<\/em>, diz a nota enviada \u00e0 imprensa.<\/p>\n\n\n\n<p>Internado na UTI, Agnaldo estava em estado grave, segundo seu sobrinho e assessor de imprensa, Timotinho. <em>&#8220;Ele vem respondendo positivamente ao tratamento, por\u00e9m, seu quadro cl\u00ednico \u00e9 considerado regular&#8221;<\/em>, disse Timotinho no \u00faltimo dia 20 de mar\u00e7o. Agnaldo chegou a tomar a primeira dose da vacina contra o novo coronav\u00edrus.<\/p>\n\n\n\n<p>No dia 19 de mar\u00e7o, Timotinho tinha avisado que Agnaldo teria deixado a UTI e estava melhor. <em>&#8220;Ele est\u00e1 bem, tomou caf\u00e9 da manh\u00e3 e almo\u00e7ou h\u00e1 pouco. Ele est\u00e1 melhorando, claro que tem algumas complica\u00e7\u00f5es por causa da idade, mais o AVC que ele teve um tempo atr\u00e1s. Mas est\u00e1 tudo sob controle, n\u00e3o est\u00e1 intubado e nem em estado grave&#8221;<\/em>, disse o sobrinho do cantor na ocasi\u00e3o.<\/p>\n\n\n\n<p>Em 2019, Agnaldo ficou tr\u00eas meses internado ap\u00f3s sofrer um acidente vascular cerebral, no Hospital Geral Roberto Santos (HGRS). Na \u00e9poca, ele foi internado depois de apresentar um quadro de press\u00e3o arterial alta, mas o quadro tamb\u00e9m foi compat\u00edvel com um Acidente Vascular Cerebral (AVC), em uma regi\u00e3o mais espec\u00edfica, o cerebelo.<\/p>\n\n\n\n<p class=\"has-black-color has-text-color has-large-font-size\"><strong>\u00cddolo<\/strong><\/p>\n\n\n\n<figure class=\"wp-block-gallery aligncenter columns-2 is-cropped wp-block-gallery-2 is-layout-flex wp-block-gallery-is-layout-flex\"><ul class=\"blocks-gallery-grid\"><li class=\"blocks-gallery-item\"><figure><a href=\"https:\/\/i0.wp.com\/blogdoeloiltoncajuhy.com.br\/site\/wp-content\/uploads\/2015\/10\/agnaldo_tim%C3%B3teo.jpg\"><img data-recalc-dims=\"1\" decoding=\"async\" width=\"450\" height=\"450\" src=\"https:\/\/i0.wp.com\/blogdoeloiltoncajuhy.com.br\/site\/wp-content\/uploads\/2015\/10\/agnaldo_tim%C3%B3teo.jpg?resize=450%2C450\" alt=\"\" data-id=\"4877\" data-full-url=\"http:\/\/blogdoeloiltoncajuhy.com.br\/site\/wp-content\/uploads\/2015\/10\/agnaldo_tim\u00f3teo.jpg\" data-link=\"http:\/\/blogdoeloiltoncajuhy.com.br\/site\/gente-que-faz-historia-hoje-e-aniversario-da-atriz-fernanda-montenegro-e-do-cantor-agnaldo-timoteo\/agnaldo_timoteo\/\" class=\"wp-image-4877\" srcset=\"https:\/\/i0.wp.com\/blogdoeloiltoncajuhy.com.br\/site\/wp-content\/uploads\/2015\/10\/agnaldo_tim%C3%B3teo.jpg?w=450&amp;ssl=1 450w, https:\/\/i0.wp.com\/blogdoeloiltoncajuhy.com.br\/site\/wp-content\/uploads\/2015\/10\/agnaldo_tim%C3%B3teo.jpg?resize=150%2C150&amp;ssl=1 150w, https:\/\/i0.wp.com\/blogdoeloiltoncajuhy.com.br\/site\/wp-content\/uploads\/2015\/10\/agnaldo_tim%C3%B3teo.jpg?resize=300%2C300&amp;ssl=1 300w, https:\/\/i0.wp.com\/blogdoeloiltoncajuhy.com.br\/site\/wp-content\/uploads\/2015\/10\/agnaldo_tim%C3%B3teo.jpg?resize=250%2C250&amp;ssl=1 250w, https:\/\/i0.wp.com\/blogdoeloiltoncajuhy.com.br\/site\/wp-content\/uploads\/2015\/10\/agnaldo_tim%C3%B3teo.jpg?resize=48%2C48&amp;ssl=1 48w\" sizes=\"(max-width: 450px) 100vw, 450px\" \/><\/a><\/figure><\/li><li class=\"blocks-gallery-item\"><figure><a href=\"https:\/\/i0.wp.com\/blogdoeloiltoncajuhy.com.br\/site\/wp-content\/uploads\/2019\/05\/AgnaldoTimoteo_20Maio-2019.jpg\"><img data-recalc-dims=\"1\" decoding=\"async\" width=\"380\" height=\"280\" src=\"https:\/\/i0.wp.com\/blogdoeloiltoncajuhy.com.br\/site\/wp-content\/uploads\/2019\/05\/AgnaldoTimoteo_20Maio-2019.jpg?resize=380%2C280\" alt=\"\" data-id=\"34475\" data-full-url=\"http:\/\/blogdoeloiltoncajuhy.com.br\/site\/wp-content\/uploads\/2019\/05\/AgnaldoTimoteo_20Maio-2019.jpg\" data-link=\"http:\/\/blogdoeloiltoncajuhy.com.br\/site\/na-uti-agnaldo-timoteo-tem-progressiva-melhora-de-parametros-clinicos\/agnaldotimoteo_20maio-2019\/\" class=\"wp-image-34475\" srcset=\"https:\/\/i0.wp.com\/blogdoeloiltoncajuhy.com.br\/site\/wp-content\/uploads\/2019\/05\/AgnaldoTimoteo_20Maio-2019.jpg?w=380&amp;ssl=1 380w, https:\/\/i0.wp.com\/blogdoeloiltoncajuhy.com.br\/site\/wp-content\/uploads\/2019\/05\/AgnaldoTimoteo_20Maio-2019.jpg?resize=300%2C221&amp;ssl=1 300w, https:\/\/i0.wp.com\/blogdoeloiltoncajuhy.com.br\/site\/wp-content\/uploads\/2019\/05\/AgnaldoTimoteo_20Maio-2019.jpg?resize=250%2C184&amp;ssl=1 250w\" sizes=\"(max-width: 380px) 100vw, 380px\" \/><\/a><\/figure><\/li><\/ul><\/figure>\n\n\n\n<p>Agnaldo Tim\u00f3teo Pereira nasceu em Caratinga (MG) em 16 de outubro de 1936. Come\u00e7ou a carreira cantando no Gr\u00eamio Liter\u00e1rio Nossa Senhora das Gra\u00e7as. Em seguida, passou a apresentar-se nos programas da R\u00e1dio Sociedade Caratinga.<\/p>\n\n\n\n<p>De origem humilde, Agnaldo mal p\u00f4de cursar a s\u00e9tima s\u00e9rie do primeiro grau, porque a profiss\u00e3o de torneiro mec\u00e2nico lhe impedia de prosseguir os estudos. Trabalhou tamb\u00e9m em Governador Valadares (MG) por dois anos, e, nas horas livres, cantava nas emissoras locais educando a voz.<\/p>\n\n\n\n<p>A grande oportunidade surgiu atrav\u00e9s do animador Aldair Pinto, que o encaminhou \u00e0s emissoras da capital, onde come\u00e7ou a ser conhecido na \u00e1rea de abrang\u00eancia da Guarani e da Inconfid\u00eancia.<\/p>\n\n\n\n<p>Mudou-se para o Rio de Janeiro, passando a trabalhar como motorista da cantora \u00c2ngela Maria, que morreu em setembro do ano passado, aos 89 anos. Paralelamente, continuava sua carreira e aos poucos tornou-se conhecido nacionalmente pela sua voz.<\/p>\n\n\n\n<figure class=\"wp-block-embed aligncenter is-type-video is-provider-youtube wp-block-embed-youtube wp-embed-aspect-4-3 wp-has-aspect-ratio\"><div class=\"wp-block-embed__wrapper\">\n<iframe title=\"Agnaldo Tim\u00f3teo canta ao vivo - Os verdes campos da minha terra e Meu grito\" width=\"800\" height=\"600\" src=\"https:\/\/www.youtube.com\/embed\/cGXK0PaFUVo?feature=oembed\" frameborder=\"0\" allow=\"accelerometer; autoplay; clipboard-write; encrypted-media; gyroscope; picture-in-picture\" allowfullscreen><\/iframe>\n<\/div><\/figure>\n\n\n\n<p>Ficou famoso ao gravar a can\u00e7\u00e3o \u201cMeu Grito\u201d, de Roberto Carlos. Depois disso vieram v\u00e1rios sucessos rom\u00e2nticos, como \u201cAve-Maria\u201d, \u201cMam\u00e3e\u201d e \u201cOs Verdes Campos De Minha Terra\u201d. Gravou mais de 50 discos e permaneceu por muito tempo nas paradas de sucesso.<\/p>\n\n\n\n<p>Pol\u00eamico e sem papas na l\u00edngua, iniciou sua atua\u00e7\u00e3o como pol\u00edtico a partir de 1982, quando foi o deputado federal mais votado da hist\u00f3ria do Rio de Janeiro. Foi reeleito deputado federal em 1994. Em 1996 foi eleito vereador na cidade do Rio de Janeiro. Tentou se reeleger em 2000, sem sucesso, e, em 2004, foi eleito vereador em S\u00e3o Paulo.<\/p>\n\n\n\n<p>Em 2010, concorreu a deputado federal de S\u00e3o Paulo, mas n\u00e3o se elegeu. Em 2012, tentou uma vaga na C\u00e2mara Municipal de S\u00e3o Paulo, mas n\u00e3o foi eleito. Dois anos depois, tentou se eleger como deputado federal no Rio de Janeiro, mas n\u00e3o foi eleito. Em 2016, tentou se eleger vereador no Rio, mas tamb\u00e9m n\u00e3o foi eleito. Sua paix\u00e3o pelo time de futebol Botafogo \u00e9 conhecida nacionalmente.<\/p>\n\n\n\n<p>Em 2017, aos 81 anos, Agnaldo contou, no document\u00e1rio Eu, pecador, de Nelson Hoineff, j\u00e1 ter tido rela\u00e7\u00f5es amorosas com homens. O filme mostra as hist\u00f3rias de sua carreira, que se dividia entre shows impec\u00e1veis e uma campanha para tentar se eleger vereador no Rio de Janeiro.\u200b<\/p>\n","protected":false},"excerpt":{"rendered":"<p>Cantor estava internado no Rio de Janeiro desde 17 de mar\u00e7o O cantor, compositor e pol\u00edtico Agnaldo Tim\u00f3teo morreu aos 84 anos de idade, v\u00edtima da Covid-19. Ele estava internado desde o dia 17 de mar\u00e7o no Hospital Casa S\u00e3o Bernardo, na Barra da Tijuca, no Rio de Janeiro. &#8220;\u00c9 com imenso pesar que comunicamos [&hellip;]<\/p>\n","protected":false},"author":2,"featured_media":54983,"comment_status":"open","ping_status":"open","sticky":false,"template":"","format":"standard","meta":{"_acf_changed":false,"_monsterinsights_skip_tracking":false,"_monsterinsights_sitenote_active":false,"_monsterinsights_sitenote_note":"","_monsterinsights_sitenote_category":0,"_jetpack_memberships_contains_paid_content":false,"footnotes":"","jetpack_publicize_message":"","jetpack_publicize_feature_enabled":true,"jetpack_social_post_already_shared":true,"jetpack_social_options":{"image_generator_settings":{"template":"highway","default_image_id":0,"font":"","enabled":false},"version":2}},"categories":[8],"tags":[],"class_list":["post-55324","post","type-post","status-publish","format-standard","has-post-thumbnail","hentry","category-cultura"],"acf":[],"jetpack_publicize_connections":[],"jetpack_featured_media_url":"https:\/\/i0.wp.com\/blogdoeloiltoncajuhy.com.br\/site\/wp-content\/uploads\/2021\/03\/agnaldotimoteoreverencias.jpg?fit=984%2C984&ssl=1","jetpack_sharing_enabled":true,"publishpress_future_workflow_manual_trigger":{"enabledWorkflows":[]},"_links":{"self":[{"href":"https:\/\/blogdoeloiltoncajuhy.com.br\/site\/wp-json\/wp\/v2\/posts\/55324","targetHints":{"allow":["GET"]}}],"collection":[{"href":"https:\/\/blogdoeloiltoncajuhy.com.br\/site\/wp-json\/wp\/v2\/posts"}],"about":[{"href":"https:\/\/blogdoeloiltoncajuhy.com.br\/site\/wp-json\/wp\/v2\/types\/post"}],"author":[{"embeddable":true,"href":"https:\/\/blogdoeloiltoncajuhy.com.br\/site\/wp-json\/wp\/v2\/users\/2"}],"replies":[{"embeddable":true,"href":"https:\/\/blogdoeloiltoncajuhy.com.br\/site\/wp-json\/wp\/v2\/comments?post=55324"}],"version-history":[{"count":2,"href":"https:\/\/blogdoeloiltoncajuhy.com.br\/site\/wp-json\/wp\/v2\/posts\/55324\/revisions"}],"predecessor-version":[{"id":55327,"href":"https:\/\/blogdoeloiltoncajuhy.com.br\/site\/wp-json\/wp\/v2\/posts\/55324\/revisions\/55327"}],"wp:featuredmedia":[{"embeddable":true,"href":"https:\/\/blogdoeloiltoncajuhy.com.br\/site\/wp-json\/wp\/v2\/media\/54983"}],"wp:attachment":[{"href":"https:\/\/blogdoeloiltoncajuhy.com.br\/site\/wp-json\/wp\/v2\/media?parent=55324"}],"wp:term":[{"taxonomy":"category","embeddable":true,"href":"https:\/\/blogdoeloiltoncajuhy.com.br\/site\/wp-json\/wp\/v2\/categories?post=55324"},{"taxonomy":"post_tag","embeddable":true,"href":"https:\/\/blogdoeloiltoncajuhy.com.br\/site\/wp-json\/wp\/v2\/tags?post=55324"}],"curies":[{"name":"wp","href":"https:\/\/api.w.org\/{rel}","templated":true}]}}