{"id":55309,"date":"2021-04-03T11:45:28","date_gmt":"2021-04-03T14:45:28","guid":{"rendered":"http:\/\/blogdoeloiltoncajuhy.com.br\/site\/?p=55309"},"modified":"2021-04-03T11:45:29","modified_gmt":"2021-04-03T14:45:29","slug":"prazo-para-radios-am-solicitarem-migracao-para-fm-termina-dia-8-deste-mes","status":"publish","type":"post","link":"https:\/\/blogdoeloiltoncajuhy.com.br\/site\/prazo-para-radios-am-solicitarem-migracao-para-fm-termina-dia-8-deste-mes\/","title":{"rendered":"Prazo para r\u00e1dios AM solicitarem migra\u00e7\u00e3o para FM termina dia 8 deste m\u00eas"},"content":{"rendered":"\n<h5 class=\"has-text-align-center wp-block-heading\"><em>Com a migra\u00e7\u00e3o, est\u00e1 previsto maior qualidade de \u00e1udio das programa\u00e7\u00f5es e uma significativa economia com energia el\u00e9trica<\/em><\/h5>\n\n\n\n<div class=\"wp-block-image\"><figure class=\"aligncenter size-large\"><a href=\"https:\/\/i0.wp.com\/blogdoeloiltoncajuhy.com.br\/site\/wp-content\/uploads\/2021\/04\/Radios_Migracao.jpg\"><img data-recalc-dims=\"1\" fetchpriority=\"high\" decoding=\"async\" width=\"800\" height=\"450\" src=\"https:\/\/i0.wp.com\/blogdoeloiltoncajuhy.com.br\/site\/wp-content\/uploads\/2021\/04\/Radios_Migracao.jpg?resize=800%2C450\" alt=\"\" class=\"wp-image-55310\" srcset=\"https:\/\/i0.wp.com\/blogdoeloiltoncajuhy.com.br\/site\/wp-content\/uploads\/2021\/04\/Radios_Migracao.jpg?resize=1024%2C576&amp;ssl=1 1024w, https:\/\/i0.wp.com\/blogdoeloiltoncajuhy.com.br\/site\/wp-content\/uploads\/2021\/04\/Radios_Migracao.jpg?resize=300%2C169&amp;ssl=1 300w, https:\/\/i0.wp.com\/blogdoeloiltoncajuhy.com.br\/site\/wp-content\/uploads\/2021\/04\/Radios_Migracao.jpg?resize=768%2C432&amp;ssl=1 768w, https:\/\/i0.wp.com\/blogdoeloiltoncajuhy.com.br\/site\/wp-content\/uploads\/2021\/04\/Radios_Migracao.jpg?w=1280&amp;ssl=1 1280w\" sizes=\"(max-width: 800px) 100vw, 800px\" \/><\/a><figcaption><em>Foto: Anthony (Pexels)<\/em><\/figcaption><\/figure><\/div>\n\n\n\n<p>No dia 8 de abril encerra o prazo para que as emissoras de r\u00e1dio AM fa\u00e7am o requerimento para migrar para a frequ\u00eancia FM. Para a emissora com interesse, \u00e9 preciso entrar no sistema eletr\u00f4nico do Minist\u00e9rio das Comunica\u00e7\u00f5es (MCom) e solicitar a mudan\u00e7a. Os interessados devem ficar atentos aos prazos de todo o procedimento e \u00e0 documenta\u00e7\u00e3o exigida para a adapta\u00e7\u00e3o da outorga da nova faixa.<\/p>\n\n\n\n<p>Entre as exig\u00eancias est\u00e3o a prova de regularidade fiscal em todas as esferas de governo (federal, estadual e municipal); prova de regularidade do recolhimento dos recursos do Fundo de Fiscaliza\u00e7\u00e3o das Telecomunica\u00e7\u00f5es (Fistel); prova de regularidade relativa \u00e0 seguridade social e ao Fundo de Garantia do Tempo de Servi\u00e7o (FGTS); e prova da inexist\u00eancia de d\u00e9bitos junto \u00e0 Justi\u00e7a do Trabalho.<\/p>\n\n\n\n<p>Se houver alguma pend\u00eancia, a requerente tem at\u00e9 30 dias para corrigir as irregularidades. Se o requerimento for negado ou a empresa interessada n\u00e3o pagar o valor referente \u00e0 adapta\u00e7\u00e3o da outorga, a r\u00e1dio continuar\u00e1 no chamado \u201clote residual\u201d, onde as emissoras aguardam pela disponibilidade de um canal. Com a migra\u00e7\u00e3o, est\u00e1 previsto maior qualidade de \u00e1udio das programa\u00e7\u00f5es e uma significativa economia com energia el\u00e9trica.<\/p>\n","protected":false},"excerpt":{"rendered":"<p>Com a migra\u00e7\u00e3o, est\u00e1 previsto maior qualidade de \u00e1udio das programa\u00e7\u00f5es e uma significativa economia com energia el\u00e9trica No dia 8 de abril encerra o prazo para que as emissoras de r\u00e1dio AM fa\u00e7am o requerimento para migrar para a frequ\u00eancia FM. Para a emissora com interesse, \u00e9 preciso entrar no sistema eletr\u00f4nico do Minist\u00e9rio [&hellip;]<\/p>\n","protected":false},"author":2,"featured_media":55310,"comment_status":"open","ping_status":"open","sticky":false,"template":"","format":"standard","meta":{"_acf_changed":false,"_monsterinsights_skip_tracking":false,"_monsterinsights_sitenote_active":false,"_monsterinsights_sitenote_note":"","_monsterinsights_sitenote_category":0,"_jetpack_memberships_contains_paid_content":false,"footnotes":"","jetpack_publicize_message":"","jetpack_publicize_feature_enabled":true,"jetpack_social_post_already_shared":true,"jetpack_social_options":{"image_generator_settings":{"template":"highway","default_image_id":0,"font":"","enabled":false},"version":2}},"categories":[1],"tags":[],"class_list":["post-55309","post","type-post","status-publish","format-standard","has-post-thumbnail","hentry","category-noticias"],"acf":[],"jetpack_publicize_connections":[],"jetpack_featured_media_url":"https:\/\/i0.wp.com\/blogdoeloiltoncajuhy.com.br\/site\/wp-content\/uploads\/2021\/04\/Radios_Migracao.jpg?fit=1280%2C720&ssl=1","jetpack_sharing_enabled":true,"publishpress_future_workflow_manual_trigger":{"enabledWorkflows":[]},"_links":{"self":[{"href":"https:\/\/blogdoeloiltoncajuhy.com.br\/site\/wp-json\/wp\/v2\/posts\/55309","targetHints":{"allow":["GET"]}}],"collection":[{"href":"https:\/\/blogdoeloiltoncajuhy.com.br\/site\/wp-json\/wp\/v2\/posts"}],"about":[{"href":"https:\/\/blogdoeloiltoncajuhy.com.br\/site\/wp-json\/wp\/v2\/types\/post"}],"author":[{"embeddable":true,"href":"https:\/\/blogdoeloiltoncajuhy.com.br\/site\/wp-json\/wp\/v2\/users\/2"}],"replies":[{"embeddable":true,"href":"https:\/\/blogdoeloiltoncajuhy.com.br\/site\/wp-json\/wp\/v2\/comments?post=55309"}],"version-history":[{"count":2,"href":"https:\/\/blogdoeloiltoncajuhy.com.br\/site\/wp-json\/wp\/v2\/posts\/55309\/revisions"}],"predecessor-version":[{"id":55312,"href":"https:\/\/blogdoeloiltoncajuhy.com.br\/site\/wp-json\/wp\/v2\/posts\/55309\/revisions\/55312"}],"wp:featuredmedia":[{"embeddable":true,"href":"https:\/\/blogdoeloiltoncajuhy.com.br\/site\/wp-json\/wp\/v2\/media\/55310"}],"wp:attachment":[{"href":"https:\/\/blogdoeloiltoncajuhy.com.br\/site\/wp-json\/wp\/v2\/media?parent=55309"}],"wp:term":[{"taxonomy":"category","embeddable":true,"href":"https:\/\/blogdoeloiltoncajuhy.com.br\/site\/wp-json\/wp\/v2\/categories?post=55309"},{"taxonomy":"post_tag","embeddable":true,"href":"https:\/\/blogdoeloiltoncajuhy.com.br\/site\/wp-json\/wp\/v2\/tags?post=55309"}],"curies":[{"name":"wp","href":"https:\/\/api.w.org\/{rel}","templated":true}]}}