{"id":55302,"date":"2021-04-03T10:32:48","date_gmt":"2021-04-03T13:32:48","guid":{"rendered":"http:\/\/blogdoeloiltoncajuhy.com.br\/site\/?p=55302"},"modified":"2021-04-03T10:33:24","modified_gmt":"2021-04-03T13:33:24","slug":"corpo-de-bombeiros-retoma-buscas-por-menino-de-11-anos-que-sumiu-apos-sair-de-casa-na-zona-rural-de-itiuba","status":"publish","type":"post","link":"https:\/\/blogdoeloiltoncajuhy.com.br\/site\/corpo-de-bombeiros-retoma-buscas-por-menino-de-11-anos-que-sumiu-apos-sair-de-casa-na-zona-rural-de-itiuba\/","title":{"rendered":"Corpo de bombeiros retoma buscas por menino de 11 anos que sumiu ap\u00f3s sair de casa na zona rural de Iti\u00faba"},"content":{"rendered":"\n<h5 class=\"has-text-align-center wp-block-heading\"><em>Davi Lima Silva foi visto pela \u00faltima vez no \u00faltimo domingo (28), ap\u00f3s sair da casa da tia, em dire\u00e7\u00e3o \u00e0 resid\u00eancia da av\u00f3. An\u00fancio da retomada ocorreu neste s\u00e1bado (3)<\/em><\/h5>\n\n\n\n<div class=\"wp-block-image\"><figure class=\"aligncenter size-large\"><a href=\"https:\/\/i0.wp.com\/blogdoeloiltoncajuhy.com.br\/site\/wp-content\/uploads\/2021\/03\/image-2021-03-30t094702.684.jpg\"><img data-recalc-dims=\"1\" fetchpriority=\"high\" decoding=\"async\" width=\"800\" height=\"499\" src=\"https:\/\/i0.wp.com\/blogdoeloiltoncajuhy.com.br\/site\/wp-content\/uploads\/2021\/03\/image-2021-03-30t094702.684.jpg?resize=800%2C499\" alt=\"\" class=\"wp-image-55235\" srcset=\"https:\/\/i0.wp.com\/blogdoeloiltoncajuhy.com.br\/site\/wp-content\/uploads\/2021\/03\/image-2021-03-30t094702.684.jpg?w=1000&amp;ssl=1 1000w, https:\/\/i0.wp.com\/blogdoeloiltoncajuhy.com.br\/site\/wp-content\/uploads\/2021\/03\/image-2021-03-30t094702.684.jpg?resize=300%2C187&amp;ssl=1 300w, https:\/\/i0.wp.com\/blogdoeloiltoncajuhy.com.br\/site\/wp-content\/uploads\/2021\/03\/image-2021-03-30t094702.684.jpg?resize=768%2C479&amp;ssl=1 768w\" sizes=\"(max-width: 800px) 100vw, 800px\" \/><\/a><figcaption><em>Davi Lima Silva estava usando uma camisa de cor cinza e um short estampado no dia em que desapareceu \u2014 Foto: Reprodu\u00e7\u00e3o\/TV S\u00e3o Francisco<\/em><\/figcaption><\/figure><\/div>\n\n\n\n<p>As buscas pelo menino <strong>Davi Lima Silva<\/strong>, de 11 anos, que desapareceu no \u00faltimo domingo (28), ap\u00f3s sair da casa de um tia, em Iti\u00faba, foram retomadas neste s\u00e1bado (3). A informa\u00e7\u00e3o \u00e9 do Corpo de Bombeiros, que atua na opera\u00e7\u00e3o para encontrar a crian\u00e7a.<\/p>\n\n\n\n<p>A equipe est\u00e1 realizando incurs\u00f5es pela \u00e1rea onde ind\u00edcios apontam o desaparecimento do menino, informou o Corpo de Bombeiros.<\/p>\n\n\n\n<p>Na quinta-feira, as buscas por Davi tinham sido encerradas por decis\u00e3o das for\u00e7as de salvamento que atuavam no caso. A informa\u00e7\u00e3o era de que todas as possibilidades de encontrar e resgatar o menino foram tentadas, e n\u00e3o houve sucesso. Al\u00e9m de brigadistas e policiais militares, foram utilizados um helic\u00f3ptero do Graer, drone e at\u00e9 c\u00e3es farejadores.<\/p>\n\n\n\n<p>No entanto, neste s\u00e1bado, as buscas foram retomadas. O Corpo de Bombeiros n\u00e3o detalhou quais ind\u00edcios foram encontrados para a retomada das buscas por Davi.<\/p>\n\n\n\n<p>Mesmo quando havia sido definido o encerramento das buscais oficiais, volunt\u00e1rios, amigos e familiares de Davi seguiram procurando pelo menino na regi\u00e3o.<\/p>\n\n\n\n<p class=\"has-black-color has-text-color has-medium-font-size\"><strong>Mist\u00e9rio<\/strong><\/p>\n\n\n\n<div class=\"wp-block-image\"><figure class=\"aligncenter size-large\"><a href=\"https:\/\/i0.wp.com\/blogdoeloiltoncajuhy.com.br\/site\/wp-content\/uploads\/2021\/04\/Davi-Lima_2.jpg\"><img data-recalc-dims=\"1\" decoding=\"async\" width=\"800\" height=\"501\" src=\"https:\/\/i0.wp.com\/blogdoeloiltoncajuhy.com.br\/site\/wp-content\/uploads\/2021\/04\/Davi-Lima_2.jpg?resize=800%2C501\" alt=\"\" class=\"wp-image-55303\" srcset=\"https:\/\/i0.wp.com\/blogdoeloiltoncajuhy.com.br\/site\/wp-content\/uploads\/2021\/04\/Davi-Lima_2.jpg?w=984&amp;ssl=1 984w, https:\/\/i0.wp.com\/blogdoeloiltoncajuhy.com.br\/site\/wp-content\/uploads\/2021\/04\/Davi-Lima_2.jpg?resize=300%2C188&amp;ssl=1 300w, https:\/\/i0.wp.com\/blogdoeloiltoncajuhy.com.br\/site\/wp-content\/uploads\/2021\/04\/Davi-Lima_2.jpg?resize=768%2C481&amp;ssl=1 768w\" sizes=\"(max-width: 800px) 100vw, 800px\" \/><\/a><figcaption><em>Davi Lima Silva, de 11 anos, desapareceu ap\u00f3s sair da casa de um tia, em Iti\u00faba, norte da Bahia \u2014 Foto: Reprodu\u00e7\u00e3o\/TV S\u00e3o Francisco<\/em><\/figcaption><\/figure><\/div>\n\n\n\n<p>Davi foi visto pela \u00faltima vez no \u00faltimo domingo, ap\u00f3s sair da casa de uma tia em dire\u00e7\u00e3o \u00e0 resid\u00eancia da av\u00f3. Os im\u00f3veis s\u00e3o pr\u00f3ximos um do outro e, segundo os familiares, o menino fazia o percurso com frequ\u00eancia.<\/p>\n\n\n\n<p>De acordo com a tia do garoto, no dia do desaparecimento, ele estava muito agitado. Davi estava usando uma camisa de cor cinza e um short estampado no dia em que desapareceu.<\/p>\n\n\n\n<p>Ainda segundo a fam\u00edlia, um vizinho informou que ele seguiu em dire\u00e7\u00e3o a uma serra pr\u00f3xima ao povoado, mas desde ent\u00e3o n\u00e3o h\u00e1 informa\u00e7\u00f5es sobre o garoto.<\/p>\n\n\n\n<p>Familiares disseram que uma pessoa teria ouvido gritos de socorro em uma regi\u00e3o de mata, na localidade de Laje da Cruz, tamb\u00e9m em Iti\u00faba. Mas como ela n\u00e3o sabia que algu\u00e9m na \u00e1rea estava desaparecido, n\u00e3o foi averiguar.<\/p>\n","protected":false},"excerpt":{"rendered":"<p>Davi Lima Silva foi visto pela \u00faltima vez no \u00faltimo domingo (28), ap\u00f3s sair da casa da tia, em dire\u00e7\u00e3o \u00e0 resid\u00eancia da av\u00f3. An\u00fancio da retomada ocorreu neste s\u00e1bado (3) As buscas pelo menino Davi Lima Silva, de 11 anos, que desapareceu no \u00faltimo domingo (28), ap\u00f3s sair da casa de um tia, em [&hellip;]<\/p>\n","protected":false},"author":2,"featured_media":55235,"comment_status":"open","ping_status":"open","sticky":false,"template":"","format":"standard","meta":{"_acf_changed":false,"_monsterinsights_skip_tracking":false,"_monsterinsights_sitenote_active":false,"_monsterinsights_sitenote_note":"","_monsterinsights_sitenote_category":0,"_jetpack_memberships_contains_paid_content":false,"footnotes":"","jetpack_publicize_message":"","jetpack_publicize_feature_enabled":true,"jetpack_social_post_already_shared":true,"jetpack_social_options":{"image_generator_settings":{"template":"highway","default_image_id":0,"font":"","enabled":false},"version":2}},"categories":[11],"tags":[],"class_list":["post-55302","post","type-post","status-publish","format-standard","has-post-thumbnail","hentry","category-regional"],"acf":[],"jetpack_publicize_connections":[],"jetpack_featured_media_url":"https:\/\/i0.wp.com\/blogdoeloiltoncajuhy.com.br\/site\/wp-content\/uploads\/2021\/03\/image-2021-03-30t094702.684.jpg?fit=1000%2C624&ssl=1","jetpack_sharing_enabled":true,"publishpress_future_workflow_manual_trigger":{"enabledWorkflows":[]},"_links":{"self":[{"href":"https:\/\/blogdoeloiltoncajuhy.com.br\/site\/wp-json\/wp\/v2\/posts\/55302","targetHints":{"allow":["GET"]}}],"collection":[{"href":"https:\/\/blogdoeloiltoncajuhy.com.br\/site\/wp-json\/wp\/v2\/posts"}],"about":[{"href":"https:\/\/blogdoeloiltoncajuhy.com.br\/site\/wp-json\/wp\/v2\/types\/post"}],"author":[{"embeddable":true,"href":"https:\/\/blogdoeloiltoncajuhy.com.br\/site\/wp-json\/wp\/v2\/users\/2"}],"replies":[{"embeddable":true,"href":"https:\/\/blogdoeloiltoncajuhy.com.br\/site\/wp-json\/wp\/v2\/comments?post=55302"}],"version-history":[{"count":2,"href":"https:\/\/blogdoeloiltoncajuhy.com.br\/site\/wp-json\/wp\/v2\/posts\/55302\/revisions"}],"predecessor-version":[{"id":55305,"href":"https:\/\/blogdoeloiltoncajuhy.com.br\/site\/wp-json\/wp\/v2\/posts\/55302\/revisions\/55305"}],"wp:featuredmedia":[{"embeddable":true,"href":"https:\/\/blogdoeloiltoncajuhy.com.br\/site\/wp-json\/wp\/v2\/media\/55235"}],"wp:attachment":[{"href":"https:\/\/blogdoeloiltoncajuhy.com.br\/site\/wp-json\/wp\/v2\/media?parent=55302"}],"wp:term":[{"taxonomy":"category","embeddable":true,"href":"https:\/\/blogdoeloiltoncajuhy.com.br\/site\/wp-json\/wp\/v2\/categories?post=55302"},{"taxonomy":"post_tag","embeddable":true,"href":"https:\/\/blogdoeloiltoncajuhy.com.br\/site\/wp-json\/wp\/v2\/tags?post=55302"}],"curies":[{"name":"wp","href":"https:\/\/api.w.org\/{rel}","templated":true}]}}