{"id":55294,"date":"2021-04-02T22:54:48","date_gmt":"2021-04-03T01:54:48","guid":{"rendered":"http:\/\/blogdoeloiltoncajuhy.com.br\/site\/?p=55294"},"modified":"2021-04-02T22:54:50","modified_gmt":"2021-04-03T01:54:50","slug":"deputado-bobo-anuncia-obras-de-ampliacao-e-modernizacao-de-escolas-em-senhor-do-bonfim","status":"publish","type":"post","link":"https:\/\/blogdoeloiltoncajuhy.com.br\/site\/deputado-bobo-anuncia-obras-de-ampliacao-e-modernizacao-de-escolas-em-senhor-do-bonfim\/","title":{"rendered":"Deputado Bob\u00f4 anuncia obras de amplia\u00e7\u00e3o e moderniza\u00e7\u00e3o de escolas em Senhor do Bonfim"},"content":{"rendered":"\n<div class=\"wp-block-image\"><figure class=\"aligncenter size-large\"><a href=\"https:\/\/i0.wp.com\/blogdoeloiltoncajuhy.com.br\/site\/wp-content\/uploads\/2019\/12\/DeputadoBoboEscolaEmA%C3%A7%C3%A3o2.jpg\"><img data-recalc-dims=\"1\" fetchpriority=\"high\" decoding=\"async\" width=\"657\" height=\"467\" src=\"https:\/\/i0.wp.com\/blogdoeloiltoncajuhy.com.br\/site\/wp-content\/uploads\/2019\/12\/DeputadoBoboEscolaEmA%C3%A7%C3%A3o2.jpg?resize=657%2C467\" alt=\"\" class=\"wp-image-39774\" srcset=\"https:\/\/i0.wp.com\/blogdoeloiltoncajuhy.com.br\/site\/wp-content\/uploads\/2019\/12\/DeputadoBoboEscolaEmA%C3%A7%C3%A3o2.jpg?w=657&amp;ssl=1 657w, https:\/\/i0.wp.com\/blogdoeloiltoncajuhy.com.br\/site\/wp-content\/uploads\/2019\/12\/DeputadoBoboEscolaEmA%C3%A7%C3%A3o2.jpg?resize=300%2C213&amp;ssl=1 300w, https:\/\/i0.wp.com\/blogdoeloiltoncajuhy.com.br\/site\/wp-content\/uploads\/2019\/12\/DeputadoBoboEscolaEmA%C3%A7%C3%A3o2.jpg?resize=250%2C178&amp;ssl=1 250w\" sizes=\"(max-width: 657px) 100vw, 657px\" \/><\/a><\/figure><\/div>\n\n\n\n<p>O Deputado Bob\u00f4 usou sua Fan Page no Facebook nesta sexta-feira (02) para informar a amplia\u00e7\u00e3o e moderniza\u00e7\u00e3o de 29 escolas de Senhor do Bonfim e de mais 11 munic\u00edpios. Entre as unidades a serem beneficiadas em Senhor do Bonfim, est\u00e3o os Col\u00e9gios Estadual, Modelo Luiz Eduardo Magalh\u00e3es, Tancredo Neves e Teixeira de Freitas.<\/p>\n\n\n\n<p>Segundo Bob\u00f4, a publica\u00e7\u00e3o no Di\u00e1rio Oficial desta sexta abre licita\u00e7\u00e3o para a contrata\u00e7\u00e3o da empresa que vai realizar as obras. O programa de requalifica\u00e7\u00e3o da rede escolar inclui, ainda, a constru\u00e7\u00e3o de 60 novas unidades at\u00e9 2022, na capital e no interior.<\/p>\n\n\n\n<p class=\"has-black-color has-text-color has-medium-font-size\"><strong>Veja o que ser\u00e1 realizado nas quatro unidades:<\/strong><\/p>\n\n\n\n<ul class=\"wp-block-list\"><li><strong>Col\u00e9gio Estadual Senhor do Bonfim:<\/strong> quadra coberta, vesti\u00e1rios, audit\u00f3rio, campo society e pista de corrida;<\/li><\/ul>\n\n\n\n<ul class=\"wp-block-list\"><li><strong>Tancredo Neves e Teixeira de Freitas:<\/strong> quadra coberta e vesti\u00e1rios;<\/li><\/ul>\n\n\n\n<ul class=\"wp-block-list\"><li><strong>Luis Eduardo Magalh\u00e3es:<\/strong> quadra coberta, campo society e vesti\u00e1rios.<\/li><\/ul>\n\n\n\n<div class=\"wp-block-image\"><figure class=\"aligncenter size-large\"><a href=\"https:\/\/i0.wp.com\/blogdoeloiltoncajuhy.com.br\/site\/wp-content\/uploads\/2021\/04\/Bobo_Colegios.png\"><img data-recalc-dims=\"1\" decoding=\"async\" width=\"738\" height=\"822\" src=\"https:\/\/i0.wp.com\/blogdoeloiltoncajuhy.com.br\/site\/wp-content\/uploads\/2021\/04\/Bobo_Colegios.png?resize=738%2C822\" alt=\"\" class=\"wp-image-55295\" srcset=\"https:\/\/i0.wp.com\/blogdoeloiltoncajuhy.com.br\/site\/wp-content\/uploads\/2021\/04\/Bobo_Colegios.png?w=738&amp;ssl=1 738w, https:\/\/i0.wp.com\/blogdoeloiltoncajuhy.com.br\/site\/wp-content\/uploads\/2021\/04\/Bobo_Colegios.png?resize=269%2C300&amp;ssl=1 269w\" sizes=\"(max-width: 738px) 100vw, 738px\" \/><\/a><\/figure><\/div>\n","protected":false},"excerpt":{"rendered":"<p>O Deputado Bob\u00f4 usou sua Fan Page no Facebook nesta sexta-feira (02) para informar a amplia\u00e7\u00e3o e moderniza\u00e7\u00e3o de 29 escolas de Senhor do Bonfim e de mais 11 munic\u00edpios. Entre as unidades a serem beneficiadas em Senhor do Bonfim, est\u00e3o os Col\u00e9gios Estadual, Modelo Luiz Eduardo Magalh\u00e3es, Tancredo Neves e Teixeira de Freitas. Segundo [&hellip;]<\/p>\n","protected":false},"author":2,"featured_media":7010,"comment_status":"open","ping_status":"open","sticky":false,"template":"","format":"standard","meta":{"_acf_changed":false,"_monsterinsights_skip_tracking":false,"_monsterinsights_sitenote_active":false,"_monsterinsights_sitenote_note":"","_monsterinsights_sitenote_category":0,"_jetpack_memberships_contains_paid_content":false,"footnotes":"","jetpack_publicize_message":"","jetpack_publicize_feature_enabled":true,"jetpack_social_post_already_shared":true,"jetpack_social_options":{"image_generator_settings":{"template":"highway","default_image_id":0,"font":"","enabled":false},"version":2}},"categories":[14],"tags":[],"class_list":["post-55294","post","type-post","status-publish","format-standard","has-post-thumbnail","hentry","category-educacao"],"acf":[],"jetpack_publicize_connections":[],"jetpack_featured_media_url":"https:\/\/i0.wp.com\/blogdoeloiltoncajuhy.com.br\/site\/wp-content\/uploads\/2016\/01\/Col%C3%A9gio-Estadual_1.jpg?fit=320%2C180&ssl=1","jetpack_sharing_enabled":true,"publishpress_future_workflow_manual_trigger":{"enabledWorkflows":[]},"_links":{"self":[{"href":"https:\/\/blogdoeloiltoncajuhy.com.br\/site\/wp-json\/wp\/v2\/posts\/55294","targetHints":{"allow":["GET"]}}],"collection":[{"href":"https:\/\/blogdoeloiltoncajuhy.com.br\/site\/wp-json\/wp\/v2\/posts"}],"about":[{"href":"https:\/\/blogdoeloiltoncajuhy.com.br\/site\/wp-json\/wp\/v2\/types\/post"}],"author":[{"embeddable":true,"href":"https:\/\/blogdoeloiltoncajuhy.com.br\/site\/wp-json\/wp\/v2\/users\/2"}],"replies":[{"embeddable":true,"href":"https:\/\/blogdoeloiltoncajuhy.com.br\/site\/wp-json\/wp\/v2\/comments?post=55294"}],"version-history":[{"count":2,"href":"https:\/\/blogdoeloiltoncajuhy.com.br\/site\/wp-json\/wp\/v2\/posts\/55294\/revisions"}],"predecessor-version":[{"id":55297,"href":"https:\/\/blogdoeloiltoncajuhy.com.br\/site\/wp-json\/wp\/v2\/posts\/55294\/revisions\/55297"}],"wp:featuredmedia":[{"embeddable":true,"href":"https:\/\/blogdoeloiltoncajuhy.com.br\/site\/wp-json\/wp\/v2\/media\/7010"}],"wp:attachment":[{"href":"https:\/\/blogdoeloiltoncajuhy.com.br\/site\/wp-json\/wp\/v2\/media?parent=55294"}],"wp:term":[{"taxonomy":"category","embeddable":true,"href":"https:\/\/blogdoeloiltoncajuhy.com.br\/site\/wp-json\/wp\/v2\/categories?post=55294"},{"taxonomy":"post_tag","embeddable":true,"href":"https:\/\/blogdoeloiltoncajuhy.com.br\/site\/wp-json\/wp\/v2\/tags?post=55294"}],"curies":[{"name":"wp","href":"https:\/\/api.w.org\/{rel}","templated":true}]}}