{"id":55287,"date":"2021-04-02T21:00:28","date_gmt":"2021-04-03T00:00:28","guid":{"rendered":"http:\/\/blogdoeloiltoncajuhy.com.br\/site\/?p=55287"},"modified":"2021-04-02T21:05:03","modified_gmt":"2021-04-03T00:05:03","slug":"luto-em-bonfim-missionaria-elizia-amaral-morre-de-infarto-em-sao-paulo","status":"publish","type":"post","link":"https:\/\/blogdoeloiltoncajuhy.com.br\/site\/luto-em-bonfim-missionaria-elizia-amaral-morre-de-infarto-em-sao-paulo\/","title":{"rendered":"Luto em Bonfim: Mission\u00e1ria El\u00edzia Amaral morre de infarto em S\u00e3o Paulo"},"content":{"rendered":"\n<div class=\"wp-block-image\"><figure class=\"aligncenter size-full is-resized\"><a href=\"https:\/\/i0.wp.com\/blogdoeloiltoncajuhy.com.br\/site\/wp-content\/uploads\/2021\/04\/Elizia-Amaral.jpg\"><img data-recalc-dims=\"1\" fetchpriority=\"high\" decoding=\"async\" src=\"https:\/\/i0.wp.com\/blogdoeloiltoncajuhy.com.br\/site\/wp-content\/uploads\/2021\/04\/Elizia-Amaral.jpg?resize=528%2C755\" alt=\"\" class=\"wp-image-55288\" width=\"528\" height=\"755\" srcset=\"https:\/\/i0.wp.com\/blogdoeloiltoncajuhy.com.br\/site\/wp-content\/uploads\/2021\/04\/Elizia-Amaral.jpg?w=704&amp;ssl=1 704w, https:\/\/i0.wp.com\/blogdoeloiltoncajuhy.com.br\/site\/wp-content\/uploads\/2021\/04\/Elizia-Amaral.jpg?resize=210%2C300&amp;ssl=1 210w\" sizes=\"(max-width: 528px) 100vw, 528px\" \/><\/a><\/figure><\/div>\n\n\n\n<p>Faleceu nesta sexta-feira (02), v\u00edtima de infarto em um hospital de S\u00e3o Paulo, a mission\u00e1ria El\u00edzia Amaral. A informa\u00e7\u00e3o \u00e9 do <strong>Blog Cleber Vieira News<\/strong>. Atualmente ela estava residindo na cidade de S\u00e3o Carlos.<\/p>\n\n\n\n<p>El\u00edzia congregou por v\u00e1rios anos na Assembleia de Deus em Senhor do Bonfim, em especial na congrega\u00e7\u00e3o do Campo do Gado. Em S\u00e3o Paulo realizava Lives com mensagens evangel\u00edsticas. Sua morte causa uma grande como\u00e7\u00e3o entre os protestantes de Senhor do Bonfim, principalmente da Igreja Assembleia de Deus.<\/p>\n","protected":false},"excerpt":{"rendered":"<p>Faleceu nesta sexta-feira (02), v\u00edtima de infarto em um hospital de S\u00e3o Paulo, a mission\u00e1ria El\u00edzia Amaral. A informa\u00e7\u00e3o \u00e9 do Blog Cleber Vieira News. Atualmente ela estava residindo na cidade de S\u00e3o Carlos. El\u00edzia congregou por v\u00e1rios anos na Assembleia de Deus em Senhor do Bonfim, em especial na congrega\u00e7\u00e3o do Campo do Gado. [&hellip;]<\/p>\n","protected":false},"author":2,"featured_media":45387,"comment_status":"open","ping_status":"open","sticky":false,"template":"","format":"standard","meta":{"_acf_changed":false,"_monsterinsights_skip_tracking":false,"_monsterinsights_sitenote_active":false,"_monsterinsights_sitenote_note":"","_monsterinsights_sitenote_category":0,"_jetpack_memberships_contains_paid_content":false,"footnotes":"","jetpack_publicize_message":"","jetpack_publicize_feature_enabled":true,"jetpack_social_post_already_shared":true,"jetpack_social_options":{"image_generator_settings":{"template":"highway","default_image_id":0,"font":"","enabled":false},"version":2}},"categories":[4],"tags":[],"class_list":["post-55287","post","type-post","status-publish","format-standard","has-post-thumbnail","hentry","category-local"],"acf":[],"jetpack_publicize_connections":[],"jetpack_featured_media_url":"https:\/\/i0.wp.com\/blogdoeloiltoncajuhy.com.br\/site\/wp-content\/uploads\/2020\/06\/logo-destaque.png?fit=530%2C254&ssl=1","jetpack_sharing_enabled":true,"publishpress_future_workflow_manual_trigger":{"enabledWorkflows":[]},"_links":{"self":[{"href":"https:\/\/blogdoeloiltoncajuhy.com.br\/site\/wp-json\/wp\/v2\/posts\/55287","targetHints":{"allow":["GET"]}}],"collection":[{"href":"https:\/\/blogdoeloiltoncajuhy.com.br\/site\/wp-json\/wp\/v2\/posts"}],"about":[{"href":"https:\/\/blogdoeloiltoncajuhy.com.br\/site\/wp-json\/wp\/v2\/types\/post"}],"author":[{"embeddable":true,"href":"https:\/\/blogdoeloiltoncajuhy.com.br\/site\/wp-json\/wp\/v2\/users\/2"}],"replies":[{"embeddable":true,"href":"https:\/\/blogdoeloiltoncajuhy.com.br\/site\/wp-json\/wp\/v2\/comments?post=55287"}],"version-history":[{"count":2,"href":"https:\/\/blogdoeloiltoncajuhy.com.br\/site\/wp-json\/wp\/v2\/posts\/55287\/revisions"}],"predecessor-version":[{"id":55290,"href":"https:\/\/blogdoeloiltoncajuhy.com.br\/site\/wp-json\/wp\/v2\/posts\/55287\/revisions\/55290"}],"wp:featuredmedia":[{"embeddable":true,"href":"https:\/\/blogdoeloiltoncajuhy.com.br\/site\/wp-json\/wp\/v2\/media\/45387"}],"wp:attachment":[{"href":"https:\/\/blogdoeloiltoncajuhy.com.br\/site\/wp-json\/wp\/v2\/media?parent=55287"}],"wp:term":[{"taxonomy":"category","embeddable":true,"href":"https:\/\/blogdoeloiltoncajuhy.com.br\/site\/wp-json\/wp\/v2\/categories?post=55287"},{"taxonomy":"post_tag","embeddable":true,"href":"https:\/\/blogdoeloiltoncajuhy.com.br\/site\/wp-json\/wp\/v2\/tags?post=55287"}],"curies":[{"name":"wp","href":"https:\/\/api.w.org\/{rel}","templated":true}]}}