{"id":55284,"date":"2021-04-01T23:30:38","date_gmt":"2021-04-02T02:30:38","guid":{"rendered":"http:\/\/blogdoeloiltoncajuhy.com.br\/site\/?p=55284"},"modified":"2021-04-01T23:30:39","modified_gmt":"2021-04-02T02:30:39","slug":"sentimentos-que-queremos-cultivar-por-eloilton-cajuhy","status":"publish","type":"post","link":"https:\/\/blogdoeloiltoncajuhy.com.br\/site\/sentimentos-que-queremos-cultivar-por-eloilton-cajuhy\/","title":{"rendered":"Sentimentos que queremos cultivar &#8211; Por Eloilton Cajuhy"},"content":{"rendered":"\n<div class=\"wp-block-image\"><figure class=\"aligncenter size-full is-resized\"><a href=\"https:\/\/i0.wp.com\/blogdoeloiltoncajuhy.com.br\/site\/wp-content\/uploads\/2020\/02\/Paix%C3%A3oCristo.jpg\"><img data-recalc-dims=\"1\" fetchpriority=\"high\" decoding=\"async\" src=\"https:\/\/i0.wp.com\/blogdoeloiltoncajuhy.com.br\/site\/wp-content\/uploads\/2020\/02\/Paix%C3%A3oCristo.jpg?resize=666%2C443\" alt=\"\" class=\"wp-image-41532\" width=\"666\" height=\"443\" srcset=\"https:\/\/i0.wp.com\/blogdoeloiltoncajuhy.com.br\/site\/wp-content\/uploads\/2020\/02\/Paix%C3%A3oCristo.jpg?w=500&amp;ssl=1 500w, https:\/\/i0.wp.com\/blogdoeloiltoncajuhy.com.br\/site\/wp-content\/uploads\/2020\/02\/Paix%C3%A3oCristo.jpg?resize=300%2C200&amp;ssl=1 300w, https:\/\/i0.wp.com\/blogdoeloiltoncajuhy.com.br\/site\/wp-content\/uploads\/2020\/02\/Paix%C3%A3oCristo.jpg?resize=250%2C167&amp;ssl=1 250w\" sizes=\"(max-width: 666px) 100vw, 666px\" \/><\/a><\/figure><\/div>\n\n\n\n<p>Na semana santa de antigamente, as mesas eram muito fartas e o prazer de uma fam\u00edlia em convidar parentes e amigos para o almo\u00e7o e o jantar movia a todos para um sentimento muito grande: o da satisfa\u00e7\u00e3o de compartilhar com eles momentos que n\u00e3o se resumiam apenas em matar a fome. A celebra\u00e7\u00e3o dos dias santos envolvia a todos em ora\u00e7\u00e3o e agradecimento.<\/p>\n\n\n\n<p>Sim, essas fam\u00edlias cultivavam a f\u00e9 e faziam quest\u00e3o de lembrar que o momento tamb\u00e9m era ideal para demonstrar sua gratid\u00e3o a Deus pela comida na mesa e pela coragem de trabalhar para elevar seus membros. Havia uma forte sintonia entre a f\u00e9 e a esperan\u00e7a. F\u00e9 em Deus &#8211; o verdadeiro protetor das fam\u00edlias. Esperan\u00e7a na continuidade de um tempo de fartura e bem estar.<\/p>\n\n\n\n<p>Com a evolu\u00e7\u00e3o dos tempos, tornou-se cada vez mais necess\u00e1rio o distanciamento familiar ou separa\u00e7\u00e3o de fam\u00edlias, para permitir a busca do conhecimento por parte de seus filhos. Se somam a isso mudan\u00e7as clim\u00e1ticas com o inevit\u00e1vel \u00eaxodo para a busca de dias melhores. \u00caxodo esse que n\u00e3o afetou somente moradores da zona rural, mas for\u00e7ou tamb\u00e9m a ida de jovens de uma cidade para outra a procura de cursos especializados e outras oportunidades.<\/p>\n\n\n\n<p>S\u00e3o mudan\u00e7as que talvez tenham afetado pessoas que n\u00e3o estavam preparadas para elas. Como resultado, hoje encontramos por esse mundo afora fam\u00edlias que vivem somente de recorda\u00e7\u00f5es dos encontros familiares para a celebra\u00e7\u00e3o da semana santa.<\/p>\n\n\n\n<p>Nos dois \u00faltimos anos, a pandemia do novo coronav\u00edrus tem contribu\u00eddo para esse distanciamento. Visando preservar principalmente os idosos, o que podemos constatar \u00e9 que muitas casas estar\u00e3o vazias nesta sexta-feira da paix\u00e3o. A medida \u00e9 necess\u00e1ria, por\u00e9m, nos preocupa o fato de que muitos ir\u00e3o ignorar a realidade atual e dever\u00e3o fazer aglomera\u00e7\u00f5es em suas resid\u00eancias.<\/p>\n\n\n\n<p>O Senhor da Vida pede que preservemos nosso bem mais precioso. Ele se entregou \u00e0 cruz para a nossa salva\u00e7\u00e3o, portanto, o que Ele mais quer \u00e9 que cada um de n\u00f3s busquemos o bem comum, pensando na nossa sa\u00fade e das pessoas que amamos.<\/p>\n\n\n\n<p>Podemos fazer nossa celebra\u00e7\u00e3o silenciosa, com pouca gente ou sem ningu\u00e9m. Aos olhos de Deus estaremos demonstrando todo nosso amor pelo pr\u00f3ximo e por n\u00f3s mesmos. Jesus, o misericordioso, nos dar\u00e1 outras oportunidades de estarmos juntos de quem tanto amamos.<\/p>\n\n\n\n<p>Um dia o mundo nos afastou dos verdadeiros sentimentos que enobrecem nossa alma, nosso cora\u00e7\u00e3o e que nos fazem sentir mais pertos de Deus. Hoje queremos cultivar o amor, a paz, a harmonia e a tranquilidade que precisamos para darmos continuidade \u00e0 nossa caminhada.<\/p>\n\n\n\n<p>Que possamos continuar depositando nossa f\u00e9 e nossa confian\u00e7a em um Deus de puro amor, pois assim, estaremos alcan\u00e7ando os<\/p>\n\n\n\n<p class=\"has-text-align-center has-black-color has-text-color has-medium-font-size\"><strong>sentimentos que queremos cultivar!<\/strong><\/p>\n","protected":false},"excerpt":{"rendered":"<p>Na semana santa de antigamente, as mesas eram muito fartas e o prazer de uma fam\u00edlia em convidar parentes e amigos para o almo\u00e7o e o jantar movia a todos para um sentimento muito grande: o da satisfa\u00e7\u00e3o de compartilhar com eles momentos que n\u00e3o se resumiam apenas em matar a fome. A celebra\u00e7\u00e3o dos [&hellip;]<\/p>\n","protected":false},"author":2,"featured_media":41532,"comment_status":"open","ping_status":"open","sticky":false,"template":"","format":"standard","meta":{"_acf_changed":false,"_monsterinsights_skip_tracking":false,"_monsterinsights_sitenote_active":false,"_monsterinsights_sitenote_note":"","_monsterinsights_sitenote_category":0,"_jetpack_memberships_contains_paid_content":false,"footnotes":"","jetpack_publicize_message":"","jetpack_publicize_feature_enabled":true,"jetpack_social_post_already_shared":true,"jetpack_social_options":{"image_generator_settings":{"template":"highway","default_image_id":0,"font":"","enabled":false},"version":2}},"categories":[9],"tags":[],"class_list":["post-55284","post","type-post","status-publish","format-standard","has-post-thumbnail","hentry","category-reflexao"],"acf":[],"jetpack_publicize_connections":[],"jetpack_featured_media_url":"https:\/\/i0.wp.com\/blogdoeloiltoncajuhy.com.br\/site\/wp-content\/uploads\/2020\/02\/Paix%C3%A3oCristo.jpg?fit=500%2C333&ssl=1","jetpack_sharing_enabled":true,"publishpress_future_workflow_manual_trigger":{"enabledWorkflows":[]},"_links":{"self":[{"href":"https:\/\/blogdoeloiltoncajuhy.com.br\/site\/wp-json\/wp\/v2\/posts\/55284","targetHints":{"allow":["GET"]}}],"collection":[{"href":"https:\/\/blogdoeloiltoncajuhy.com.br\/site\/wp-json\/wp\/v2\/posts"}],"about":[{"href":"https:\/\/blogdoeloiltoncajuhy.com.br\/site\/wp-json\/wp\/v2\/types\/post"}],"author":[{"embeddable":true,"href":"https:\/\/blogdoeloiltoncajuhy.com.br\/site\/wp-json\/wp\/v2\/users\/2"}],"replies":[{"embeddable":true,"href":"https:\/\/blogdoeloiltoncajuhy.com.br\/site\/wp-json\/wp\/v2\/comments?post=55284"}],"version-history":[{"count":2,"href":"https:\/\/blogdoeloiltoncajuhy.com.br\/site\/wp-json\/wp\/v2\/posts\/55284\/revisions"}],"predecessor-version":[{"id":55286,"href":"https:\/\/blogdoeloiltoncajuhy.com.br\/site\/wp-json\/wp\/v2\/posts\/55284\/revisions\/55286"}],"wp:featuredmedia":[{"embeddable":true,"href":"https:\/\/blogdoeloiltoncajuhy.com.br\/site\/wp-json\/wp\/v2\/media\/41532"}],"wp:attachment":[{"href":"https:\/\/blogdoeloiltoncajuhy.com.br\/site\/wp-json\/wp\/v2\/media?parent=55284"}],"wp:term":[{"taxonomy":"category","embeddable":true,"href":"https:\/\/blogdoeloiltoncajuhy.com.br\/site\/wp-json\/wp\/v2\/categories?post=55284"},{"taxonomy":"post_tag","embeddable":true,"href":"https:\/\/blogdoeloiltoncajuhy.com.br\/site\/wp-json\/wp\/v2\/tags?post=55284"}],"curies":[{"name":"wp","href":"https:\/\/api.w.org\/{rel}","templated":true}]}}