{"id":55269,"date":"2021-04-01T21:10:18","date_gmt":"2021-04-02T00:10:18","guid":{"rendered":"http:\/\/blogdoeloiltoncajuhy.com.br\/site\/?p=55269"},"modified":"2021-04-01T21:10:20","modified_gmt":"2021-04-02T00:10:20","slug":"itiuba-policia-encerra-buscas-por-crianca-que-segue-desaparecida","status":"publish","type":"post","link":"https:\/\/blogdoeloiltoncajuhy.com.br\/site\/itiuba-policia-encerra-buscas-por-crianca-que-segue-desaparecida\/","title":{"rendered":"Iti\u00faba: Pol\u00edcia encerra buscas por crian\u00e7a que segue desaparecida"},"content":{"rendered":"\n<p><\/p>\n\n\n\n<div class=\"wp-block-image\"><figure class=\"aligncenter size-large\"><a href=\"https:\/\/i0.wp.com\/blogdoeloiltoncajuhy.com.br\/site\/wp-content\/uploads\/2021\/04\/Buscas-por-Davi.jpg\"><img data-recalc-dims=\"1\" fetchpriority=\"high\" decoding=\"async\" width=\"720\" height=\"466\" src=\"https:\/\/i0.wp.com\/blogdoeloiltoncajuhy.com.br\/site\/wp-content\/uploads\/2021\/04\/Buscas-por-Davi.jpg?resize=720%2C466\" alt=\"\" class=\"wp-image-55270\" srcset=\"https:\/\/i0.wp.com\/blogdoeloiltoncajuhy.com.br\/site\/wp-content\/uploads\/2021\/04\/Buscas-por-Davi.jpg?w=720&amp;ssl=1 720w, https:\/\/i0.wp.com\/blogdoeloiltoncajuhy.com.br\/site\/wp-content\/uploads\/2021\/04\/Buscas-por-Davi.jpg?resize=300%2C194&amp;ssl=1 300w\" sizes=\"(max-width: 720px) 100vw, 720px\" \/><\/a><\/figure><\/div>\n\n\n\n<p>As buscas pelo garoto <strong>Davi Lima Silva<\/strong>, de 11 anos, foram encerradas nesta quinta-feira (1\u00ba). Segundo o <strong>Blog do Walterley Kuhim<\/strong> a informa\u00e7\u00e3o foi confirmada por autoridades policiais. O menino est\u00e1 desaparecido desde a tarde de domingo (28), quando saiu da casa de uma tia em dire\u00e7\u00e3o \u00e0 resid\u00eancia da av\u00f3, no povoado de Varzinha, zona rural de Iti\u00faba. Os im\u00f3veis s\u00e3o pr\u00f3ximos um do outro e, segundo os familiares, Davi fazia o percurso com frequ\u00eancia.<\/p>\n\n\n\n<p>De acordo com a tia do garoto, no dia do desaparecimento, ele estava muito agitado. Ele estava na casa da tia e queria voltar para a resid\u00eancia da av\u00f3. No entanto, n\u00e3o chegou ao destino. Ainda segundo a fam\u00edlia, um vizinho informou que ele seguiu em dire\u00e7\u00e3o a uma serra pr\u00f3xima ao povoado, mas desde ent\u00e3o n\u00e3o h\u00e1 informa\u00e7\u00f5es sobre o garoto. Davi estava descal\u00e7o e vestia uma camisa de cor cinza e um short estampado.<\/p>\n\n\n\n<p>O caso ganhou contornos dram\u00e1ticos e repercuss\u00e3o em todo o estado. O delegado Felipe Neri, Coordenador Regional da Pol\u00edcia Civil em Senhor do Bonfim, assumiu a investiga\u00e7\u00e3o do caso. A m\u00e3e de Davi j\u00e1 prestou esclarecimentos na delegacia de Pol\u00edcia e outras pessoas tamb\u00e9m ser\u00e3o ouvidas.<\/p>\n\n\n\n<p>Uma grande mobiliza\u00e7\u00e3o foi feita no munic\u00edpio de Iti\u00faba para tentar encontrar o garoto. Corpo de Bombeiros, Pol\u00edcia Militar, Pol\u00edcia Civil, drones, c\u00e3es farejadores, helic\u00f3ptero do Graer e grupos volunt\u00e1rios se envolveram nas buscas a Davi, mas todo o trabalho foi encerrado nesta quinta, sem que ele fosse encontrado.<\/p>\n\n\n\n<div class=\"wp-block-image\"><figure class=\"aligncenter size-large\"><a href=\"https:\/\/i0.wp.com\/blogdoeloiltoncajuhy.com.br\/site\/wp-content\/uploads\/2021\/03\/image-2021-03-30t094702.684.jpg\"><img data-recalc-dims=\"1\" decoding=\"async\" width=\"800\" height=\"499\" src=\"https:\/\/i0.wp.com\/blogdoeloiltoncajuhy.com.br\/site\/wp-content\/uploads\/2021\/03\/image-2021-03-30t094702.684.jpg?resize=800%2C499\" alt=\"\" class=\"wp-image-55235\" srcset=\"https:\/\/i0.wp.com\/blogdoeloiltoncajuhy.com.br\/site\/wp-content\/uploads\/2021\/03\/image-2021-03-30t094702.684.jpg?w=1000&amp;ssl=1 1000w, https:\/\/i0.wp.com\/blogdoeloiltoncajuhy.com.br\/site\/wp-content\/uploads\/2021\/03\/image-2021-03-30t094702.684.jpg?resize=300%2C187&amp;ssl=1 300w, https:\/\/i0.wp.com\/blogdoeloiltoncajuhy.com.br\/site\/wp-content\/uploads\/2021\/03\/image-2021-03-30t094702.684.jpg?resize=768%2C479&amp;ssl=1 768w\" sizes=\"(max-width: 800px) 100vw, 800px\" \/><\/a><figcaption><em>Foto: Reprodu\u00e7\u00e3o\/TV S\u00e3o Francisco<\/em><\/figcaption><\/figure><\/div>\n","protected":false},"excerpt":{"rendered":"<p>As buscas pelo garoto Davi Lima Silva, de 11 anos, foram encerradas nesta quinta-feira (1\u00ba). Segundo o Blog do Walterley Kuhim a informa\u00e7\u00e3o foi confirmada por autoridades policiais. O menino est\u00e1 desaparecido desde a tarde de domingo (28), quando saiu da casa de uma tia em dire\u00e7\u00e3o \u00e0 resid\u00eancia da av\u00f3, no povoado de Varzinha, [&hellip;]<\/p>\n","protected":false},"author":2,"featured_media":55235,"comment_status":"open","ping_status":"open","sticky":false,"template":"","format":"standard","meta":{"_acf_changed":false,"_monsterinsights_skip_tracking":false,"_monsterinsights_sitenote_active":false,"_monsterinsights_sitenote_note":"","_monsterinsights_sitenote_category":0,"_jetpack_memberships_contains_paid_content":false,"footnotes":"","jetpack_publicize_message":"","jetpack_publicize_feature_enabled":true,"jetpack_social_post_already_shared":true,"jetpack_social_options":{"image_generator_settings":{"template":"highway","default_image_id":0,"font":"","enabled":false},"version":2}},"categories":[11],"tags":[],"class_list":["post-55269","post","type-post","status-publish","format-standard","has-post-thumbnail","hentry","category-regional"],"acf":[],"jetpack_publicize_connections":[],"jetpack_featured_media_url":"https:\/\/i0.wp.com\/blogdoeloiltoncajuhy.com.br\/site\/wp-content\/uploads\/2021\/03\/image-2021-03-30t094702.684.jpg?fit=1000%2C624&ssl=1","jetpack_sharing_enabled":true,"publishpress_future_workflow_manual_trigger":{"enabledWorkflows":[]},"_links":{"self":[{"href":"https:\/\/blogdoeloiltoncajuhy.com.br\/site\/wp-json\/wp\/v2\/posts\/55269","targetHints":{"allow":["GET"]}}],"collection":[{"href":"https:\/\/blogdoeloiltoncajuhy.com.br\/site\/wp-json\/wp\/v2\/posts"}],"about":[{"href":"https:\/\/blogdoeloiltoncajuhy.com.br\/site\/wp-json\/wp\/v2\/types\/post"}],"author":[{"embeddable":true,"href":"https:\/\/blogdoeloiltoncajuhy.com.br\/site\/wp-json\/wp\/v2\/users\/2"}],"replies":[{"embeddable":true,"href":"https:\/\/blogdoeloiltoncajuhy.com.br\/site\/wp-json\/wp\/v2\/comments?post=55269"}],"version-history":[{"count":2,"href":"https:\/\/blogdoeloiltoncajuhy.com.br\/site\/wp-json\/wp\/v2\/posts\/55269\/revisions"}],"predecessor-version":[{"id":55272,"href":"https:\/\/blogdoeloiltoncajuhy.com.br\/site\/wp-json\/wp\/v2\/posts\/55269\/revisions\/55272"}],"wp:featuredmedia":[{"embeddable":true,"href":"https:\/\/blogdoeloiltoncajuhy.com.br\/site\/wp-json\/wp\/v2\/media\/55235"}],"wp:attachment":[{"href":"https:\/\/blogdoeloiltoncajuhy.com.br\/site\/wp-json\/wp\/v2\/media?parent=55269"}],"wp:term":[{"taxonomy":"category","embeddable":true,"href":"https:\/\/blogdoeloiltoncajuhy.com.br\/site\/wp-json\/wp\/v2\/categories?post=55269"},{"taxonomy":"post_tag","embeddable":true,"href":"https:\/\/blogdoeloiltoncajuhy.com.br\/site\/wp-json\/wp\/v2\/tags?post=55269"}],"curies":[{"name":"wp","href":"https:\/\/api.w.org\/{rel}","templated":true}]}}