{"id":55262,"date":"2021-04-01T13:19:44","date_gmt":"2021-04-01T16:19:44","guid":{"rendered":"http:\/\/blogdoeloiltoncajuhy.com.br\/site\/?p=55262"},"modified":"2021-04-01T21:20:43","modified_gmt":"2021-04-02T00:20:43","slug":"luto-figura-popular-de-bonfim-salsicha-morre-em-hospital-de-petrolina-pe","status":"publish","type":"post","link":"https:\/\/blogdoeloiltoncajuhy.com.br\/site\/luto-figura-popular-de-bonfim-salsicha-morre-em-hospital-de-petrolina-pe\/","title":{"rendered":"Luto: Figura popular de Bonfim, Salsicha morre em hospital de Petrolina-PE"},"content":{"rendered":"\n<p><strong><em>Atualizado em 01.04.2021 \u00e0s 21h20<\/em><\/strong><\/p>\n\n\n\n<div class=\"wp-block-image\"><figure class=\"aligncenter size-full is-resized\"><a href=\"https:\/\/i0.wp.com\/blogdoeloiltoncajuhy.com.br\/site\/wp-content\/uploads\/2021\/04\/salcicha-768x768-1.jpg\"><img data-recalc-dims=\"1\" fetchpriority=\"high\" decoding=\"async\" src=\"https:\/\/i0.wp.com\/blogdoeloiltoncajuhy.com.br\/site\/wp-content\/uploads\/2021\/04\/salcicha-768x768-1.jpg?resize=563%2C561\" alt=\"\" class=\"wp-image-55263\" width=\"563\" height=\"561\" srcset=\"https:\/\/i0.wp.com\/blogdoeloiltoncajuhy.com.br\/site\/wp-content\/uploads\/2021\/04\/salcicha-768x768-1.jpg?w=225&amp;ssl=1 225w, https:\/\/i0.wp.com\/blogdoeloiltoncajuhy.com.br\/site\/wp-content\/uploads\/2021\/04\/salcicha-768x768-1.jpg?resize=150%2C150&amp;ssl=1 150w\" sizes=\"(max-width: 563px) 100vw, 563px\" \/><\/a><figcaption><em>Foto: Ivan Silva<\/em><\/figcaption><\/figure><\/div>\n\n\n\n<p>Faleceu nesta quarta-feira, 31 de mar\u00e7o, em um hospital de Juazeiro, <strong>Alo\u00edsio Pereira dos Santos<\/strong>, 52 anos, mais conhecido por <strong>Salsicha<\/strong>.<\/p>\n\n\n\n<p>O humorista apresentou complica\u00e7\u00f5es em seu quadro cl\u00ednico ap\u00f3s ser internado em um hospital de Petrolina-PE. Salsicha enfrentava problemas com alcoolismo, sofreu um acidente, quando caiu da garupa de uma moto, sofrendo fratura exposta na clav\u00edcula. Transferido para a regi\u00e3o do Vale do S\u00e3o Francisco, ele foi submetido a uma cirurgia na quinta-feira, 11 de mar\u00e7o, mas, ao ser avaliado pela equipe m\u00e9dica, foram diagnosticados v\u00e1rios outros problemas de sa\u00fade, como altera\u00e7\u00e3o nos batimentos card\u00edacos, \u00e1gua no pulm\u00e3o, h\u00e9rnia no umbigo e estado bastante debilitado. Por isso, apesar da cirurgia da clav\u00edcula ter sido um sucesso, ele n\u00e3o recebeu alta hospitalar.<\/p>\n\n\n\n<p>Na segunda-feira (15), Salsicha n\u00e3o conseguia fazer suas necessidades fisiol\u00f3gicas, e por estar com seus batimentos lentos, os m\u00e9dicos acharam melhor transferi-lo para sala vermelha.<\/p>\n\n\n\n<p>Alo\u00edsio Pereira dos Santos, o Salsicha, era funcion\u00e1rio p\u00fablico do munic\u00edpio e se tornou bastante conhecido na regi\u00e3o de Senhor do Bonfim por fazer participa\u00e7\u00f5es no programa comandado pelo radialista Ivan Silva, na Cara\u00edba FM, onde, com seu jeito simples e irreverente, conquistou grandes amigos. Como colaborador, alegrava os finais de tarde em Senhor do Bonfim lado de Ivan Silva, no Programa na Varanda da Fazenda.<\/p>\n\n\n\n<p>O corpo de Salsicha foi velado na resid\u00eancia de sua m\u00e3e, na Rua Nina Rodrigues, no Alto da Maravilha, e o sepultamento ocorreu no final da tarde no Cemit\u00e9rio S\u00e3o L\u00e1zaro, tamb\u00e9m no Alto.<\/p>\n","protected":false},"excerpt":{"rendered":"<p>Atualizado em 01.04.2021 \u00e0s 21h20 Faleceu nesta quarta-feira, 31 de mar\u00e7o, em um hospital de Juazeiro, Alo\u00edsio Pereira dos Santos, 52 anos, mais conhecido por Salsicha. O humorista apresentou complica\u00e7\u00f5es em seu quadro cl\u00ednico ap\u00f3s ser internado em um hospital de Petrolina-PE. Salsicha enfrentava problemas com alcoolismo, sofreu um acidente, quando caiu da garupa de [&hellip;]<\/p>\n","protected":false},"author":2,"featured_media":55263,"comment_status":"open","ping_status":"open","sticky":false,"template":"","format":"standard","meta":{"_acf_changed":false,"_monsterinsights_skip_tracking":false,"_monsterinsights_sitenote_active":false,"_monsterinsights_sitenote_note":"","_monsterinsights_sitenote_category":0,"_jetpack_memberships_contains_paid_content":false,"footnotes":"","jetpack_publicize_message":"","jetpack_publicize_feature_enabled":true,"jetpack_social_post_already_shared":true,"jetpack_social_options":{"image_generator_settings":{"template":"highway","default_image_id":0,"font":"","enabled":false},"version":2}},"categories":[4],"tags":[],"class_list":["post-55262","post","type-post","status-publish","format-standard","has-post-thumbnail","hentry","category-local"],"acf":[],"jetpack_publicize_connections":[],"jetpack_featured_media_url":"https:\/\/i0.wp.com\/blogdoeloiltoncajuhy.com.br\/site\/wp-content\/uploads\/2021\/04\/salcicha-768x768-1.jpg?fit=225%2C225&ssl=1","jetpack_sharing_enabled":true,"publishpress_future_workflow_manual_trigger":{"enabledWorkflows":[]},"_links":{"self":[{"href":"https:\/\/blogdoeloiltoncajuhy.com.br\/site\/wp-json\/wp\/v2\/posts\/55262","targetHints":{"allow":["GET"]}}],"collection":[{"href":"https:\/\/blogdoeloiltoncajuhy.com.br\/site\/wp-json\/wp\/v2\/posts"}],"about":[{"href":"https:\/\/blogdoeloiltoncajuhy.com.br\/site\/wp-json\/wp\/v2\/types\/post"}],"author":[{"embeddable":true,"href":"https:\/\/blogdoeloiltoncajuhy.com.br\/site\/wp-json\/wp\/v2\/users\/2"}],"replies":[{"embeddable":true,"href":"https:\/\/blogdoeloiltoncajuhy.com.br\/site\/wp-json\/wp\/v2\/comments?post=55262"}],"version-history":[{"count":3,"href":"https:\/\/blogdoeloiltoncajuhy.com.br\/site\/wp-json\/wp\/v2\/posts\/55262\/revisions"}],"predecessor-version":[{"id":55274,"href":"https:\/\/blogdoeloiltoncajuhy.com.br\/site\/wp-json\/wp\/v2\/posts\/55262\/revisions\/55274"}],"wp:featuredmedia":[{"embeddable":true,"href":"https:\/\/blogdoeloiltoncajuhy.com.br\/site\/wp-json\/wp\/v2\/media\/55263"}],"wp:attachment":[{"href":"https:\/\/blogdoeloiltoncajuhy.com.br\/site\/wp-json\/wp\/v2\/media?parent=55262"}],"wp:term":[{"taxonomy":"category","embeddable":true,"href":"https:\/\/blogdoeloiltoncajuhy.com.br\/site\/wp-json\/wp\/v2\/categories?post=55262"},{"taxonomy":"post_tag","embeddable":true,"href":"https:\/\/blogdoeloiltoncajuhy.com.br\/site\/wp-json\/wp\/v2\/tags?post=55262"}],"curies":[{"name":"wp","href":"https:\/\/api.w.org\/{rel}","templated":true}]}}