{"id":55257,"date":"2021-04-01T10:22:04","date_gmt":"2021-04-01T13:22:04","guid":{"rendered":"http:\/\/blogdoeloiltoncajuhy.com.br\/site\/?p=55257"},"modified":"2021-04-01T10:22:05","modified_gmt":"2021-04-01T13:22:05","slug":"sr-do-bonfim-evento-virtual-tera-participacoes-do-filosofo-leonardo-boff-e-do-padre-luis-tonetto","status":"publish","type":"post","link":"https:\/\/blogdoeloiltoncajuhy.com.br\/site\/sr-do-bonfim-evento-virtual-tera-participacoes-do-filosofo-leonardo-boff-e-do-padre-luis-tonetto\/","title":{"rendered":"Sr. do Bonfim: Evento virtual ter\u00e1 participa\u00e7\u00f5es do Fil\u00f3sofo Leonardo Boff e do Padre Lu\u00eds Tonetto"},"content":{"rendered":"\n<p><strong>&#8220;<em>Todo ser \u00e9 completo por si\u2026&#8221; (Leonardo Boff)<\/em><\/strong><\/p>\n\n\n\n<div class=\"wp-block-image\"><figure class=\"aligncenter size-large is-resized\"><a href=\"https:\/\/i0.wp.com\/blogdoeloiltoncajuhy.com.br\/site\/wp-content\/uploads\/2021\/04\/EncontroLeonardoBoff.jpeg\"><img data-recalc-dims=\"1\" fetchpriority=\"high\" decoding=\"async\" src=\"https:\/\/i0.wp.com\/blogdoeloiltoncajuhy.com.br\/site\/wp-content\/uploads\/2021\/04\/EncontroLeonardoBoff.jpeg?resize=582%2C582\" alt=\"\" class=\"wp-image-55258\" width=\"582\" height=\"582\" srcset=\"https:\/\/i0.wp.com\/blogdoeloiltoncajuhy.com.br\/site\/wp-content\/uploads\/2021\/04\/EncontroLeonardoBoff.jpeg?resize=1024%2C1024&amp;ssl=1 1024w, https:\/\/i0.wp.com\/blogdoeloiltoncajuhy.com.br\/site\/wp-content\/uploads\/2021\/04\/EncontroLeonardoBoff.jpeg?resize=300%2C300&amp;ssl=1 300w, https:\/\/i0.wp.com\/blogdoeloiltoncajuhy.com.br\/site\/wp-content\/uploads\/2021\/04\/EncontroLeonardoBoff.jpeg?resize=150%2C150&amp;ssl=1 150w, https:\/\/i0.wp.com\/blogdoeloiltoncajuhy.com.br\/site\/wp-content\/uploads\/2021\/04\/EncontroLeonardoBoff.jpeg?resize=768%2C768&amp;ssl=1 768w, https:\/\/i0.wp.com\/blogdoeloiltoncajuhy.com.br\/site\/wp-content\/uploads\/2021\/04\/EncontroLeonardoBoff.jpeg?w=1080&amp;ssl=1 1080w\" sizes=\"(max-width: 582px) 100vw, 582px\" \/><\/a><\/figure><\/div>\n\n\n\n<p>O CESOL Piemonte Norte do Itapicuru, atrav\u00e9s da ARESOL e CACTUS, organiza\u00e7\u00f5es sociais com atua\u00e7\u00e3o na regi\u00e3o norte da Bahia, vai realizar o Encontro Virtual <strong>Bate Papo Consciente<\/strong>, com participa\u00e7\u00e3o de Leonardo Boff. O evento ser\u00e1 realizado no dia 09 de abril, \u00e0s 16h, e ser\u00e1 transmitido pela conta da ARESOL no YouTube e Facebook.<\/p>\n\n\n\n<p>O encontro virtual ter\u00e1 como convidados, Padre Luis Tonetto, o representante da CACTUS, Jos\u00e9 Isanilton, o agricultor agroecol\u00f3gico e presidente da ARESOL, Seu Zito, o Superintendente de Economia Solid\u00e1ria, Milton Barbosa, e o te\u00f3logo, escritor, fil\u00f3sofo e professor universit\u00e1rio brasileiro Leonardo Boff.<\/p>\n\n\n\n<p>Na oportunidade, Leonardo Boff discutir\u00e1 com os demais convidados e com a intera\u00e7\u00e3o com demais participantes virtuais atrav\u00e9s de chat, o Tema: <strong>ECONOMIA SOLID\u00c1RIA, BEM VIVER E SUSTENTABILIDADE<\/strong>.<\/p>\n\n\n\n<p class=\"has-black-color has-text-color has-medium-font-size\"><strong>Servi\u00e7o:<\/strong><\/p>\n\n\n\n<p>&#x1f4c6; 09 de Abril de 2021.<br>&#x23f0; 16h.<br>&#x1f4bb; YouTube e Facebook da ARESOL (Associa\u00e7\u00e3o Regional do Grupos Solid\u00e1rios de Gera\u00e7\u00e3o de Renda)<\/p>\n\n\n\n<p><strong><em>Equipes CESOL e CACTUS<\/em><\/strong><\/p>\n","protected":false},"excerpt":{"rendered":"<p>&#8220;Todo ser \u00e9 completo por si\u2026&#8221; (Leonardo Boff) O CESOL Piemonte Norte do Itapicuru, atrav\u00e9s da ARESOL e CACTUS, organiza\u00e7\u00f5es sociais com atua\u00e7\u00e3o na regi\u00e3o norte da Bahia, vai realizar o Encontro Virtual Bate Papo Consciente, com participa\u00e7\u00e3o de Leonardo Boff. O evento ser\u00e1 realizado no dia 09 de abril, \u00e0s 16h, e ser\u00e1 transmitido [&hellip;]<\/p>\n","protected":false},"author":2,"featured_media":55258,"comment_status":"open","ping_status":"open","sticky":false,"template":"","format":"standard","meta":{"_acf_changed":false,"_monsterinsights_skip_tracking":false,"_monsterinsights_sitenote_active":false,"_monsterinsights_sitenote_note":"","_monsterinsights_sitenote_category":0,"_jetpack_memberships_contains_paid_content":false,"footnotes":"","jetpack_publicize_message":"","jetpack_publicize_feature_enabled":true,"jetpack_social_post_already_shared":true,"jetpack_social_options":{"image_generator_settings":{"template":"highway","default_image_id":0,"font":"","enabled":false},"version":2}},"categories":[4],"tags":[],"class_list":["post-55257","post","type-post","status-publish","format-standard","has-post-thumbnail","hentry","category-local"],"acf":[],"jetpack_publicize_connections":[],"jetpack_featured_media_url":"https:\/\/i0.wp.com\/blogdoeloiltoncajuhy.com.br\/site\/wp-content\/uploads\/2021\/04\/EncontroLeonardoBoff.jpeg?fit=1080%2C1080&ssl=1","jetpack_sharing_enabled":true,"publishpress_future_workflow_manual_trigger":{"enabledWorkflows":[]},"_links":{"self":[{"href":"https:\/\/blogdoeloiltoncajuhy.com.br\/site\/wp-json\/wp\/v2\/posts\/55257","targetHints":{"allow":["GET"]}}],"collection":[{"href":"https:\/\/blogdoeloiltoncajuhy.com.br\/site\/wp-json\/wp\/v2\/posts"}],"about":[{"href":"https:\/\/blogdoeloiltoncajuhy.com.br\/site\/wp-json\/wp\/v2\/types\/post"}],"author":[{"embeddable":true,"href":"https:\/\/blogdoeloiltoncajuhy.com.br\/site\/wp-json\/wp\/v2\/users\/2"}],"replies":[{"embeddable":true,"href":"https:\/\/blogdoeloiltoncajuhy.com.br\/site\/wp-json\/wp\/v2\/comments?post=55257"}],"version-history":[{"count":2,"href":"https:\/\/blogdoeloiltoncajuhy.com.br\/site\/wp-json\/wp\/v2\/posts\/55257\/revisions"}],"predecessor-version":[{"id":55260,"href":"https:\/\/blogdoeloiltoncajuhy.com.br\/site\/wp-json\/wp\/v2\/posts\/55257\/revisions\/55260"}],"wp:featuredmedia":[{"embeddable":true,"href":"https:\/\/blogdoeloiltoncajuhy.com.br\/site\/wp-json\/wp\/v2\/media\/55258"}],"wp:attachment":[{"href":"https:\/\/blogdoeloiltoncajuhy.com.br\/site\/wp-json\/wp\/v2\/media?parent=55257"}],"wp:term":[{"taxonomy":"category","embeddable":true,"href":"https:\/\/blogdoeloiltoncajuhy.com.br\/site\/wp-json\/wp\/v2\/categories?post=55257"},{"taxonomy":"post_tag","embeddable":true,"href":"https:\/\/blogdoeloiltoncajuhy.com.br\/site\/wp-json\/wp\/v2\/tags?post=55257"}],"curies":[{"name":"wp","href":"https:\/\/api.w.org\/{rel}","templated":true}]}}