{"id":55242,"date":"2021-04-01T09:36:44","date_gmt":"2021-04-01T12:36:44","guid":{"rendered":"http:\/\/blogdoeloiltoncajuhy.com.br\/site\/?p=55242"},"modified":"2021-04-01T09:36:45","modified_gmt":"2021-04-01T12:36:45","slug":"ponto-novo-entidades-sindicais-discutem-projeto-de-lei-de-reestruturacao-do-ippn","status":"publish","type":"post","link":"https:\/\/blogdoeloiltoncajuhy.com.br\/site\/ponto-novo-entidades-sindicais-discutem-projeto-de-lei-de-reestruturacao-do-ippn\/","title":{"rendered":"Ponto Novo: Entidades sindicais discutem projeto de lei de reestrutura\u00e7\u00e3o do IPPN"},"content":{"rendered":"\n<div class=\"wp-block-image\"><figure class=\"aligncenter size-large is-resized\"><a href=\"https:\/\/i0.wp.com\/blogdoeloiltoncajuhy.com.br\/site\/wp-content\/uploads\/2021\/04\/SindicatosPontoNovo.jpeg\"><img data-recalc-dims=\"1\" fetchpriority=\"high\" decoding=\"async\" src=\"https:\/\/i0.wp.com\/blogdoeloiltoncajuhy.com.br\/site\/wp-content\/uploads\/2021\/04\/SindicatosPontoNovo.jpeg?resize=562%2C561\" alt=\"\" class=\"wp-image-55243\" width=\"562\" height=\"561\" srcset=\"https:\/\/i0.wp.com\/blogdoeloiltoncajuhy.com.br\/site\/wp-content\/uploads\/2021\/04\/SindicatosPontoNovo.jpeg?resize=1024%2C1024&amp;ssl=1 1024w, https:\/\/i0.wp.com\/blogdoeloiltoncajuhy.com.br\/site\/wp-content\/uploads\/2021\/04\/SindicatosPontoNovo.jpeg?resize=300%2C300&amp;ssl=1 300w, https:\/\/i0.wp.com\/blogdoeloiltoncajuhy.com.br\/site\/wp-content\/uploads\/2021\/04\/SindicatosPontoNovo.jpeg?resize=150%2C150&amp;ssl=1 150w, https:\/\/i0.wp.com\/blogdoeloiltoncajuhy.com.br\/site\/wp-content\/uploads\/2021\/04\/SindicatosPontoNovo.jpeg?resize=768%2C768&amp;ssl=1 768w, https:\/\/i0.wp.com\/blogdoeloiltoncajuhy.com.br\/site\/wp-content\/uploads\/2021\/04\/SindicatosPontoNovo.jpeg?w=1280&amp;ssl=1 1280w\" sizes=\"(max-width: 562px) 100vw, 562px\" \/><\/a><\/figure><\/div>\n\n\n\n<p>A aprova\u00e7\u00e3o da Emenda Constitucional 103\/19 (reforma da previd\u00eancia), imp\u00f5e, dentre outras altera\u00e7\u00f5es, o aumento das al\u00edquotas de contribui\u00e7\u00e3o previdenci\u00e1ria quando o regime pr\u00f3prio de previd\u00eancia estiver em d\u00e9ficit, que \u00e9 o caso do IPPN. Mais uma vez o trabalhador pagar\u00e1 a conta da m\u00e1 gest\u00e3o do Instituto, a qual est\u00e1 colocando em risco o futuro das aposentadorias e pens\u00f5es de servidores (as).<\/p>\n\n\n\n<p>Conscientes de que o aumento das al\u00edquotas de contribui\u00e7\u00e3o previdenci\u00e1ria \u00e9 inevit\u00e1vel, porque \u00e9 uma medida imposta por lei atrav\u00e9s da reforma da previd\u00eancia, SISPON e APLB &#8211; N\u00facleo Sindical Ponto Novo, uniram-se para garantir que no projeto de lei municipal que reestrutura o IPPN, seja inclu\u00edda uma emenda determinando que a Diretoria do Instituto seja ocupada por servidores efetivos, eleitos democraticamente entre a categoria.<\/p>\n\n\n\n<p>O entendimento \u00e9 que o IPPN \u00e9 um patrim\u00f4nio do servidor p\u00fablico, que contribui mensalmente com descontos em folha salarial. Apesar disso, o servidor presencia a falta de transpar\u00eancia na gest\u00e3o, os recursos sendo mal geridos e, consequentemente, o IPPN em grave crise financeira. Diante desse cen\u00e1rio, as entidades sindicais APLB- N\u00facleo Sindical de Ponto Novo, e SISPON reuniram-se com representantes da C\u00e2mara e do IPPN para discutir a minuta do projeto de lei que reestrutura o Instituto, al\u00e9m de cobrarem do Presidente da C\u00e2mara de Vereadores que retome a pauta apresentada por ele ano passado: a elei\u00e7\u00e3o de servidores para compor a diretoria do regime pr\u00f3prio de previd\u00eancia do munic\u00edpio (IPPN).<\/p>\n\n\n\n<p>Na oportunidade, as entidades sindicais conclamam os servidores a entrarem em contato com seus respectivos vereadores e com o Prefeito do munic\u00edpio, cobrando que a medida seja inclu\u00edda e aprovada no Projeto de Lei. Segundo o SISPON, essa foi uma pauta na qual o atual prefeito comprometeu-se na elei\u00e7\u00e3o, portanto esse \u00e9 o momento de concretiz\u00e1-la. Para as duas entidades sindicais, permitir que os servidores assumam a gest\u00e3o do IPPN representa um grande avan\u00e7o rumo \u00e0 transpar\u00eancia e \u00e0s boas pr\u00e1ticas na administra\u00e7\u00e3o dos recursos.<\/p>\n","protected":false},"excerpt":{"rendered":"<p>A aprova\u00e7\u00e3o da Emenda Constitucional 103\/19 (reforma da previd\u00eancia), imp\u00f5e, dentre outras altera\u00e7\u00f5es, o aumento das al\u00edquotas de contribui\u00e7\u00e3o previdenci\u00e1ria quando o regime pr\u00f3prio de previd\u00eancia estiver em d\u00e9ficit, que \u00e9 o caso do IPPN. Mais uma vez o trabalhador pagar\u00e1 a conta da m\u00e1 gest\u00e3o do Instituto, a qual est\u00e1 colocando em risco o [&hellip;]<\/p>\n","protected":false},"author":2,"featured_media":55243,"comment_status":"open","ping_status":"open","sticky":false,"template":"","format":"standard","meta":{"_acf_changed":false,"_monsterinsights_skip_tracking":false,"_monsterinsights_sitenote_active":false,"_monsterinsights_sitenote_note":"","_monsterinsights_sitenote_category":0,"_jetpack_memberships_contains_paid_content":false,"footnotes":"","jetpack_publicize_message":"","jetpack_publicize_feature_enabled":true,"jetpack_social_post_already_shared":true,"jetpack_social_options":{"image_generator_settings":{"template":"highway","default_image_id":0,"font":"","enabled":false},"version":2}},"categories":[11],"tags":[],"class_list":["post-55242","post","type-post","status-publish","format-standard","has-post-thumbnail","hentry","category-regional"],"acf":[],"jetpack_publicize_connections":[],"jetpack_featured_media_url":"https:\/\/i0.wp.com\/blogdoeloiltoncajuhy.com.br\/site\/wp-content\/uploads\/2021\/04\/SindicatosPontoNovo.jpeg?fit=1280%2C1280&ssl=1","jetpack_sharing_enabled":true,"publishpress_future_workflow_manual_trigger":{"enabledWorkflows":[]},"_links":{"self":[{"href":"https:\/\/blogdoeloiltoncajuhy.com.br\/site\/wp-json\/wp\/v2\/posts\/55242","targetHints":{"allow":["GET"]}}],"collection":[{"href":"https:\/\/blogdoeloiltoncajuhy.com.br\/site\/wp-json\/wp\/v2\/posts"}],"about":[{"href":"https:\/\/blogdoeloiltoncajuhy.com.br\/site\/wp-json\/wp\/v2\/types\/post"}],"author":[{"embeddable":true,"href":"https:\/\/blogdoeloiltoncajuhy.com.br\/site\/wp-json\/wp\/v2\/users\/2"}],"replies":[{"embeddable":true,"href":"https:\/\/blogdoeloiltoncajuhy.com.br\/site\/wp-json\/wp\/v2\/comments?post=55242"}],"version-history":[{"count":2,"href":"https:\/\/blogdoeloiltoncajuhy.com.br\/site\/wp-json\/wp\/v2\/posts\/55242\/revisions"}],"predecessor-version":[{"id":55245,"href":"https:\/\/blogdoeloiltoncajuhy.com.br\/site\/wp-json\/wp\/v2\/posts\/55242\/revisions\/55245"}],"wp:featuredmedia":[{"embeddable":true,"href":"https:\/\/blogdoeloiltoncajuhy.com.br\/site\/wp-json\/wp\/v2\/media\/55243"}],"wp:attachment":[{"href":"https:\/\/blogdoeloiltoncajuhy.com.br\/site\/wp-json\/wp\/v2\/media?parent=55242"}],"wp:term":[{"taxonomy":"category","embeddable":true,"href":"https:\/\/blogdoeloiltoncajuhy.com.br\/site\/wp-json\/wp\/v2\/categories?post=55242"},{"taxonomy":"post_tag","embeddable":true,"href":"https:\/\/blogdoeloiltoncajuhy.com.br\/site\/wp-json\/wp\/v2\/tags?post=55242"}],"curies":[{"name":"wp","href":"https:\/\/api.w.org\/{rel}","templated":true}]}}