{"id":55238,"date":"2021-04-01T09:30:40","date_gmt":"2021-04-01T12:30:40","guid":{"rendered":"http:\/\/blogdoeloiltoncajuhy.com.br\/site\/?p=55238"},"modified":"2021-04-01T09:30:41","modified_gmt":"2021-04-01T12:30:41","slug":"sismusb-pede-inclusao-de-guardas-municipais-e-agentes-de-transito-nos-grupos-prioritarios-para-vacinacao-contra-a-covid-19","status":"publish","type":"post","link":"https:\/\/blogdoeloiltoncajuhy.com.br\/site\/sismusb-pede-inclusao-de-guardas-municipais-e-agentes-de-transito-nos-grupos-prioritarios-para-vacinacao-contra-a-covid-19\/","title":{"rendered":"Sismusb pede inclus\u00e3o de guardas municipais e agentes de tr\u00e2nsito nos grupos priorit\u00e1rios para vacina\u00e7\u00e3o contra a Covid-19"},"content":{"rendered":"\n<div class=\"wp-block-image\"><figure class=\"aligncenter size-large is-resized\"><a href=\"https:\/\/i0.wp.com\/blogdoeloiltoncajuhy.com.br\/site\/wp-content\/uploads\/2021\/04\/SismusbPropostaConvertidaInclusao.jpeg\"><img data-recalc-dims=\"1\" fetchpriority=\"high\" decoding=\"async\" src=\"https:\/\/i0.wp.com\/blogdoeloiltoncajuhy.com.br\/site\/wp-content\/uploads\/2021\/04\/SismusbPropostaConvertidaInclusao.jpeg?resize=607%2C607\" alt=\"\" class=\"wp-image-55239\" width=\"607\" height=\"607\" srcset=\"https:\/\/i0.wp.com\/blogdoeloiltoncajuhy.com.br\/site\/wp-content\/uploads\/2021\/04\/SismusbPropostaConvertidaInclusao.jpeg?resize=1024%2C1024&amp;ssl=1 1024w, https:\/\/i0.wp.com\/blogdoeloiltoncajuhy.com.br\/site\/wp-content\/uploads\/2021\/04\/SismusbPropostaConvertidaInclusao.jpeg?resize=300%2C300&amp;ssl=1 300w, https:\/\/i0.wp.com\/blogdoeloiltoncajuhy.com.br\/site\/wp-content\/uploads\/2021\/04\/SismusbPropostaConvertidaInclusao.jpeg?resize=150%2C150&amp;ssl=1 150w, https:\/\/i0.wp.com\/blogdoeloiltoncajuhy.com.br\/site\/wp-content\/uploads\/2021\/04\/SismusbPropostaConvertidaInclusao.jpeg?resize=768%2C768&amp;ssl=1 768w, https:\/\/i0.wp.com\/blogdoeloiltoncajuhy.com.br\/site\/wp-content\/uploads\/2021\/04\/SismusbPropostaConvertidaInclusao.jpeg?w=1280&amp;ssl=1 1280w\" sizes=\"(max-width: 607px) 100vw, 607px\" \/><\/a><\/figure><\/div>\n\n\n\n<p>Ap\u00f3s indica\u00e7\u00e3o do SISMUSB ser convertida em projeto de lei, a entidade sindical protocolou of\u00edcio na C\u00e2mara de Vereadores solicitando que sejam inclu\u00eddos no grupo priorit\u00e1rio para vacina\u00e7\u00e3o contra a Covid-19, al\u00e9m dos garis, guardas civis municipais, agentes de tr\u00e2nsito e servidores da educa\u00e7\u00e3o. A entidade sindical ainda enfatiza que esse \u00e9 o momento dos servidores dessas categorias procurarem seus vereadores e cobrarem deles um posicionamento favor\u00e1vel ao pedido do SISMUSB.<\/p>\n\n\n\n<p>Para o coordenador Geral do sindicato, Raimundo Nonato, <em>&#8220;diante da escassez de vacinas, temos que priorizar os profissionais essenciais e que lidam diariamente com um risco maior de contamina\u00e7\u00e3o pela covid-19, que \u00e9 o caso das categorias que mencionamos. Espero que os servidores se unam a essa pauta e cobrem dos seus respectivos vereadores para que o pleito seja atendido&#8221;<\/em>.<\/p>\n","protected":false},"excerpt":{"rendered":"<p>Ap\u00f3s indica\u00e7\u00e3o do SISMUSB ser convertida em projeto de lei, a entidade sindical protocolou of\u00edcio na C\u00e2mara de Vereadores solicitando que sejam inclu\u00eddos no grupo priorit\u00e1rio para vacina\u00e7\u00e3o contra a Covid-19, al\u00e9m dos garis, guardas civis municipais, agentes de tr\u00e2nsito e servidores da educa\u00e7\u00e3o. A entidade sindical ainda enfatiza que esse \u00e9 o momento dos [&hellip;]<\/p>\n","protected":false},"author":2,"featured_media":55239,"comment_status":"open","ping_status":"open","sticky":false,"template":"","format":"standard","meta":{"_acf_changed":false,"_monsterinsights_skip_tracking":false,"_monsterinsights_sitenote_active":false,"_monsterinsights_sitenote_note":"","_monsterinsights_sitenote_category":0,"_jetpack_memberships_contains_paid_content":false,"footnotes":"","jetpack_publicize_message":"","jetpack_publicize_feature_enabled":true,"jetpack_social_post_already_shared":true,"jetpack_social_options":{"image_generator_settings":{"template":"highway","default_image_id":0,"font":"","enabled":false},"version":2}},"categories":[4],"tags":[],"class_list":["post-55238","post","type-post","status-publish","format-standard","has-post-thumbnail","hentry","category-local"],"acf":[],"jetpack_publicize_connections":[],"jetpack_featured_media_url":"https:\/\/i0.wp.com\/blogdoeloiltoncajuhy.com.br\/site\/wp-content\/uploads\/2021\/04\/SismusbPropostaConvertidaInclusao.jpeg?fit=1280%2C1280&ssl=1","jetpack_sharing_enabled":true,"publishpress_future_workflow_manual_trigger":{"enabledWorkflows":[]},"_links":{"self":[{"href":"https:\/\/blogdoeloiltoncajuhy.com.br\/site\/wp-json\/wp\/v2\/posts\/55238","targetHints":{"allow":["GET"]}}],"collection":[{"href":"https:\/\/blogdoeloiltoncajuhy.com.br\/site\/wp-json\/wp\/v2\/posts"}],"about":[{"href":"https:\/\/blogdoeloiltoncajuhy.com.br\/site\/wp-json\/wp\/v2\/types\/post"}],"author":[{"embeddable":true,"href":"https:\/\/blogdoeloiltoncajuhy.com.br\/site\/wp-json\/wp\/v2\/users\/2"}],"replies":[{"embeddable":true,"href":"https:\/\/blogdoeloiltoncajuhy.com.br\/site\/wp-json\/wp\/v2\/comments?post=55238"}],"version-history":[{"count":2,"href":"https:\/\/blogdoeloiltoncajuhy.com.br\/site\/wp-json\/wp\/v2\/posts\/55238\/revisions"}],"predecessor-version":[{"id":55241,"href":"https:\/\/blogdoeloiltoncajuhy.com.br\/site\/wp-json\/wp\/v2\/posts\/55238\/revisions\/55241"}],"wp:featuredmedia":[{"embeddable":true,"href":"https:\/\/blogdoeloiltoncajuhy.com.br\/site\/wp-json\/wp\/v2\/media\/55239"}],"wp:attachment":[{"href":"https:\/\/blogdoeloiltoncajuhy.com.br\/site\/wp-json\/wp\/v2\/media?parent=55238"}],"wp:term":[{"taxonomy":"category","embeddable":true,"href":"https:\/\/blogdoeloiltoncajuhy.com.br\/site\/wp-json\/wp\/v2\/categories?post=55238"},{"taxonomy":"post_tag","embeddable":true,"href":"https:\/\/blogdoeloiltoncajuhy.com.br\/site\/wp-json\/wp\/v2\/tags?post=55238"}],"curies":[{"name":"wp","href":"https:\/\/api.w.org\/{rel}","templated":true}]}}