{"id":55177,"date":"2021-03-27T09:53:32","date_gmt":"2021-03-27T12:53:32","guid":{"rendered":"http:\/\/blogdoeloiltoncajuhy.com.br\/site\/?p=55177"},"modified":"2021-03-27T09:53:33","modified_gmt":"2021-03-27T12:53:33","slug":"senado-pede-ajuda-da-organizacao-mundial-da-saude-para-mais-vacinas","status":"publish","type":"post","link":"https:\/\/blogdoeloiltoncajuhy.com.br\/site\/senado-pede-ajuda-da-organizacao-mundial-da-saude-para-mais-vacinas\/","title":{"rendered":"Senado pede ajuda da Organiza\u00e7\u00e3o Mundial da Sa\u00fade para mais vacinas"},"content":{"rendered":"\n<div class=\"wp-block-image\"><figure class=\"aligncenter size-large\"><a href=\"https:\/\/i0.wp.com\/blogdoeloiltoncajuhy.com.br\/site\/wp-content\/uploads\/2021\/02\/Corona_Vacina.jpg\"><img data-recalc-dims=\"1\" fetchpriority=\"high\" decoding=\"async\" width=\"800\" height=\"480\" src=\"https:\/\/i0.wp.com\/blogdoeloiltoncajuhy.com.br\/site\/wp-content\/uploads\/2021\/02\/Corona_Vacina.jpg?resize=800%2C480\" alt=\"\" class=\"wp-image-54212\" srcset=\"https:\/\/i0.wp.com\/blogdoeloiltoncajuhy.com.br\/site\/wp-content\/uploads\/2021\/02\/Corona_Vacina.jpg?resize=1024%2C615&amp;ssl=1 1024w, https:\/\/i0.wp.com\/blogdoeloiltoncajuhy.com.br\/site\/wp-content\/uploads\/2021\/02\/Corona_Vacina.jpg?resize=300%2C180&amp;ssl=1 300w, https:\/\/i0.wp.com\/blogdoeloiltoncajuhy.com.br\/site\/wp-content\/uploads\/2021\/02\/Corona_Vacina.jpg?resize=768%2C461&amp;ssl=1 768w, https:\/\/i0.wp.com\/blogdoeloiltoncajuhy.com.br\/site\/wp-content\/uploads\/2021\/02\/Corona_Vacina.jpg?w=1086&amp;ssl=1 1086w\" sizes=\"(max-width: 800px) 100vw, 800px\" \/><\/a><\/figure><\/div>\n\n\n\n<p>Um documento \u00e0 Organiza\u00e7\u00e3o Mundial de Sa\u00fade pedindo mais vacinas para o Brasil foi enviado pela presidente da Comiss\u00e3o de Rela\u00e7\u00f5es Exteriores, senadora K\u00e1tia Abreu, do PP do Tocantins, e o presidente da CRE na C\u00e2mara dos Deputados, A\u00e9cio Neves, do PSDB de Minas Gerais. Na carta, eles afirmam que o Brasil trava uma batalha contra o tempo e \u00e9 preciso ajuda internacional para venc\u00ea-la.<\/p>\n\n\n\n<p>A proposta \u00e9 que haja um ajuste no cronograma do cons\u00f3rcio Covax Facility para que o Brasil receba antecipadamente as vacinas. Outra sugest\u00e3o \u00e9 que o pa\u00eds seja contemplado agora com as doses extras dispon\u00edveis no cons\u00f3rcio e devolva os imunizantes quando a produ\u00e7\u00e3o nacional estiver avan\u00e7ada. Segundo K\u00e1tia Abreu, a classe pol\u00edtica deve se mobilizar para conseguir o adiantamento.<\/p>\n\n\n\n<p><em>&#8220;Com certeza, existe uma predisposi\u00e7\u00e3o em nos ajudar, e \u00e9 preciso que a classe pol\u00edtica, que o Congresso Nacional sinalize, atrav\u00e9s de correspond\u00eancia e tamb\u00e9m atrav\u00e9s de um call, de uma liga\u00e7\u00e3o, de uma reuni\u00e3o remota, a nossa necessidade de adiantar o estoque do cons\u00f3rcio da Covaxin para que n\u00f3s possamos receber mais vacinas rapidamente&#8221;<\/em>.<\/p>\n\n\n\n<p>K\u00e1tia Abreu pediu ao presidente do Senado, Rodrigo Pacheco, que entre em contato com o secret\u00e1rio geral das Na\u00e7\u00f5es Unidas, Ant\u00f4nio Gonz\u00e1lez, para refor\u00e7ar o pedido.<\/p>\n\n\n\n<p><em>&#8220;N\u00f3s temos 42 milh\u00f5es de doses encomendadas, recebemos 1 milh\u00e3o domingo, vamos receber 1,900 milh\u00e3o de doses at\u00e9 o final deste m\u00eas, mas isso pode ser mudado com essa interfer\u00eancia, com esse trabalho diplom\u00e1tico. Eu tenho certeza de que V. Exa., com o seu prest\u00edgio, com a autoridade que o senhor tem hoje no Pa\u00eds, em comunica\u00e7\u00e3o com o Sr. Antonio Gonz\u00e1lez, que conhece bem o Brasil, ter\u00e1 sucesso e ter\u00e1 avan\u00e7o nesse ponto rapidamente&#8221;<\/em>.<\/p>\n\n\n\n<p>O Brasil contribuiu com 148 milh\u00f5es de d\u00f3lares para a Covax facility e optou pela menor taxa de cobertura permitida, de 10% dos brasileiros. O cons\u00f3rcio j\u00e1 distribuiu at\u00e9 o momento 30 milh\u00f5es de doses para todo o mundo.<\/p>\n","protected":false},"excerpt":{"rendered":"<p>Um documento \u00e0 Organiza\u00e7\u00e3o Mundial de Sa\u00fade pedindo mais vacinas para o Brasil foi enviado pela presidente da Comiss\u00e3o de Rela\u00e7\u00f5es Exteriores, senadora K\u00e1tia Abreu, do PP do Tocantins, e o presidente da CRE na C\u00e2mara dos Deputados, A\u00e9cio Neves, do PSDB de Minas Gerais. Na carta, eles afirmam que o Brasil trava uma batalha [&hellip;]<\/p>\n","protected":false},"author":2,"featured_media":54212,"comment_status":"open","ping_status":"open","sticky":false,"template":"","format":"standard","meta":{"_acf_changed":false,"_monsterinsights_skip_tracking":false,"_monsterinsights_sitenote_active":false,"_monsterinsights_sitenote_note":"","_monsterinsights_sitenote_category":0,"_jetpack_memberships_contains_paid_content":false,"footnotes":"","jetpack_publicize_message":"","jetpack_publicize_feature_enabled":true,"jetpack_social_post_already_shared":true,"jetpack_social_options":{"image_generator_settings":{"template":"highway","default_image_id":0,"font":"","enabled":false},"version":2}},"categories":[3],"tags":[],"class_list":["post-55177","post","type-post","status-publish","format-standard","has-post-thumbnail","hentry","category-politica"],"acf":[],"jetpack_publicize_connections":[],"jetpack_featured_media_url":"https:\/\/i0.wp.com\/blogdoeloiltoncajuhy.com.br\/site\/wp-content\/uploads\/2021\/02\/Corona_Vacina.jpg?fit=1086%2C652&ssl=1","jetpack_sharing_enabled":true,"publishpress_future_workflow_manual_trigger":{"enabledWorkflows":[]},"_links":{"self":[{"href":"https:\/\/blogdoeloiltoncajuhy.com.br\/site\/wp-json\/wp\/v2\/posts\/55177","targetHints":{"allow":["GET"]}}],"collection":[{"href":"https:\/\/blogdoeloiltoncajuhy.com.br\/site\/wp-json\/wp\/v2\/posts"}],"about":[{"href":"https:\/\/blogdoeloiltoncajuhy.com.br\/site\/wp-json\/wp\/v2\/types\/post"}],"author":[{"embeddable":true,"href":"https:\/\/blogdoeloiltoncajuhy.com.br\/site\/wp-json\/wp\/v2\/users\/2"}],"replies":[{"embeddable":true,"href":"https:\/\/blogdoeloiltoncajuhy.com.br\/site\/wp-json\/wp\/v2\/comments?post=55177"}],"version-history":[{"count":2,"href":"https:\/\/blogdoeloiltoncajuhy.com.br\/site\/wp-json\/wp\/v2\/posts\/55177\/revisions"}],"predecessor-version":[{"id":55179,"href":"https:\/\/blogdoeloiltoncajuhy.com.br\/site\/wp-json\/wp\/v2\/posts\/55177\/revisions\/55179"}],"wp:featuredmedia":[{"embeddable":true,"href":"https:\/\/blogdoeloiltoncajuhy.com.br\/site\/wp-json\/wp\/v2\/media\/54212"}],"wp:attachment":[{"href":"https:\/\/blogdoeloiltoncajuhy.com.br\/site\/wp-json\/wp\/v2\/media?parent=55177"}],"wp:term":[{"taxonomy":"category","embeddable":true,"href":"https:\/\/blogdoeloiltoncajuhy.com.br\/site\/wp-json\/wp\/v2\/categories?post=55177"},{"taxonomy":"post_tag","embeddable":true,"href":"https:\/\/blogdoeloiltoncajuhy.com.br\/site\/wp-json\/wp\/v2\/tags?post=55177"}],"curies":[{"name":"wp","href":"https:\/\/api.w.org\/{rel}","templated":true}]}}