{"id":55160,"date":"2021-03-26T09:45:23","date_gmt":"2021-03-26T12:45:23","guid":{"rendered":"http:\/\/blogdoeloiltoncajuhy.com.br\/site\/?p=55160"},"modified":"2021-03-26T09:45:24","modified_gmt":"2021-03-26T12:45:24","slug":"stf-valida-lei-da-bahia-que-proibe-publicidade-infantil-de-alimentos-que-nao-sao-saudaveis","status":"publish","type":"post","link":"https:\/\/blogdoeloiltoncajuhy.com.br\/site\/stf-valida-lei-da-bahia-que-proibe-publicidade-infantil-de-alimentos-que-nao-sao-saudaveis\/","title":{"rendered":"STF valida lei da Bahia que pro\u00edbe publicidade infantil de alimentos que n\u00e3o s\u00e3o saud\u00e1veis"},"content":{"rendered":"\n<div class=\"wp-block-image\"><figure class=\"aligncenter size-full is-resized\"><a href=\"https:\/\/i0.wp.com\/blogdoeloiltoncajuhy.com.br\/site\/wp-content\/uploads\/2021\/03\/ProdutosNaoSaudaveis.jpg\"><img data-recalc-dims=\"1\" fetchpriority=\"high\" decoding=\"async\" src=\"https:\/\/i0.wp.com\/blogdoeloiltoncajuhy.com.br\/site\/wp-content\/uploads\/2021\/03\/ProdutosNaoSaudaveis.jpg?resize=548%2C404\" alt=\"\" class=\"wp-image-55161\" width=\"548\" height=\"404\" srcset=\"https:\/\/i0.wp.com\/blogdoeloiltoncajuhy.com.br\/site\/wp-content\/uploads\/2021\/03\/ProdutosNaoSaudaveis.jpg?w=380&amp;ssl=1 380w, https:\/\/i0.wp.com\/blogdoeloiltoncajuhy.com.br\/site\/wp-content\/uploads\/2021\/03\/ProdutosNaoSaudaveis.jpg?resize=300%2C221&amp;ssl=1 300w\" sizes=\"(max-width: 548px) 100vw, 548px\" \/><\/a><figcaption><em>Foto: Emerson Leal\/STJ<\/em><\/figcaption><\/figure><\/div>\n\n\n\n<p>O Supremo Tribunal Federal (STF) decidiu nesta quinta-feira (25) que \u00e9 constitucional a lei em vig\u00eancia na Bahia que pro\u00edbe a publicidade voltada ao p\u00fablico infantil de alimentos que n\u00e3o s\u00e3o saud\u00e1veis.<\/p>\n\n\n\n<p>A norma em an\u00e1lise veta propagandas direcionadas a crian\u00e7as de &#8220;alimentos e bebidas pobres em nutrientes e com alto teor de a\u00e7\u00facar, gorduras saturadas ou s\u00f3dio&#8221;.<\/p>\n\n\n\n<p>Os ministros Edson Fachin, Alexandre de Moraes, Kassio Nunes Marques, C\u00e1rmen L\u00facia, Gilmar Mendes, Dias Toffoli, Marco Aur\u00e9lio e Luiz Fux afirmaram que a legisla\u00e7\u00e3o n\u00e3o viola a Constitui\u00e7\u00e3o. Os ministros Lu\u00eds Roberto Barroso e Rosa Weber n\u00e3o participaram do julgamento.<\/p>\n\n\n\n<p>A a\u00e7\u00e3o, rejeitada pelos magistrados, havia sido apresentada pela Associa\u00e7\u00e3o Brasileira de Emissoras de R\u00e1dio e Televis\u00e3o (Abert).<\/p>\n\n\n\n<p>A norma veta os comerciais sobre o tema entre 6h e 21h no r\u00e1dio e na TV e em qualquer hor\u00e1rio em publicidade veiculada em escolas p\u00fablicas e privadas.<\/p>\n\n\n\n<p>O plen\u00e1rio do Supremo discutiu apenas a lei baiana, mas o resultado do julgamento serve de jurisprud\u00eancia para legisla\u00e7\u00f5es de outros estados que tratem do tema.<\/p>\n\n\n\n<p>Relator do processo, Fachin baseou seu voto em uma resolu\u00e7\u00e3o da OMS (Organiza\u00e7\u00e3o Mundial de Sa\u00fade) que sugere aos pa\u00edses que adotem uma s\u00e9rie de medidas em rela\u00e7\u00e3o \u00e0 regula\u00e7\u00e3o da publicidade de alimentos ricos em gorduras e a\u00e7\u00facares. <em>&#8220;Essa recomenda\u00e7\u00e3o da OMS foi encampada em uma s\u00e9rie de f\u00f3runs internacionais de que o Brasil faz parte&#8221;<\/em>, disse.<\/p>\n\n\n\n<p>O presidente do Supremo, Luiz Fux, afirmou que a lei deve ser mantida porque a Constitui\u00e7\u00e3o prev\u00ea como responsabilidade do Estado &#8220;assegurar \u00e0 crian\u00e7a, ao adolescente e ao jovem, com absoluta prioridade, o direito \u00e0 vida, \u00e0 sa\u00fade e \u00e0 alimenta\u00e7\u00e3o&#8221;.<\/p>\n\n\n\n<p>Inicialmente, Kassio havia afirmado que a a\u00e7\u00e3o deveria ser acolhida pelo Supremo porque \u00e9 compet\u00eancia exclusiva da Uni\u00e3o legislar sobre publicidade comercial. Ao final, no entanto, o ministro ajustou seu voto e alinhou-se \u00e0 maioria contr\u00e1ria \u00e0 a\u00e7\u00e3o.<\/p>\n","protected":false},"excerpt":{"rendered":"<p>O Supremo Tribunal Federal (STF) decidiu nesta quinta-feira (25) que \u00e9 constitucional a lei em vig\u00eancia na Bahia que pro\u00edbe a publicidade voltada ao p\u00fablico infantil de alimentos que n\u00e3o s\u00e3o saud\u00e1veis. A norma em an\u00e1lise veta propagandas direcionadas a crian\u00e7as de &#8220;alimentos e bebidas pobres em nutrientes e com alto teor de a\u00e7\u00facar, gorduras [&hellip;]<\/p>\n","protected":false},"author":2,"featured_media":55161,"comment_status":"open","ping_status":"open","sticky":false,"template":"","format":"standard","meta":{"_acf_changed":false,"_monsterinsights_skip_tracking":false,"_monsterinsights_sitenote_active":false,"_monsterinsights_sitenote_note":"","_monsterinsights_sitenote_category":0,"_jetpack_memberships_contains_paid_content":false,"footnotes":"","jetpack_publicize_message":"","jetpack_publicize_feature_enabled":true,"jetpack_social_post_already_shared":true,"jetpack_social_options":{"image_generator_settings":{"template":"highway","default_image_id":0,"font":"","enabled":false},"version":2}},"categories":[1],"tags":[],"class_list":["post-55160","post","type-post","status-publish","format-standard","has-post-thumbnail","hentry","category-noticias"],"acf":[],"jetpack_publicize_connections":[],"jetpack_featured_media_url":"https:\/\/i0.wp.com\/blogdoeloiltoncajuhy.com.br\/site\/wp-content\/uploads\/2021\/03\/ProdutosNaoSaudaveis.jpg?fit=380%2C280&ssl=1","jetpack_sharing_enabled":true,"publishpress_future_workflow_manual_trigger":{"enabledWorkflows":[]},"_links":{"self":[{"href":"https:\/\/blogdoeloiltoncajuhy.com.br\/site\/wp-json\/wp\/v2\/posts\/55160","targetHints":{"allow":["GET"]}}],"collection":[{"href":"https:\/\/blogdoeloiltoncajuhy.com.br\/site\/wp-json\/wp\/v2\/posts"}],"about":[{"href":"https:\/\/blogdoeloiltoncajuhy.com.br\/site\/wp-json\/wp\/v2\/types\/post"}],"author":[{"embeddable":true,"href":"https:\/\/blogdoeloiltoncajuhy.com.br\/site\/wp-json\/wp\/v2\/users\/2"}],"replies":[{"embeddable":true,"href":"https:\/\/blogdoeloiltoncajuhy.com.br\/site\/wp-json\/wp\/v2\/comments?post=55160"}],"version-history":[{"count":2,"href":"https:\/\/blogdoeloiltoncajuhy.com.br\/site\/wp-json\/wp\/v2\/posts\/55160\/revisions"}],"predecessor-version":[{"id":55163,"href":"https:\/\/blogdoeloiltoncajuhy.com.br\/site\/wp-json\/wp\/v2\/posts\/55160\/revisions\/55163"}],"wp:featuredmedia":[{"embeddable":true,"href":"https:\/\/blogdoeloiltoncajuhy.com.br\/site\/wp-json\/wp\/v2\/media\/55161"}],"wp:attachment":[{"href":"https:\/\/blogdoeloiltoncajuhy.com.br\/site\/wp-json\/wp\/v2\/media?parent=55160"}],"wp:term":[{"taxonomy":"category","embeddable":true,"href":"https:\/\/blogdoeloiltoncajuhy.com.br\/site\/wp-json\/wp\/v2\/categories?post=55160"},{"taxonomy":"post_tag","embeddable":true,"href":"https:\/\/blogdoeloiltoncajuhy.com.br\/site\/wp-json\/wp\/v2\/tags?post=55160"}],"curies":[{"name":"wp","href":"https:\/\/api.w.org\/{rel}","templated":true}]}}