{"id":55151,"date":"2021-03-26T08:25:38","date_gmt":"2021-03-26T11:25:38","guid":{"rendered":"http:\/\/blogdoeloiltoncajuhy.com.br\/site\/?p=55151"},"modified":"2021-03-26T08:25:39","modified_gmt":"2021-03-26T11:25:39","slug":"sec-e-sesab-iniciam-curso-virtual-para-promocao-da-saude-junto-a-comunidade-escolar","status":"publish","type":"post","link":"https:\/\/blogdoeloiltoncajuhy.com.br\/site\/sec-e-sesab-iniciam-curso-virtual-para-promocao-da-saude-junto-a-comunidade-escolar\/","title":{"rendered":"SEC e Sesab iniciam curso virtual para promo\u00e7\u00e3o da Sa\u00fade junto \u00e0 comunidade escolar"},"content":{"rendered":"\n<div class=\"wp-block-image\"><figure class=\"aligncenter size-large\"><a href=\"https:\/\/i0.wp.com\/blogdoeloiltoncajuhy.com.br\/site\/wp-content\/uploads\/2021\/03\/Escola-segura-1068x709-1.jpeg\"><img data-recalc-dims=\"1\" fetchpriority=\"high\" decoding=\"async\" width=\"800\" height=\"531\" src=\"https:\/\/i0.wp.com\/blogdoeloiltoncajuhy.com.br\/site\/wp-content\/uploads\/2021\/03\/Escola-segura-1068x709-1.jpeg?resize=800%2C531\" alt=\"\" class=\"wp-image-55152\" srcset=\"https:\/\/i0.wp.com\/blogdoeloiltoncajuhy.com.br\/site\/wp-content\/uploads\/2021\/03\/Escola-segura-1068x709-1.jpeg?resize=1024%2C680&amp;ssl=1 1024w, https:\/\/i0.wp.com\/blogdoeloiltoncajuhy.com.br\/site\/wp-content\/uploads\/2021\/03\/Escola-segura-1068x709-1.jpeg?resize=300%2C199&amp;ssl=1 300w, https:\/\/i0.wp.com\/blogdoeloiltoncajuhy.com.br\/site\/wp-content\/uploads\/2021\/03\/Escola-segura-1068x709-1.jpeg?resize=768%2C510&amp;ssl=1 768w, https:\/\/i0.wp.com\/blogdoeloiltoncajuhy.com.br\/site\/wp-content\/uploads\/2021\/03\/Escola-segura-1068x709-1.jpeg?w=1068&amp;ssl=1 1068w\" sizes=\"(max-width: 800px) 100vw, 800px\" \/><\/a><figcaption><em>Foto: SEC<\/em><\/figcaption><\/figure><\/div>\n\n\n\n<p>A Secretaria da Educa\u00e7\u00e3o do Estado da Bahia (SEC) inicia, a partir desta sexta-feira (26), \u00e0s 16h, por meio do canal do YouTube do Instituto An\u00edsio Teixeira (IAT), o primeiro m\u00f3dulo do curso do projeto <strong>\u201cEscola segura em tempos de pandemia da Covid-19\u201d<\/strong>. Trata-se de um projeto do governo, em articula\u00e7\u00e3o entre a SEC e a Secret\u00e1ria da Sa\u00fade do Estado (Sesab), dentro de um processo de integra\u00e7\u00e3o com a Escola de Sa\u00fade P\u00fablica da Bahia (ESPBA) e outras institui\u00e7\u00f5es, com o foco no desenvolvimento de ambientes escolares seguros.<\/p>\n\n\n\n<p>O curso \u00e9 voltado para todos da rede, com programa\u00e7\u00e3o inicialmente para gestores, professores e demais servidores da rede, at\u00e9 chegar aos estudantes e familiares, al\u00e9m de toda a comunidade escolar. O objetivo \u00e9 que todos sejam promotores de sa\u00fade.<\/p>\n\n\n\n<p>A superintendente de Recursos Humanos da Educa\u00e7\u00e3o, Maria do Ros\u00e1rio Muricy, falou da import\u00e2ncia do projeto. <em>\u201c\u00c9 um projeto que objetiva o desenvolvimento de ambientes escolares seguros, a partir de uma estrat\u00e9gia de cursos, oficinas e encontros virtuais, capacitando dirigentes, professores, coordenadores pedag\u00f3gicos e servidores das unidades escolares. Al\u00e9m disso, visa fortalecer a capacidade de a\u00e7\u00e3o e promo\u00e7\u00e3o da sa\u00fade, com orienta\u00e7\u00f5es e medidas de preven\u00e7\u00e3o da Covid-19 e aplica\u00e7\u00e3o dos protocolos com vistas \u00e0 retomada das atividades letivas de forma segura no Estado da Bahia\u201d<\/em>, destacou.<\/p>\n\n\n\n<p>A iniciativa envolve a participa\u00e7\u00e3o dos profissionais dos N\u00facleos Territoriais de Educa\u00e7\u00e3o (NTEs) e N\u00facleos Regionais de Sa\u00fade (NRS), al\u00e9m dos programas de Sa\u00fade da SEC, como o Programa de Aten\u00e7\u00e3o \u00e0 Sa\u00fade e Valoriza\u00e7\u00e3o do Professor e o Programa Sa\u00fade na Escola. O projeto faz parte do Plano Estrat\u00e9gico de Retomada Gradativa e Seguro das Atividades Escolares da SEC, em conson\u00e2ncia com as Pol\u00edticas Nacionais de Promo\u00e7\u00e3o da Sa\u00fade.<\/p>\n\n\n\n<p>A programa\u00e7\u00e3o do curso est\u00e1 dividida em tr\u00eas m\u00f3dulos: m\u00f3dulo I \u2013 <strong><em>\u201cCovid-19: transmissibilidade, medidas de preven\u00e7\u00e3o e prote\u00e7\u00e3o coletiva e individual\u201d<\/em><\/strong>; que acontecer\u00e1 nesta sexta (26); m\u00f3dulo II \u2013 <strong><em>\u201cMedidas de preven\u00e7\u00e3o e promo\u00e7\u00e3o da sa\u00fade em ambiente escolar\u201d<\/em><\/strong>, no dia 29; e o m\u00f3dulo III \u2013 <strong><em>\u201cDialogar e construir caminhos sobre a aplicabilidade das medidas dos protocolos nas escolas e comunidades\u201d<\/em><\/strong>, no dia 31. Todos os m\u00f3dulos ser\u00e3o realizados a partir das 16h, no YouTube.<\/p>\n","protected":false},"excerpt":{"rendered":"<p>A Secretaria da Educa\u00e7\u00e3o do Estado da Bahia (SEC) inicia, a partir desta sexta-feira (26), \u00e0s 16h, por meio do canal do YouTube do Instituto An\u00edsio Teixeira (IAT), o primeiro m\u00f3dulo do curso do projeto \u201cEscola segura em tempos de pandemia da Covid-19\u201d. Trata-se de um projeto do governo, em articula\u00e7\u00e3o entre a SEC e [&hellip;]<\/p>\n","protected":false},"author":2,"featured_media":55152,"comment_status":"open","ping_status":"open","sticky":false,"template":"","format":"standard","meta":{"_acf_changed":false,"_monsterinsights_skip_tracking":false,"_monsterinsights_sitenote_active":false,"_monsterinsights_sitenote_note":"","_monsterinsights_sitenote_category":0,"_jetpack_memberships_contains_paid_content":false,"footnotes":"","jetpack_publicize_message":"","jetpack_publicize_feature_enabled":true,"jetpack_social_post_already_shared":true,"jetpack_social_options":{"image_generator_settings":{"template":"highway","default_image_id":0,"font":"","enabled":false},"version":2}},"categories":[14],"tags":[],"class_list":["post-55151","post","type-post","status-publish","format-standard","has-post-thumbnail","hentry","category-educacao"],"acf":[],"jetpack_publicize_connections":[],"jetpack_featured_media_url":"https:\/\/i0.wp.com\/blogdoeloiltoncajuhy.com.br\/site\/wp-content\/uploads\/2021\/03\/Escola-segura-1068x709-1.jpeg?fit=1068%2C709&ssl=1","jetpack_sharing_enabled":true,"publishpress_future_workflow_manual_trigger":{"enabledWorkflows":[]},"_links":{"self":[{"href":"https:\/\/blogdoeloiltoncajuhy.com.br\/site\/wp-json\/wp\/v2\/posts\/55151","targetHints":{"allow":["GET"]}}],"collection":[{"href":"https:\/\/blogdoeloiltoncajuhy.com.br\/site\/wp-json\/wp\/v2\/posts"}],"about":[{"href":"https:\/\/blogdoeloiltoncajuhy.com.br\/site\/wp-json\/wp\/v2\/types\/post"}],"author":[{"embeddable":true,"href":"https:\/\/blogdoeloiltoncajuhy.com.br\/site\/wp-json\/wp\/v2\/users\/2"}],"replies":[{"embeddable":true,"href":"https:\/\/blogdoeloiltoncajuhy.com.br\/site\/wp-json\/wp\/v2\/comments?post=55151"}],"version-history":[{"count":2,"href":"https:\/\/blogdoeloiltoncajuhy.com.br\/site\/wp-json\/wp\/v2\/posts\/55151\/revisions"}],"predecessor-version":[{"id":55154,"href":"https:\/\/blogdoeloiltoncajuhy.com.br\/site\/wp-json\/wp\/v2\/posts\/55151\/revisions\/55154"}],"wp:featuredmedia":[{"embeddable":true,"href":"https:\/\/blogdoeloiltoncajuhy.com.br\/site\/wp-json\/wp\/v2\/media\/55152"}],"wp:attachment":[{"href":"https:\/\/blogdoeloiltoncajuhy.com.br\/site\/wp-json\/wp\/v2\/media?parent=55151"}],"wp:term":[{"taxonomy":"category","embeddable":true,"href":"https:\/\/blogdoeloiltoncajuhy.com.br\/site\/wp-json\/wp\/v2\/categories?post=55151"},{"taxonomy":"post_tag","embeddable":true,"href":"https:\/\/blogdoeloiltoncajuhy.com.br\/site\/wp-json\/wp\/v2\/tags?post=55151"}],"curies":[{"name":"wp","href":"https:\/\/api.w.org\/{rel}","templated":true}]}}