{"id":54990,"date":"2021-03-21T10:16:42","date_gmt":"2021-03-21T13:16:42","guid":{"rendered":"http:\/\/blogdoeloiltoncajuhy.com.br\/site\/?p=54990"},"modified":"2021-03-21T10:16:43","modified_gmt":"2021-03-21T13:16:43","slug":"21-de-marco-dia-internacional-da-sindrome-de-down","status":"publish","type":"post","link":"https:\/\/blogdoeloiltoncajuhy.com.br\/site\/21-de-marco-dia-internacional-da-sindrome-de-down\/","title":{"rendered":"21 de mar\u00e7o: Dia Internacional da S\u00edndrome de Down"},"content":{"rendered":"\n<div class=\"wp-block-image\"><figure class=\"aligncenter size-large\"><a href=\"https:\/\/i0.wp.com\/blogdoeloiltoncajuhy.com.br\/site\/wp-content\/uploads\/2021\/03\/Sindrome-de-Down_01.jpg\"><img data-recalc-dims=\"1\" fetchpriority=\"high\" decoding=\"async\" width=\"800\" height=\"534\" src=\"https:\/\/i0.wp.com\/blogdoeloiltoncajuhy.com.br\/site\/wp-content\/uploads\/2021\/03\/Sindrome-de-Down_01.jpg?resize=800%2C534\" alt=\"\" class=\"wp-image-54991\" srcset=\"https:\/\/i0.wp.com\/blogdoeloiltoncajuhy.com.br\/site\/wp-content\/uploads\/2021\/03\/Sindrome-de-Down_01.jpg?w=980&amp;ssl=1 980w, https:\/\/i0.wp.com\/blogdoeloiltoncajuhy.com.br\/site\/wp-content\/uploads\/2021\/03\/Sindrome-de-Down_01.jpg?resize=300%2C200&amp;ssl=1 300w, https:\/\/i0.wp.com\/blogdoeloiltoncajuhy.com.br\/site\/wp-content\/uploads\/2021\/03\/Sindrome-de-Down_01.jpg?resize=768%2C513&amp;ssl=1 768w\" sizes=\"(max-width: 800px) 100vw, 800px\" \/><\/a><\/figure><\/div>\n\n\n\n<p>A data tem o objetivo de conscientizar as pessoas sobre a import\u00e2ncia da luta pelos direitos igualit\u00e1rios, o seu bem-estar e a inclus\u00e3o das pessoas com Down na sociedade.<\/p>\n\n\n\n<p>A S\u00edndrome de Down n\u00e3o \u00e9 uma doen\u00e7a, mas sim uma muta\u00e7\u00e3o do material gen\u00e9tico humano, presente em todas as ra\u00e7as.<\/p>\n\n\n\n<p>Os motivos para a ocorr\u00eancia da S\u00edndrome de Down ainda s\u00e3o desconhecidos, mas o que se sabe \u00e9 que come\u00e7a na gesta\u00e7\u00e3o, quando as c\u00e9lulas do embri\u00e3o s\u00e3o formadas com 47 cromossomos, sendo que o normal seriam 46 cromossomos.<\/p>\n\n\n\n<p class=\"has-black-color has-text-color has-medium-font-size\"><strong>Origem do Dia Internacional da S\u00edndrome de Down<\/strong><\/p>\n\n\n\n<div class=\"wp-block-image\"><figure class=\"aligncenter size-large\"><a href=\"https:\/\/i0.wp.com\/blogdoeloiltoncajuhy.com.br\/site\/wp-content\/uploads\/2021\/03\/Sindrome-de-Down_02.jpg\"><img data-recalc-dims=\"1\" decoding=\"async\" width=\"800\" height=\"444\" src=\"https:\/\/i0.wp.com\/blogdoeloiltoncajuhy.com.br\/site\/wp-content\/uploads\/2021\/03\/Sindrome-de-Down_02.jpg?resize=800%2C444\" alt=\"\" class=\"wp-image-54992\" srcset=\"https:\/\/i0.wp.com\/blogdoeloiltoncajuhy.com.br\/site\/wp-content\/uploads\/2021\/03\/Sindrome-de-Down_02.jpg?w=805&amp;ssl=1 805w, https:\/\/i0.wp.com\/blogdoeloiltoncajuhy.com.br\/site\/wp-content\/uploads\/2021\/03\/Sindrome-de-Down_02.jpg?resize=300%2C167&amp;ssl=1 300w, https:\/\/i0.wp.com\/blogdoeloiltoncajuhy.com.br\/site\/wp-content\/uploads\/2021\/03\/Sindrome-de-Down_02.jpg?resize=768%2C426&amp;ssl=1 768w\" sizes=\"(max-width: 800px) 100vw, 800px\" \/><\/a><\/figure><\/div>\n\n\n\n<p>O Dia Internacional da S\u00edndrome de Down \u00e9 celebrado em 21 de mar\u00e7o, fazendo alus\u00e3o aos 3 cromossomos no par n\u00famero 21, caracter\u00edstico das pessoas com S\u00edndrome de Down.<\/p>\n\n\n\n<p>A data foi escolhida pela Down Syndrome International, atrav\u00e9s da ideia do geneticista Stylianos E. Antonarakis, da Universidade de Genebra.<\/p>\n\n\n\n<p>A data est\u00e1 no calend\u00e1rio oficial da Organiza\u00e7\u00e3o das Na\u00e7\u00f5es Unidas, sendo comemorado pelos 193 pa\u00edses-membros da ONU.<\/p>\n","protected":false},"excerpt":{"rendered":"<p>A data tem o objetivo de conscientizar as pessoas sobre a import\u00e2ncia da luta pelos direitos igualit\u00e1rios, o seu bem-estar e a inclus\u00e3o das pessoas com Down na sociedade. A S\u00edndrome de Down n\u00e3o \u00e9 uma doen\u00e7a, mas sim uma muta\u00e7\u00e3o do material gen\u00e9tico humano, presente em todas as ra\u00e7as. Os motivos para a ocorr\u00eancia [&hellip;]<\/p>\n","protected":false},"author":2,"featured_media":54992,"comment_status":"open","ping_status":"open","sticky":false,"template":"","format":"standard","meta":{"_acf_changed":false,"_monsterinsights_skip_tracking":false,"_monsterinsights_sitenote_active":false,"_monsterinsights_sitenote_note":"","_monsterinsights_sitenote_category":0,"_jetpack_memberships_contains_paid_content":false,"footnotes":"","jetpack_publicize_message":"","jetpack_publicize_feature_enabled":true,"jetpack_social_post_already_shared":true,"jetpack_social_options":{"image_generator_settings":{"template":"highway","default_image_id":0,"font":"","enabled":false},"version":2}},"categories":[1],"tags":[],"class_list":["post-54990","post","type-post","status-publish","format-standard","has-post-thumbnail","hentry","category-noticias"],"acf":[],"jetpack_publicize_connections":[],"jetpack_featured_media_url":"https:\/\/i0.wp.com\/blogdoeloiltoncajuhy.com.br\/site\/wp-content\/uploads\/2021\/03\/Sindrome-de-Down_02.jpg?fit=805%2C447&ssl=1","jetpack_sharing_enabled":true,"publishpress_future_workflow_manual_trigger":{"enabledWorkflows":[]},"_links":{"self":[{"href":"https:\/\/blogdoeloiltoncajuhy.com.br\/site\/wp-json\/wp\/v2\/posts\/54990","targetHints":{"allow":["GET"]}}],"collection":[{"href":"https:\/\/blogdoeloiltoncajuhy.com.br\/site\/wp-json\/wp\/v2\/posts"}],"about":[{"href":"https:\/\/blogdoeloiltoncajuhy.com.br\/site\/wp-json\/wp\/v2\/types\/post"}],"author":[{"embeddable":true,"href":"https:\/\/blogdoeloiltoncajuhy.com.br\/site\/wp-json\/wp\/v2\/users\/2"}],"replies":[{"embeddable":true,"href":"https:\/\/blogdoeloiltoncajuhy.com.br\/site\/wp-json\/wp\/v2\/comments?post=54990"}],"version-history":[{"count":2,"href":"https:\/\/blogdoeloiltoncajuhy.com.br\/site\/wp-json\/wp\/v2\/posts\/54990\/revisions"}],"predecessor-version":[{"id":54994,"href":"https:\/\/blogdoeloiltoncajuhy.com.br\/site\/wp-json\/wp\/v2\/posts\/54990\/revisions\/54994"}],"wp:featuredmedia":[{"embeddable":true,"href":"https:\/\/blogdoeloiltoncajuhy.com.br\/site\/wp-json\/wp\/v2\/media\/54992"}],"wp:attachment":[{"href":"https:\/\/blogdoeloiltoncajuhy.com.br\/site\/wp-json\/wp\/v2\/media?parent=54990"}],"wp:term":[{"taxonomy":"category","embeddable":true,"href":"https:\/\/blogdoeloiltoncajuhy.com.br\/site\/wp-json\/wp\/v2\/categories?post=54990"},{"taxonomy":"post_tag","embeddable":true,"href":"https:\/\/blogdoeloiltoncajuhy.com.br\/site\/wp-json\/wp\/v2\/tags?post=54990"}],"curies":[{"name":"wp","href":"https:\/\/api.w.org\/{rel}","templated":true}]}}