{"id":54982,"date":"2021-03-20T21:28:58","date_gmt":"2021-03-21T00:28:58","guid":{"rendered":"http:\/\/blogdoeloiltoncajuhy.com.br\/site\/?p=54982"},"modified":"2021-03-20T21:29:42","modified_gmt":"2021-03-21T00:29:42","slug":"cantor-agnaldo-timoteo-segue-internado-em-uti-de-covid-19-em-estado-grave-no-rio","status":"publish","type":"post","link":"https:\/\/blogdoeloiltoncajuhy.com.br\/site\/cantor-agnaldo-timoteo-segue-internado-em-uti-de-covid-19-em-estado-grave-no-rio\/","title":{"rendered":"Cantor Agnaldo Tim\u00f3teo segue internado em UTI de Covid-19 em estado grave no Rio"},"content":{"rendered":"\n<h5 class=\"has-text-align-center wp-block-heading\"><em>Artista tem quadro cl\u00ednico considerado regular, segundo a assessoria de imprensa, e n\u00e3o precisou ser entubado<\/em><\/h5>\n\n\n\n<div class=\"wp-block-image\"><figure class=\"aligncenter size-large is-resized\"><a href=\"https:\/\/i0.wp.com\/blogdoeloiltoncajuhy.com.br\/site\/wp-content\/uploads\/2021\/03\/agnaldotimoteoreverencias.jpg\"><img data-recalc-dims=\"1\" fetchpriority=\"high\" decoding=\"async\" src=\"https:\/\/i0.wp.com\/blogdoeloiltoncajuhy.com.br\/site\/wp-content\/uploads\/2021\/03\/agnaldotimoteoreverencias.jpg?resize=738%2C738\" alt=\"\" class=\"wp-image-54983\" width=\"738\" height=\"738\" srcset=\"https:\/\/i0.wp.com\/blogdoeloiltoncajuhy.com.br\/site\/wp-content\/uploads\/2021\/03\/agnaldotimoteoreverencias.jpg?w=984&amp;ssl=1 984w, https:\/\/i0.wp.com\/blogdoeloiltoncajuhy.com.br\/site\/wp-content\/uploads\/2021\/03\/agnaldotimoteoreverencias.jpg?resize=300%2C300&amp;ssl=1 300w, https:\/\/i0.wp.com\/blogdoeloiltoncajuhy.com.br\/site\/wp-content\/uploads\/2021\/03\/agnaldotimoteoreverencias.jpg?resize=150%2C150&amp;ssl=1 150w, https:\/\/i0.wp.com\/blogdoeloiltoncajuhy.com.br\/site\/wp-content\/uploads\/2021\/03\/agnaldotimoteoreverencias.jpg?resize=768%2C768&amp;ssl=1 768w\" sizes=\"(max-width: 738px) 100vw, 738px\" \/><\/a><figcaption><em>Capa do \u00e1lbum &#8216;Rever\u00eancias&#8217;, de Agnaldo Tim\u00f3teo \u2014 Foto: Divulga\u00e7\u00e3o<\/em><\/figcaption><\/figure><\/div>\n\n\n\n<p>O cantor Agnaldo Tim\u00f3teo segue internado com Covid-19 com estado grave em uma UTI, desde a quarta-feira (17).<\/p>\n\n\n\n<p>Segundo a assessoria de imprensa, Tim\u00f3teo vem respondendo positivamente ao trabalho e seu quadro cl\u00ednico \u00e9 considerado como regular. Ele n\u00e3o precisou ser entubado.<\/p>\n\n\n\n<p>O cantor est\u00e1 no Hospital Casa S\u00e3o Bernardo, na Zona Oeste do Rio. Na \u00faltima sexta, o sobrinho do artista, Timotinho Silva disse que ele est\u00e1 melhorando aos poucos.<\/p>\n\n\n\n<p><em>&#8220;Ele t\u00e1 bem, tomou o caf\u00e9 da manh\u00e3 pela manh\u00e3, almo\u00e7ou agora h\u00e1 pouco bem tranquilamente. Ele ta melhorando. Est\u00e1 em um quadro de melhora. \u00c9 claro que tem algumas complica\u00e7\u00f5es pela idade e pelo AVC que ele teve um tempo atr\u00e1s, mas ta tudo sob controle&#8221;<\/em>, disse Timotinho.<\/p>\n\n\n\n<p>Os m\u00e9dicos acreditam que ele tenha se contaminado entre a primeira e a segunda dose da vacina contra a Covid-19. O artista havia tomado a dose de refor\u00e7o do imunizante nesta segunda-feira (15).<\/p>\n\n\n\n<p>Ainda de acordo com o hospital, na noite da \u00faltima ter\u00e7a-feira (16) o cantor reclamou de falta de ar. Na quarta (17), ele foi internado.<\/p>\n\n\n\n<p>No hospital, o cantor fez um exame de tomografia que apontou <em>&#8220;acometimento de m\u00e9dio a grave&#8221;<\/em> dos pulm\u00f5es. Tim\u00f3teo recebeu medica\u00e7\u00e3o e foi colocado em isolamento.<\/p>\n","protected":false},"excerpt":{"rendered":"<p>Artista tem quadro cl\u00ednico considerado regular, segundo a assessoria de imprensa, e n\u00e3o precisou ser entubado O cantor Agnaldo Tim\u00f3teo segue internado com Covid-19 com estado grave em uma UTI, desde a quarta-feira (17). Segundo a assessoria de imprensa, Tim\u00f3teo vem respondendo positivamente ao trabalho e seu quadro cl\u00ednico \u00e9 considerado como regular. Ele n\u00e3o [&hellip;]<\/p>\n","protected":false},"author":2,"featured_media":54983,"comment_status":"open","ping_status":"open","sticky":false,"template":"","format":"standard","meta":{"_acf_changed":false,"_monsterinsights_skip_tracking":false,"_monsterinsights_sitenote_active":false,"_monsterinsights_sitenote_note":"","_monsterinsights_sitenote_category":0,"_jetpack_memberships_contains_paid_content":false,"footnotes":"","jetpack_publicize_message":"","jetpack_publicize_feature_enabled":true,"jetpack_social_post_already_shared":true,"jetpack_social_options":{"image_generator_settings":{"template":"highway","default_image_id":0,"font":"","enabled":false},"version":2}},"categories":[8],"tags":[],"class_list":["post-54982","post","type-post","status-publish","format-standard","has-post-thumbnail","hentry","category-cultura"],"acf":[],"jetpack_publicize_connections":[],"jetpack_featured_media_url":"https:\/\/i0.wp.com\/blogdoeloiltoncajuhy.com.br\/site\/wp-content\/uploads\/2021\/03\/agnaldotimoteoreverencias.jpg?fit=984%2C984&ssl=1","jetpack_sharing_enabled":true,"publishpress_future_workflow_manual_trigger":{"enabledWorkflows":[]},"_links":{"self":[{"href":"https:\/\/blogdoeloiltoncajuhy.com.br\/site\/wp-json\/wp\/v2\/posts\/54982","targetHints":{"allow":["GET"]}}],"collection":[{"href":"https:\/\/blogdoeloiltoncajuhy.com.br\/site\/wp-json\/wp\/v2\/posts"}],"about":[{"href":"https:\/\/blogdoeloiltoncajuhy.com.br\/site\/wp-json\/wp\/v2\/types\/post"}],"author":[{"embeddable":true,"href":"https:\/\/blogdoeloiltoncajuhy.com.br\/site\/wp-json\/wp\/v2\/users\/2"}],"replies":[{"embeddable":true,"href":"https:\/\/blogdoeloiltoncajuhy.com.br\/site\/wp-json\/wp\/v2\/comments?post=54982"}],"version-history":[{"count":3,"href":"https:\/\/blogdoeloiltoncajuhy.com.br\/site\/wp-json\/wp\/v2\/posts\/54982\/revisions"}],"predecessor-version":[{"id":54986,"href":"https:\/\/blogdoeloiltoncajuhy.com.br\/site\/wp-json\/wp\/v2\/posts\/54982\/revisions\/54986"}],"wp:featuredmedia":[{"embeddable":true,"href":"https:\/\/blogdoeloiltoncajuhy.com.br\/site\/wp-json\/wp\/v2\/media\/54983"}],"wp:attachment":[{"href":"https:\/\/blogdoeloiltoncajuhy.com.br\/site\/wp-json\/wp\/v2\/media?parent=54982"}],"wp:term":[{"taxonomy":"category","embeddable":true,"href":"https:\/\/blogdoeloiltoncajuhy.com.br\/site\/wp-json\/wp\/v2\/categories?post=54982"},{"taxonomy":"post_tag","embeddable":true,"href":"https:\/\/blogdoeloiltoncajuhy.com.br\/site\/wp-json\/wp\/v2\/tags?post=54982"}],"curies":[{"name":"wp","href":"https:\/\/api.w.org\/{rel}","templated":true}]}}