{"id":54964,"date":"2021-03-20T09:50:11","date_gmt":"2021-03-20T12:50:11","guid":{"rendered":"http:\/\/blogdoeloiltoncajuhy.com.br\/site\/?p=54964"},"modified":"2021-03-20T09:57:18","modified_gmt":"2021-03-20T12:57:18","slug":"prefeitura-de-andorinha-faz-entrega-de-sementes-de-milho-a-agricultores-familiares-do-municipio","status":"publish","type":"post","link":"https:\/\/blogdoeloiltoncajuhy.com.br\/site\/prefeitura-de-andorinha-faz-entrega-de-sementes-de-milho-a-agricultores-familiares-do-municipio\/","title":{"rendered":"Prefeitura de Andorinha faz entrega de sementes de milho a agricultores familiares do munic\u00edpio"},"content":{"rendered":"\n<div class=\"wp-block-image\"><figure class=\"aligncenter size-full is-resized\"><a href=\"https:\/\/i0.wp.com\/blogdoeloiltoncajuhy.com.br\/site\/wp-content\/uploads\/2021\/03\/PMA_Distribuicao-de-sementes_2021.jpeg\"><img data-recalc-dims=\"1\" fetchpriority=\"high\" decoding=\"async\" src=\"https:\/\/i0.wp.com\/blogdoeloiltoncajuhy.com.br\/site\/wp-content\/uploads\/2021\/03\/PMA_Distribuicao-de-sementes_2021.jpeg?resize=576%2C768\" alt=\"\" class=\"wp-image-54965\" width=\"576\" height=\"768\" srcset=\"https:\/\/i0.wp.com\/blogdoeloiltoncajuhy.com.br\/site\/wp-content\/uploads\/2021\/03\/PMA_Distribuicao-de-sementes_2021.jpeg?w=768&amp;ssl=1 768w, https:\/\/i0.wp.com\/blogdoeloiltoncajuhy.com.br\/site\/wp-content\/uploads\/2021\/03\/PMA_Distribuicao-de-sementes_2021.jpeg?resize=225%2C300&amp;ssl=1 225w\" sizes=\"(max-width: 576px) 100vw, 576px\" \/><\/a><\/figure><\/div>\n\n\n\n<p>A Prefeitura de Andorinha, atrav\u00e9s da Secretaria de Desenvolvimento Rural e Meio Ambiente, est\u00e1 realizando a entrega de sementes de milho de alt\u00edssima qualidade, aos agricultores familiares do munic\u00edpio envolvidos no Garantia Safra, para o plantio de inverno, que se inicia do dia 1 de abril e vai at\u00e9 15 de junho.<\/p>\n\n\n\n<p>A secretaria conseguiu um total de 1.800 kg das sementes, atrav\u00e9s de uma parceria com o Sindicato dos Produtores Rurais de Senhor do Bonfim e a Syngenta, uma empresa global respons\u00e1vel pela produ\u00e7\u00e3o das sementes.<\/p>\n\n\n\n<p>Segundo o secret\u00e1rio de Desenvolvimento Rural e Meio Ambiente, Valt\u00f4nio Guimar\u00e3es, j\u00e1 foram distribu\u00eddos cerca de 1.200 kg das sementes, que possuem uma \u00f3tima qualidade e a garantia de germina\u00e7\u00e3o de 90%. <em>&#8220;Estamos fazendo a entrega das sementes para que os produtores aproveitem o inverno e possam fazer suas planta\u00e7\u00f5es. Ainda temos um estoque de 600 kg. Essa a\u00e7\u00e3o incentiva e fortalece o homem do campo, contribuindo para o desenvolvimento da agricultura familiar do nosso munic\u00edpio\u201d<\/em>, afirmou o secret\u00e1rio.<\/p>\n\n\n\n<p>Foi entregue nesta quinta-feira, 18, na Secretaria de Desenvolvimento Rural, as sementes aos produtores Arcelino Ferreira da Silva, Rosa Ercida da Silva e Adolfo dos Santos, todos da Fazenda Algod\u00f5es.<\/p>\n","protected":false},"excerpt":{"rendered":"<p>A Prefeitura de Andorinha, atrav\u00e9s da Secretaria de Desenvolvimento Rural e Meio Ambiente, est\u00e1 realizando a entrega de sementes de milho de alt\u00edssima qualidade, aos agricultores familiares do munic\u00edpio envolvidos no Garantia Safra, para o plantio de inverno, que se inicia do dia 1 de abril e vai at\u00e9 15 de junho. A secretaria conseguiu [&hellip;]<\/p>\n","protected":false},"author":2,"featured_media":45389,"comment_status":"open","ping_status":"open","sticky":false,"template":"","format":"standard","meta":{"_acf_changed":false,"_monsterinsights_skip_tracking":false,"_monsterinsights_sitenote_active":false,"_monsterinsights_sitenote_note":"","_monsterinsights_sitenote_category":0,"_jetpack_memberships_contains_paid_content":false,"footnotes":"","jetpack_publicize_message":"","jetpack_publicize_feature_enabled":true,"jetpack_social_post_already_shared":true,"jetpack_social_options":{"image_generator_settings":{"template":"highway","default_image_id":0,"font":"","enabled":false},"version":2}},"categories":[11],"tags":[],"class_list":["post-54964","post","type-post","status-publish","format-standard","has-post-thumbnail","hentry","category-regional"],"acf":[],"jetpack_publicize_connections":[],"jetpack_featured_media_url":"https:\/\/i0.wp.com\/blogdoeloiltoncajuhy.com.br\/site\/wp-content\/uploads\/2020\/06\/logo-destaque-1.png?fit=1200%2C630&ssl=1","jetpack_sharing_enabled":true,"publishpress_future_workflow_manual_trigger":{"enabledWorkflows":[]},"_links":{"self":[{"href":"https:\/\/blogdoeloiltoncajuhy.com.br\/site\/wp-json\/wp\/v2\/posts\/54964","targetHints":{"allow":["GET"]}}],"collection":[{"href":"https:\/\/blogdoeloiltoncajuhy.com.br\/site\/wp-json\/wp\/v2\/posts"}],"about":[{"href":"https:\/\/blogdoeloiltoncajuhy.com.br\/site\/wp-json\/wp\/v2\/types\/post"}],"author":[{"embeddable":true,"href":"https:\/\/blogdoeloiltoncajuhy.com.br\/site\/wp-json\/wp\/v2\/users\/2"}],"replies":[{"embeddable":true,"href":"https:\/\/blogdoeloiltoncajuhy.com.br\/site\/wp-json\/wp\/v2\/comments?post=54964"}],"version-history":[{"count":2,"href":"https:\/\/blogdoeloiltoncajuhy.com.br\/site\/wp-json\/wp\/v2\/posts\/54964\/revisions"}],"predecessor-version":[{"id":54967,"href":"https:\/\/blogdoeloiltoncajuhy.com.br\/site\/wp-json\/wp\/v2\/posts\/54964\/revisions\/54967"}],"wp:featuredmedia":[{"embeddable":true,"href":"https:\/\/blogdoeloiltoncajuhy.com.br\/site\/wp-json\/wp\/v2\/media\/45389"}],"wp:attachment":[{"href":"https:\/\/blogdoeloiltoncajuhy.com.br\/site\/wp-json\/wp\/v2\/media?parent=54964"}],"wp:term":[{"taxonomy":"category","embeddable":true,"href":"https:\/\/blogdoeloiltoncajuhy.com.br\/site\/wp-json\/wp\/v2\/categories?post=54964"},{"taxonomy":"post_tag","embeddable":true,"href":"https:\/\/blogdoeloiltoncajuhy.com.br\/site\/wp-json\/wp\/v2\/tags?post=54964"}],"curies":[{"name":"wp","href":"https:\/\/api.w.org\/{rel}","templated":true}]}}