{"id":54959,"date":"2021-03-20T00:16:48","date_gmt":"2021-03-20T03:16:48","guid":{"rendered":"http:\/\/blogdoeloiltoncajuhy.com.br\/site\/?p=54959"},"modified":"2021-03-20T00:16:49","modified_gmt":"2021-03-20T03:16:49","slug":"morre-o-vereador-de-salvador-irmao-lazaro-vitima-da-covid-19","status":"publish","type":"post","link":"https:\/\/blogdoeloiltoncajuhy.com.br\/site\/morre-o-vereador-de-salvador-irmao-lazaro-vitima-da-covid-19\/","title":{"rendered":"Morre o vereador de Salvador Irm\u00e3o L\u00e1zaro, v\u00edtima da Covid-19"},"content":{"rendered":"\n<div class=\"wp-block-image\"><figure class=\"aligncenter size-large\"><a href=\"https:\/\/i0.wp.com\/blogdoeloiltoncajuhy.com.br\/site\/wp-content\/uploads\/2021\/03\/Irmao-Lazaro_8876.jpg\"><img data-recalc-dims=\"1\" fetchpriority=\"high\" decoding=\"async\" width=\"800\" height=\"438\" src=\"https:\/\/i0.wp.com\/blogdoeloiltoncajuhy.com.br\/site\/wp-content\/uploads\/2021\/03\/Irmao-Lazaro_8876.jpg?resize=800%2C438\" alt=\"\" class=\"wp-image-54960\" srcset=\"https:\/\/i0.wp.com\/blogdoeloiltoncajuhy.com.br\/site\/wp-content\/uploads\/2021\/03\/Irmao-Lazaro_8876.jpg?resize=1024%2C561&amp;ssl=1 1024w, https:\/\/i0.wp.com\/blogdoeloiltoncajuhy.com.br\/site\/wp-content\/uploads\/2021\/03\/Irmao-Lazaro_8876.jpg?resize=300%2C164&amp;ssl=1 300w, https:\/\/i0.wp.com\/blogdoeloiltoncajuhy.com.br\/site\/wp-content\/uploads\/2021\/03\/Irmao-Lazaro_8876.jpg?resize=768%2C421&amp;ssl=1 768w, https:\/\/i0.wp.com\/blogdoeloiltoncajuhy.com.br\/site\/wp-content\/uploads\/2021\/03\/Irmao-Lazaro_8876.jpg?w=1366&amp;ssl=1 1366w\" sizes=\"(max-width: 800px) 100vw, 800px\" \/><\/a><\/figure><\/div>\n\n\n\n<p>Vereador de Salvador, o cantor e compositor Irm\u00e3o L\u00e1zaro (PL) morreu na noite desta sexta-feira (18), aos 54 anos, no Hospital S\u00e3o Matheus, em Feira de Santana, em decorr\u00eancia da contamina\u00e7\u00e3o pelo novo coronav\u00edrus. O parlamentar enfrentava a doen\u00e7a h\u00e1 mais de um m\u00eas.<\/p>\n\n\n\n<p>Ant\u00f4nio L\u00e1zaro da Silva foi diagnosticado com Covid-19 no dia 15 de fevereiro e estava cumprindo tratamento na sua resid\u00eancia, em Feira de Santana. Entretanto, no dia 22, ele teve febre e foi internado. O quadro evoluiu no dia 25 e o vereador da capital precisou ser transferido para uma UTI, onde foi intubado. Nesta sexta, n\u00e3o resistiu e acabou falecendo.<\/p>\n\n\n\n<p>O artista ficou famoso como vocalista da banda de samba-reggae Olodum, especialmente sendo a voz do sucesso de sua autoria \u201cI Miss Her\u201d. Ap\u00f3s enfrentar problemas com drogas, ele se tornou evang\u00e9lico e passou a se dedicar \u00e0 m\u00fasica gospel, g\u00eanero em que teve muito destaque.<\/p>\n\n\n\n<p>Em 2014, Irm\u00e3o L\u00e1zaro se candidatou pela primeira vez \u00e0 C\u00e2mara dos Deputados, sendo eleito com 161.438 votos. Quatro anos depois, tentou elei\u00e7\u00e3o ao Senado, mas n\u00e3o obteve sucesso. Ficou em terceiro lugar, com 1.830.581 votos.<\/p>\n\n\n\n<p>No ano passado, L\u00e1zaro se candidatou \u00e0 C\u00e2mara Municipal de Salvador e foi eleito com 4.273 votos. No seu lugar, assume o suplente Leandro Guerrilha (PL).<\/p>\n","protected":false},"excerpt":{"rendered":"<p>Vereador de Salvador, o cantor e compositor Irm\u00e3o L\u00e1zaro (PL) morreu na noite desta sexta-feira (18), aos 54 anos, no Hospital S\u00e3o Matheus, em Feira de Santana, em decorr\u00eancia da contamina\u00e7\u00e3o pelo novo coronav\u00edrus. O parlamentar enfrentava a doen\u00e7a h\u00e1 mais de um m\u00eas. Ant\u00f4nio L\u00e1zaro da Silva foi diagnosticado com Covid-19 no dia 15 [&hellip;]<\/p>\n","protected":false},"author":2,"featured_media":54961,"comment_status":"open","ping_status":"open","sticky":false,"template":"","format":"standard","meta":{"_acf_changed":false,"_monsterinsights_skip_tracking":false,"_monsterinsights_sitenote_active":false,"_monsterinsights_sitenote_note":"","_monsterinsights_sitenote_category":0,"_jetpack_memberships_contains_paid_content":false,"footnotes":"","jetpack_publicize_message":"","jetpack_publicize_feature_enabled":true,"jetpack_social_post_already_shared":true,"jetpack_social_options":{"image_generator_settings":{"template":"highway","default_image_id":0,"font":"","enabled":false},"version":2}},"categories":[1],"tags":[],"class_list":["post-54959","post","type-post","status-publish","format-standard","has-post-thumbnail","hentry","category-noticias"],"acf":[],"jetpack_publicize_connections":[],"jetpack_featured_media_url":"https:\/\/i0.wp.com\/blogdoeloiltoncajuhy.com.br\/site\/wp-content\/uploads\/2021\/03\/Irmao-Lazaro_88765.png?fit=627%2C400&ssl=1","jetpack_sharing_enabled":true,"publishpress_future_workflow_manual_trigger":{"enabledWorkflows":[]},"_links":{"self":[{"href":"https:\/\/blogdoeloiltoncajuhy.com.br\/site\/wp-json\/wp\/v2\/posts\/54959","targetHints":{"allow":["GET"]}}],"collection":[{"href":"https:\/\/blogdoeloiltoncajuhy.com.br\/site\/wp-json\/wp\/v2\/posts"}],"about":[{"href":"https:\/\/blogdoeloiltoncajuhy.com.br\/site\/wp-json\/wp\/v2\/types\/post"}],"author":[{"embeddable":true,"href":"https:\/\/blogdoeloiltoncajuhy.com.br\/site\/wp-json\/wp\/v2\/users\/2"}],"replies":[{"embeddable":true,"href":"https:\/\/blogdoeloiltoncajuhy.com.br\/site\/wp-json\/wp\/v2\/comments?post=54959"}],"version-history":[{"count":2,"href":"https:\/\/blogdoeloiltoncajuhy.com.br\/site\/wp-json\/wp\/v2\/posts\/54959\/revisions"}],"predecessor-version":[{"id":54963,"href":"https:\/\/blogdoeloiltoncajuhy.com.br\/site\/wp-json\/wp\/v2\/posts\/54959\/revisions\/54963"}],"wp:featuredmedia":[{"embeddable":true,"href":"https:\/\/blogdoeloiltoncajuhy.com.br\/site\/wp-json\/wp\/v2\/media\/54961"}],"wp:attachment":[{"href":"https:\/\/blogdoeloiltoncajuhy.com.br\/site\/wp-json\/wp\/v2\/media?parent=54959"}],"wp:term":[{"taxonomy":"category","embeddable":true,"href":"https:\/\/blogdoeloiltoncajuhy.com.br\/site\/wp-json\/wp\/v2\/categories?post=54959"},{"taxonomy":"post_tag","embeddable":true,"href":"https:\/\/blogdoeloiltoncajuhy.com.br\/site\/wp-json\/wp\/v2\/tags?post=54959"}],"curies":[{"name":"wp","href":"https:\/\/api.w.org\/{rel}","templated":true}]}}