{"id":54952,"date":"2021-03-19T08:05:02","date_gmt":"2021-03-19T11:05:02","guid":{"rendered":"http:\/\/blogdoeloiltoncajuhy.com.br\/site\/?p=54952"},"modified":"2021-03-19T08:05:03","modified_gmt":"2021-03-19T11:05:03","slug":"contas-de-2019-da-prefeitura-de-senhor-do-bonfim-sao-aprovadas-pelo-tcm-ba","status":"publish","type":"post","link":"https:\/\/blogdoeloiltoncajuhy.com.br\/site\/contas-de-2019-da-prefeitura-de-senhor-do-bonfim-sao-aprovadas-pelo-tcm-ba\/","title":{"rendered":"Contas de 2019 da Prefeitura de Senhor do Bonfim s\u00e3o aprovadas pelo TCM-BA"},"content":{"rendered":"\n<div class=\"wp-block-image\"><figure class=\"aligncenter size-large\"><a href=\"https:\/\/i0.wp.com\/blogdoeloiltoncajuhy.com.br\/site\/wp-content\/uploads\/2016\/12\/Brasileiro-diploma%C3%A7%C3%A3o.jpg\"><img data-recalc-dims=\"1\" fetchpriority=\"high\" decoding=\"async\" width=\"800\" height=\"533\" src=\"https:\/\/i0.wp.com\/blogdoeloiltoncajuhy.com.br\/site\/wp-content\/uploads\/2016\/12\/Brasileiro-diploma%C3%A7%C3%A3o.jpg?resize=800%2C533\" alt=\"\" class=\"wp-image-13938\" srcset=\"https:\/\/i0.wp.com\/blogdoeloiltoncajuhy.com.br\/site\/wp-content\/uploads\/2016\/12\/Brasileiro-diploma%C3%A7%C3%A3o.jpg?w=960&amp;ssl=1 960w, https:\/\/i0.wp.com\/blogdoeloiltoncajuhy.com.br\/site\/wp-content\/uploads\/2016\/12\/Brasileiro-diploma%C3%A7%C3%A3o.jpg?resize=300%2C200&amp;ssl=1 300w, https:\/\/i0.wp.com\/blogdoeloiltoncajuhy.com.br\/site\/wp-content\/uploads\/2016\/12\/Brasileiro-diploma%C3%A7%C3%A3o.jpg?resize=768%2C512&amp;ssl=1 768w, https:\/\/i0.wp.com\/blogdoeloiltoncajuhy.com.br\/site\/wp-content\/uploads\/2016\/12\/Brasileiro-diploma%C3%A7%C3%A3o.jpg?resize=250%2C167&amp;ssl=1 250w\" sizes=\"(max-width: 800px) 100vw, 800px\" \/><\/a><\/figure><\/div>\n\n\n\n<p>Os conselheiros do Tribunal de Contas dos Munic\u00edpios (TCM-BA) aprovaram, com ressalvas, as contas da Prefeitura de Senhor do Bonfim, da responsabilidade de Carlos Alberto Lopes Brasileiro \u2013 referentes aos per\u00edodos de 01\/01 a 06\/01 e 07\/02 a 31\/12 \u2013 e de Jos\u00e9 Ant\u00f4nio Souza de Oliveira, que ficou apenas 30 dias no cargo. Essas contas s\u00e3o relativas ao exerc\u00edcio de 2019. O conselheiro Jos\u00e9 Alfredo Rocha Dias, relator do parecer, imputou ao primeiro gestor multa no valor de R$6 mil. A decis\u00e3o foi proferida na sess\u00e3o desta quinta-feira (18\/03), realizada por meio eletr\u00f4nico.<\/p>\n\n\n\n<p>Tamb\u00e9m foi determinado o ressarcimento aos cofres municipais na quantia de R$649.590,60, com recursos pessoais do prefeito Carlos Alberto Brasileiro, relativo a aus\u00eancia de comprova\u00e7\u00e3o de pagamento das folhas de servidores.<\/p>\n\n\n\n<p>O conselheiro Paolo Marconi \u2013 acompanhado pelo conselheiro Fernando Vita \u2013 apresentou voto divergente pela rejei\u00e7\u00e3o das contas com aplica\u00e7\u00e3o de multa correspondente a 30% dos subs\u00eddios anuais do gestor. Isso porque, para ele, sem a Instru\u00e7\u00e3o n\u00ba 003 a despesa total com pessoal teria superado o limite de 54% previsto na Lei de Responsabilidade Fiscal.<\/p>\n\n\n\n<p>A maioria dos conselheiros, no entanto, acompanhou o voto do relator pela aprova\u00e7\u00e3o, vez que com a instru\u00e7\u00e3o os gastos corresponderam a 53,17% da RCL, cumprindo, portanto, o limite de 54% indicado na LRF.<\/p>\n\n\n\n<p>O relat\u00f3rio t\u00e9cnico apontou como ressalvas: a baixa cobran\u00e7a da D\u00edvida Ativa do munic\u00edpio; contrata\u00e7\u00e3o de servi\u00e7os por dispensa de licita\u00e7\u00e3o em desacordo com as exig\u00eancias legais; transpar\u00eancia p\u00fablica avaliada como insuficiente; e cancelamento indevido de restos a pagar.<\/p>\n\n\n\n<p>O munic\u00edpio de Senhor do Bonfim apresentou uma receita na ordem de R$151.587.973,19 e promoveu despesas no total de R$149.493.766,37, o que levou a um super\u00e1vit de R$2.094.206,82. Os recursos deixados em caixa, no montante de R$10.058.102,83, n\u00e3o foram suficientes para cobrir despesas com \u201crestos a pagar\u201d e de \u201cexerc\u00edcios anteriores\u201d, resultado em um saldo negativo de R$23.445.630,81. A situa\u00e7\u00e3o demonstra exist\u00eancia de desequil\u00edbrio fiscal nas contas da Entidade.<\/p>\n\n\n\n<p>Em rela\u00e7\u00e3o \u00e0s obriga\u00e7\u00f5es constitucionais, o prefeito aplicou 25,61% dos recursos espec\u00edficos na \u00e1rea da educa\u00e7\u00e3o, 18,51% dos recursos nas a\u00e7\u00f5es e servi\u00e7os de sa\u00fade e 78,33% dos recursos do Fundeb na remunera\u00e7\u00e3o dos profissionais do magist\u00e9rio, atendendo a todos os \u00edndices.<\/p>\n\n\n\n<p>Cabe recurso das decis\u00f5es.<\/p>\n\n\n\n<p><strong>BLOG DO ELOILTON CAJUHY<\/strong> &#8211; O ex-prefeito Carlos Brasileiro, em contato com nossa produ\u00e7\u00e3o na manh\u00e3 desta sexta-feira (19), informou que os t\u00e9cnicos do TCM n\u00e3o viram documentos na presta\u00e7\u00e3o de contas. Os contadores da sua gest\u00e3o j\u00e1 enviaram outra vez a documenta\u00e7\u00e3o para comprova\u00e7\u00e3o. E disse: <em>&#8220;Nossos governos sempre foram corretos&#8221;<\/em>. Brasileiro afirmou ainda que <em>&#8220;todas as observa\u00e7\u00f5es do TCM ser\u00e3o atendidas com parecer dos nossos advogados e apresenta\u00e7\u00e3o de documentos contabilizados&#8221;<\/em>.<\/p>\n","protected":false},"excerpt":{"rendered":"<p>Os conselheiros do Tribunal de Contas dos Munic\u00edpios (TCM-BA) aprovaram, com ressalvas, as contas da Prefeitura de Senhor do Bonfim, da responsabilidade de Carlos Alberto Lopes Brasileiro \u2013 referentes aos per\u00edodos de 01\/01 a 06\/01 e 07\/02 a 31\/12 \u2013 e de Jos\u00e9 Ant\u00f4nio Souza de Oliveira, que ficou apenas 30 dias no cargo. Essas [&hellip;]<\/p>\n","protected":false},"author":2,"featured_media":14333,"comment_status":"open","ping_status":"open","sticky":false,"template":"","format":"standard","meta":{"_acf_changed":false,"_monsterinsights_skip_tracking":false,"_monsterinsights_sitenote_active":false,"_monsterinsights_sitenote_note":"","_monsterinsights_sitenote_category":0,"_jetpack_memberships_contains_paid_content":false,"footnotes":"","jetpack_publicize_message":"","jetpack_publicize_feature_enabled":true,"jetpack_social_post_already_shared":true,"jetpack_social_options":{"image_generator_settings":{"template":"highway","default_image_id":0,"font":"","enabled":false},"version":2}},"categories":[3],"tags":[],"class_list":["post-54952","post","type-post","status-publish","format-standard","has-post-thumbnail","hentry","category-politica"],"acf":[],"jetpack_publicize_connections":[],"jetpack_featured_media_url":"https:\/\/i0.wp.com\/blogdoeloiltoncajuhy.com.br\/site\/wp-content\/uploads\/2016\/12\/Brasileiro-coletiva-novo-leste-e1482876151113.jpg?fit=600%2C400&ssl=1","jetpack_sharing_enabled":true,"publishpress_future_workflow_manual_trigger":{"enabledWorkflows":[]},"_links":{"self":[{"href":"https:\/\/blogdoeloiltoncajuhy.com.br\/site\/wp-json\/wp\/v2\/posts\/54952","targetHints":{"allow":["GET"]}}],"collection":[{"href":"https:\/\/blogdoeloiltoncajuhy.com.br\/site\/wp-json\/wp\/v2\/posts"}],"about":[{"href":"https:\/\/blogdoeloiltoncajuhy.com.br\/site\/wp-json\/wp\/v2\/types\/post"}],"author":[{"embeddable":true,"href":"https:\/\/blogdoeloiltoncajuhy.com.br\/site\/wp-json\/wp\/v2\/users\/2"}],"replies":[{"embeddable":true,"href":"https:\/\/blogdoeloiltoncajuhy.com.br\/site\/wp-json\/wp\/v2\/comments?post=54952"}],"version-history":[{"count":2,"href":"https:\/\/blogdoeloiltoncajuhy.com.br\/site\/wp-json\/wp\/v2\/posts\/54952\/revisions"}],"predecessor-version":[{"id":54954,"href":"https:\/\/blogdoeloiltoncajuhy.com.br\/site\/wp-json\/wp\/v2\/posts\/54952\/revisions\/54954"}],"wp:featuredmedia":[{"embeddable":true,"href":"https:\/\/blogdoeloiltoncajuhy.com.br\/site\/wp-json\/wp\/v2\/media\/14333"}],"wp:attachment":[{"href":"https:\/\/blogdoeloiltoncajuhy.com.br\/site\/wp-json\/wp\/v2\/media?parent=54952"}],"wp:term":[{"taxonomy":"category","embeddable":true,"href":"https:\/\/blogdoeloiltoncajuhy.com.br\/site\/wp-json\/wp\/v2\/categories?post=54952"},{"taxonomy":"post_tag","embeddable":true,"href":"https:\/\/blogdoeloiltoncajuhy.com.br\/site\/wp-json\/wp\/v2\/tags?post=54952"}],"curies":[{"name":"wp","href":"https:\/\/api.w.org\/{rel}","templated":true}]}}