{"id":54948,"date":"2021-03-19T07:22:41","date_gmt":"2021-03-19T10:22:41","guid":{"rendered":"http:\/\/blogdoeloiltoncajuhy.com.br\/site\/?p=54948"},"modified":"2021-03-19T07:22:42","modified_gmt":"2021-03-19T10:22:42","slug":"o-bombeiro","status":"publish","type":"post","link":"https:\/\/blogdoeloiltoncajuhy.com.br\/site\/o-bombeiro\/","title":{"rendered":"O bombeiro"},"content":{"rendered":"\n<div class=\"wp-block-image\"><figure class=\"aligncenter size-full is-resized\"><a href=\"https:\/\/i0.wp.com\/blogdoeloiltoncajuhy.com.br\/site\/wp-content\/uploads\/2017\/05\/concurso-pm-bombeiros.jpg\"><img data-recalc-dims=\"1\" fetchpriority=\"high\" decoding=\"async\" src=\"https:\/\/i0.wp.com\/blogdoeloiltoncajuhy.com.br\/site\/wp-content\/uploads\/2017\/05\/concurso-pm-bombeiros.jpg?resize=608%2C448\" alt=\"\" class=\"wp-image-17488\" width=\"608\" height=\"448\" srcset=\"https:\/\/i0.wp.com\/blogdoeloiltoncajuhy.com.br\/site\/wp-content\/uploads\/2017\/05\/concurso-pm-bombeiros.jpg?w=380&amp;ssl=1 380w, https:\/\/i0.wp.com\/blogdoeloiltoncajuhy.com.br\/site\/wp-content\/uploads\/2017\/05\/concurso-pm-bombeiros.jpg?resize=300%2C221&amp;ssl=1 300w, https:\/\/i0.wp.com\/blogdoeloiltoncajuhy.com.br\/site\/wp-content\/uploads\/2017\/05\/concurso-pm-bombeiros.jpg?resize=250%2C184&amp;ssl=1 250w\" sizes=\"(max-width: 608px) 100vw, 608px\" \/><\/a><\/figure><\/div>\n\n\n\n<p>A m\u00e3e parou ao lado do leito de seu filhinho de 6 anos, que estava doente de leucemia. Como qualquer outra m\u00e3e, ela gostaria que ele crescesse e realizasse seus sonhos. Agora, isso n\u00e3o seria mais poss\u00edvel, por causa de uma leucemia terminal. Junto dele tomou-lhe a m\u00e3o e perguntou: \u2013 Filho, voc\u00ea alguma vez j\u00e1 pensou o que gostaria de ser quando crescesse? \u2013 Mam\u00e3e, eu sempre quis ser um bombeiro! A m\u00e3e sorriu e disse: \u2013 Vamos ver o que podemos fazer.<\/p>\n\n\n\n<p>Mais tarde, naquele mesmo dia, ela foi ao Corpo de Bombeiros local e contou ao Chefe dos Bombeiros a situa\u00e7\u00e3o de seu filho e perguntou se seria Poss\u00edvel o garoto dar uma volta no carro dos bombeiros, em torno do quarteir\u00e3o. O Chefe dos bombeiros, comovido, disse: \u2013 N\u00d3S PODEMOS FAZER MAIS QUE ISSO ! Se voc\u00ea estiver com o seu filho pronto \u00e0s sete horas da manh\u00e3, daqui a uma semana, n\u00f3s faremos um bombeiro honor\u00e1rio, por todo o dia. Ele poder\u00e1 ir para o quartel, comer conosco e sair para atender \u00e0s chamada inc\u00eandio.<\/p>\n\n\n\n<p>E se voc\u00ea nos der as medidas dele, n\u00f3s conseguiremos um uniforme completo: chap\u00e9u com o emblema de nosso batalh\u00e3o, casaco amarelo igual ao que vestimos e botas tamb\u00e9m. Uma semana depois, o bombeiro-chefe pegou o garoto, vestiu-lhe o uniforme de bombeiro e o escoltou do leito do hospital at\u00e9 o caminh\u00e3o de bombeiros.<\/p>\n\n\n\n<p>O menino ficou sentado na parte de tr\u00e1s do caminh\u00e3o, e foi at\u00e9 o quartel central. Parecia-lhe estar no c\u00e9u\u2026 Ocorreram tr\u00eas chamadas naquele dia na cidade e o garoto acompanhou todos as tr\u00eas. Em cada chamada, ele foi em ve\u00edculos diferentes: no tanque, na van dos param\u00e9dicos e at\u00e9 no carro especial do chefe dos bombeiros.<\/p>\n\n\n\n<p>Todo o amor e aten\u00e7\u00e3o que foram dispensados ao menino acabaram comovendo-o t\u00e3o profundamente, que ele viveu tr\u00eas meses a mais que o previsto. Uma noite, todas as suas fun\u00e7\u00f5es vitais come\u00e7aram a cair dramaticamente e a m\u00e3e decidiu chamar ao hospital toda fam\u00edlia.<\/p>\n\n\n\n<p>Ent\u00e3o, ela lembrou a emo\u00e7\u00e3o que o garoto tinha passado como um bombeiro, e pediu \u00e0 enfermeira que ligasse para chefe da corpora\u00e7\u00e3o, e perguntou se seria poss\u00edvel enviar um bombeiro para o hospital, naquele momento tr\u00e1gico, para ficar com o menino.<\/p>\n\n\n\n<p>O chefe dos bombeiros respondeu: \u2013 N\u00d3S PODEMOS FAZER MAIS QUE ISSO! N\u00f3s estaremos a\u00ed em cinco minutos. Mas fa\u00e7a-me um favor. Quando voc\u00ea ouvir as sirenes e ver as luzes de nossos carros, avise no sistema de som que n\u00e3o se trata de um inc\u00eandio, apenas o corpo de bombeiros indo visitar mais uma vez, um de seus mais distintos integrantes. E tamb\u00e9m poderia abrir a janela do quarto dele? Obrigado!<\/p>\n\n\n\n<p>Cinco minutos depois, uma van e um caminh\u00e3o com escada chegaram no hospital. Estenderam a escada at\u00e9 o andar onde garoto estava, e 16 bombeiros subiram. Com a permiss\u00e3o da m\u00e3e, eles o abra\u00e7aram, seguraram e disseram que o amavam. Com voz fraquinha, o menino olhou para o chefe e perguntou: \u2013 Chefe, eu sou mesmo um bombeiro? \u2013 Sim, voc\u00ea \u00e9 um dos melhores \u2013 disse ele.<\/p>\n\n\n\n<p>Com estas palavras, o menino sorriu e fechou seus olhos para sempre.<\/p>\n\n\n\n<p>E voc\u00ea, diante do pedido de seus pais, irm\u00e3os, filhos, parentes e amigos, o que vem fazendo? Comprometa-se e diga sempre: EU POSSO FAZER MAIS QUE ISSO. Esta mensagem n\u00e3o deve ficar somente com voc\u00ea! Absorva-a e depois conte para os seus amigos! Se \u00e9 para guardar, que seja no cora\u00e7\u00e3o de Cada um de N\u00d3S!<\/p>\n\n\n\n<p>\u201cA maior perda da vida \u00e9 o que morre dentro de n\u00f3s enquanto vivemos\u201d.<\/p>\n","protected":false},"excerpt":{"rendered":"<p>A m\u00e3e parou ao lado do leito de seu filhinho de 6 anos, que estava doente de leucemia. Como qualquer outra m\u00e3e, ela gostaria que ele crescesse e realizasse seus sonhos. Agora, isso n\u00e3o seria mais poss\u00edvel, por causa de uma leucemia terminal. Junto dele tomou-lhe a m\u00e3o e perguntou: \u2013 Filho, voc\u00ea alguma vez [&hellip;]<\/p>\n","protected":false},"author":2,"featured_media":17386,"comment_status":"open","ping_status":"open","sticky":false,"template":"","format":"standard","meta":{"_acf_changed":false,"_monsterinsights_skip_tracking":false,"_monsterinsights_sitenote_active":false,"_monsterinsights_sitenote_note":"","_monsterinsights_sitenote_category":0,"_jetpack_memberships_contains_paid_content":false,"footnotes":"","jetpack_publicize_message":"","jetpack_publicize_feature_enabled":true,"jetpack_social_post_already_shared":true,"jetpack_social_options":{"image_generator_settings":{"template":"highway","default_image_id":0,"font":"","enabled":false},"version":2}},"categories":[9],"tags":[],"class_list":["post-54948","post","type-post","status-publish","format-standard","has-post-thumbnail","hentry","category-reflexao"],"acf":[],"jetpack_publicize_connections":[],"jetpack_featured_media_url":"https:\/\/i0.wp.com\/blogdoeloiltoncajuhy.com.br\/site\/wp-content\/uploads\/2017\/05\/CB_Mateus_Pereira_GOVBA-e1494418502386.jpg?fit=550%2C367&ssl=1","jetpack_sharing_enabled":true,"publishpress_future_workflow_manual_trigger":{"enabledWorkflows":[]},"_links":{"self":[{"href":"https:\/\/blogdoeloiltoncajuhy.com.br\/site\/wp-json\/wp\/v2\/posts\/54948","targetHints":{"allow":["GET"]}}],"collection":[{"href":"https:\/\/blogdoeloiltoncajuhy.com.br\/site\/wp-json\/wp\/v2\/posts"}],"about":[{"href":"https:\/\/blogdoeloiltoncajuhy.com.br\/site\/wp-json\/wp\/v2\/types\/post"}],"author":[{"embeddable":true,"href":"https:\/\/blogdoeloiltoncajuhy.com.br\/site\/wp-json\/wp\/v2\/users\/2"}],"replies":[{"embeddable":true,"href":"https:\/\/blogdoeloiltoncajuhy.com.br\/site\/wp-json\/wp\/v2\/comments?post=54948"}],"version-history":[{"count":2,"href":"https:\/\/blogdoeloiltoncajuhy.com.br\/site\/wp-json\/wp\/v2\/posts\/54948\/revisions"}],"predecessor-version":[{"id":54950,"href":"https:\/\/blogdoeloiltoncajuhy.com.br\/site\/wp-json\/wp\/v2\/posts\/54948\/revisions\/54950"}],"wp:featuredmedia":[{"embeddable":true,"href":"https:\/\/blogdoeloiltoncajuhy.com.br\/site\/wp-json\/wp\/v2\/media\/17386"}],"wp:attachment":[{"href":"https:\/\/blogdoeloiltoncajuhy.com.br\/site\/wp-json\/wp\/v2\/media?parent=54948"}],"wp:term":[{"taxonomy":"category","embeddable":true,"href":"https:\/\/blogdoeloiltoncajuhy.com.br\/site\/wp-json\/wp\/v2\/categories?post=54948"},{"taxonomy":"post_tag","embeddable":true,"href":"https:\/\/blogdoeloiltoncajuhy.com.br\/site\/wp-json\/wp\/v2\/tags?post=54948"}],"curies":[{"name":"wp","href":"https:\/\/api.w.org\/{rel}","templated":true}]}}