{"id":54851,"date":"2021-03-16T08:39:26","date_gmt":"2021-03-16T11:39:26","guid":{"rendered":"http:\/\/blogdoeloiltoncajuhy.com.br\/site\/?p=54851"},"modified":"2021-03-16T08:39:27","modified_gmt":"2021-03-16T11:39:27","slug":"detran-ba-solicita-ao-denatran-que-prazos-da-cnh-e-registro-de-veiculos-sejam-suspensos-na-bahia","status":"publish","type":"post","link":"https:\/\/blogdoeloiltoncajuhy.com.br\/site\/detran-ba-solicita-ao-denatran-que-prazos-da-cnh-e-registro-de-veiculos-sejam-suspensos-na-bahia\/","title":{"rendered":"Detran-BA solicita ao Denatran que prazos da CNH e registro de ve\u00edculos sejam suspensos na Bahia"},"content":{"rendered":"\n<div class=\"wp-block-image\"><figure class=\"aligncenter size-large\"><a href=\"https:\/\/i0.wp.com\/blogdoeloiltoncajuhy.com.br\/site\/wp-content\/uploads\/2021\/03\/DetranBA_Documento-768x384-1.jpeg\"><img data-recalc-dims=\"1\" fetchpriority=\"high\" decoding=\"async\" width=\"768\" height=\"384\" src=\"https:\/\/i0.wp.com\/blogdoeloiltoncajuhy.com.br\/site\/wp-content\/uploads\/2021\/03\/DetranBA_Documento-768x384-1.jpeg?resize=768%2C384\" alt=\"\" class=\"wp-image-54852\" srcset=\"https:\/\/i0.wp.com\/blogdoeloiltoncajuhy.com.br\/site\/wp-content\/uploads\/2021\/03\/DetranBA_Documento-768x384-1.jpeg?w=768&amp;ssl=1 768w, https:\/\/i0.wp.com\/blogdoeloiltoncajuhy.com.br\/site\/wp-content\/uploads\/2021\/03\/DetranBA_Documento-768x384-1.jpeg?resize=300%2C150&amp;ssl=1 300w\" sizes=\"(max-width: 768px) 100vw, 768px\" \/><\/a><\/figure><\/div>\n\n\n\n<p>O Departamento Estadual de Tr\u00e2nsito (Detran-BA) encaminhou of\u00edcio ao Departamento Nacional de Tr\u00e2nsito (Denatran) solicitando a suspens\u00e3o dos prazos dos processos de habilita\u00e7\u00e3o e ve\u00edculos na Bahia, com efeito retroativo a 1\u00ba de mar\u00e7o, por causa do momento cr\u00edtico da Covid-19 no estado. No documento, foram informadas as medidas restritivas adotadas pelo governo baiano para conter o avan\u00e7o da doen\u00e7a, inclusive a interrup\u00e7\u00e3o dos servi\u00e7os do Detran-BA em Salvador e regi\u00e3o metropolitana, at\u00e9 s\u00e1bado (20).<\/p>\n\n\n\n<p>Como o Detran-BA deixou de funcionar, o cumprimento dos prazos da carteira de habilita\u00e7\u00e3o (CNH) e do registro de ve\u00edculos ficou comprometido, o que levou o \u00f3rg\u00e3o estadual a provocar o Denatran, com o objetivo de evitar que os baianos sejam prejudicados.<\/p>\n\n\n\n<p><em>\u201cJ\u00e1 t\u00ednhamos manifestado nossa posi\u00e7\u00e3o por meio da Associa\u00e7\u00e3o Nacional dos Detrans (AND), mas achamos melhor refor\u00e7ar com um documento pr\u00f3prio, o pedido de suspens\u00e3o dos prazos na Bahia. Seria uma medida tempor\u00e1ria, neste per\u00edodo em que precisamos unir esfor\u00e7os contra a pandemia. Se foi feito no ano passado, pode ser repetido agora. Esperamos que o Denatran seja sens\u00edvel \u00e0 nossa solicita\u00e7\u00e3o\u201d<\/em>, declarou o diretor-geral do Detran-BA, Rodrigo Pimentel.<\/p>\n","protected":false},"excerpt":{"rendered":"<p>O Departamento Estadual de Tr\u00e2nsito (Detran-BA) encaminhou of\u00edcio ao Departamento Nacional de Tr\u00e2nsito (Denatran) solicitando a suspens\u00e3o dos prazos dos processos de habilita\u00e7\u00e3o e ve\u00edculos na Bahia, com efeito retroativo a 1\u00ba de mar\u00e7o, por causa do momento cr\u00edtico da Covid-19 no estado. No documento, foram informadas as medidas restritivas adotadas pelo governo baiano para [&hellip;]<\/p>\n","protected":false},"author":2,"featured_media":54852,"comment_status":"open","ping_status":"open","sticky":false,"template":"","format":"standard","meta":{"_acf_changed":false,"_monsterinsights_skip_tracking":false,"_monsterinsights_sitenote_active":false,"_monsterinsights_sitenote_note":"","_monsterinsights_sitenote_category":0,"_jetpack_memberships_contains_paid_content":false,"footnotes":"","jetpack_publicize_message":"","jetpack_publicize_feature_enabled":true,"jetpack_social_post_already_shared":true,"jetpack_social_options":{"image_generator_settings":{"template":"highway","default_image_id":0,"font":"","enabled":false},"version":2}},"categories":[1],"tags":[],"class_list":["post-54851","post","type-post","status-publish","format-standard","has-post-thumbnail","hentry","category-noticias"],"acf":[],"jetpack_publicize_connections":[],"jetpack_featured_media_url":"https:\/\/i0.wp.com\/blogdoeloiltoncajuhy.com.br\/site\/wp-content\/uploads\/2021\/03\/DetranBA_Documento-768x384-1.jpeg?fit=768%2C384&ssl=1","jetpack_sharing_enabled":true,"publishpress_future_workflow_manual_trigger":{"enabledWorkflows":[]},"_links":{"self":[{"href":"https:\/\/blogdoeloiltoncajuhy.com.br\/site\/wp-json\/wp\/v2\/posts\/54851","targetHints":{"allow":["GET"]}}],"collection":[{"href":"https:\/\/blogdoeloiltoncajuhy.com.br\/site\/wp-json\/wp\/v2\/posts"}],"about":[{"href":"https:\/\/blogdoeloiltoncajuhy.com.br\/site\/wp-json\/wp\/v2\/types\/post"}],"author":[{"embeddable":true,"href":"https:\/\/blogdoeloiltoncajuhy.com.br\/site\/wp-json\/wp\/v2\/users\/2"}],"replies":[{"embeddable":true,"href":"https:\/\/blogdoeloiltoncajuhy.com.br\/site\/wp-json\/wp\/v2\/comments?post=54851"}],"version-history":[{"count":2,"href":"https:\/\/blogdoeloiltoncajuhy.com.br\/site\/wp-json\/wp\/v2\/posts\/54851\/revisions"}],"predecessor-version":[{"id":54854,"href":"https:\/\/blogdoeloiltoncajuhy.com.br\/site\/wp-json\/wp\/v2\/posts\/54851\/revisions\/54854"}],"wp:featuredmedia":[{"embeddable":true,"href":"https:\/\/blogdoeloiltoncajuhy.com.br\/site\/wp-json\/wp\/v2\/media\/54852"}],"wp:attachment":[{"href":"https:\/\/blogdoeloiltoncajuhy.com.br\/site\/wp-json\/wp\/v2\/media?parent=54851"}],"wp:term":[{"taxonomy":"category","embeddable":true,"href":"https:\/\/blogdoeloiltoncajuhy.com.br\/site\/wp-json\/wp\/v2\/categories?post=54851"},{"taxonomy":"post_tag","embeddable":true,"href":"https:\/\/blogdoeloiltoncajuhy.com.br\/site\/wp-json\/wp\/v2\/tags?post=54851"}],"curies":[{"name":"wp","href":"https:\/\/api.w.org\/{rel}","templated":true}]}}