{"id":54846,"date":"2021-03-16T07:58:11","date_gmt":"2021-03-16T10:58:11","guid":{"rendered":"http:\/\/blogdoeloiltoncajuhy.com.br\/site\/?p=54846"},"modified":"2021-03-16T08:44:08","modified_gmt":"2021-03-16T11:44:08","slug":"operacao-policial-contra-faccoes-envolvidas-com-trafico-homicidios-e-roubos-cumpre-mandados-na-bahia-e-rio-de-janeiro","status":"publish","type":"post","link":"https:\/\/blogdoeloiltoncajuhy.com.br\/site\/operacao-policial-contra-faccoes-envolvidas-com-trafico-homicidios-e-roubos-cumpre-mandados-na-bahia-e-rio-de-janeiro\/","title":{"rendered":"Opera\u00e7\u00e3o policial contra fac\u00e7\u00f5es envolvidas com tr\u00e1fico, homic\u00eddios e roubos cumpre mandados na Bahia e Rio de Janeiro"},"content":{"rendered":"\n<h5 class=\"has-text-align-center wp-block-heading\"><em>A\u00e7\u00e3o foi deflagrada nas primeiras horas desta ter\u00e7a-feira (16). Opera\u00e7\u00e3o \u00e9 resultado de oito meses de investiga\u00e7\u00e3o<\/em><\/h5>\n\n\n\n<div class=\"wp-block-image\"><figure class=\"aligncenter size-large\"><a href=\"https:\/\/i0.wp.com\/blogdoeloiltoncajuhy.com.br\/site\/wp-content\/uploads\/2021\/03\/PC_OperacaoBA-RJ-01.jpeg\"><img data-recalc-dims=\"1\" fetchpriority=\"high\" decoding=\"async\" width=\"800\" height=\"502\" src=\"https:\/\/i0.wp.com\/blogdoeloiltoncajuhy.com.br\/site\/wp-content\/uploads\/2021\/03\/PC_OperacaoBA-RJ-01.jpeg?resize=800%2C502\" alt=\"\" class=\"wp-image-54847\" srcset=\"https:\/\/i0.wp.com\/blogdoeloiltoncajuhy.com.br\/site\/wp-content\/uploads\/2021\/03\/PC_OperacaoBA-RJ-01.jpeg?w=984&amp;ssl=1 984w, https:\/\/i0.wp.com\/blogdoeloiltoncajuhy.com.br\/site\/wp-content\/uploads\/2021\/03\/PC_OperacaoBA-RJ-01.jpeg?resize=300%2C188&amp;ssl=1 300w, https:\/\/i0.wp.com\/blogdoeloiltoncajuhy.com.br\/site\/wp-content\/uploads\/2021\/03\/PC_OperacaoBA-RJ-01.jpeg?resize=768%2C482&amp;ssl=1 768w\" sizes=\"(max-width: 800px) 100vw, 800px\" \/><\/a><figcaption><em>Opera\u00e7\u00e3o foi deflagrada nas primeiras horas desta ter\u00e7a-feira \u2014 Foto: Divulga\u00e7\u00e3o\/SSP-BA<\/em><\/figcaption><\/figure><\/div>\n\n\n\n<p>Uma opera\u00e7\u00e3o da Pol\u00edcia Civil da Bahia para combater organiza\u00e7\u00f5es criminosas envolvidas com homic\u00eddios, tr\u00e1fico de drogas, roubos e corrup\u00e7\u00e3o de menores foi deflagrada nas primeiras horas desta ter\u00e7a-feira (16). A a\u00e7\u00e3o cumpre mandados em cidades da regi\u00e3o metropolitana de Salvador, sul do estado e no Rio de Janeiro.<\/p>\n\n\n\n<p>De acordo com a Secretaria de Seguran\u00e7a P\u00fablica (SSP-BA), a a\u00e7\u00e3o integrada \u00e9 resultado de oito meses de investiga\u00e7\u00e3o. N\u00e3o foi informada, contudo, a quantidade de mandados expedidos e nem se s\u00e3o de pris\u00e3o ou busca e apreens\u00e3o.<\/p>\n\n\n\n<div class=\"wp-block-image\"><figure class=\"aligncenter size-large\"><a href=\"https:\/\/i0.wp.com\/blogdoeloiltoncajuhy.com.br\/site\/wp-content\/uploads\/2021\/03\/PC_OperacaoBA-RJ-02.jpeg\"><img data-recalc-dims=\"1\" decoding=\"async\" width=\"800\" height=\"502\" src=\"https:\/\/i0.wp.com\/blogdoeloiltoncajuhy.com.br\/site\/wp-content\/uploads\/2021\/03\/PC_OperacaoBA-RJ-02.jpeg?resize=800%2C502\" alt=\"\" class=\"wp-image-54848\" srcset=\"https:\/\/i0.wp.com\/blogdoeloiltoncajuhy.com.br\/site\/wp-content\/uploads\/2021\/03\/PC_OperacaoBA-RJ-02.jpeg?w=984&amp;ssl=1 984w, https:\/\/i0.wp.com\/blogdoeloiltoncajuhy.com.br\/site\/wp-content\/uploads\/2021\/03\/PC_OperacaoBA-RJ-02.jpeg?resize=300%2C188&amp;ssl=1 300w, https:\/\/i0.wp.com\/blogdoeloiltoncajuhy.com.br\/site\/wp-content\/uploads\/2021\/03\/PC_OperacaoBA-RJ-02.jpeg?resize=768%2C482&amp;ssl=1 768w\" sizes=\"(max-width: 800px) 100vw, 800px\" \/><\/a><figcaption><em>Opera\u00e7\u00e3o cumpre mandados na regi\u00e3o metropolitana de Salvador, sul da Bahia e Rio de Janeiro \u2014 Foto: Divulga\u00e7\u00e3o\/SSP-BA<\/em><\/figcaption><\/figure><\/div>\n\n\n\n<p>Um homem conhecido como &#8220;Vado Gordo&#8221; foi preso nesta manh\u00e3, em Duque de Caxias (RJ). A pris\u00e3o foi feita por policiais daquele estado, com apoio da pol\u00edcia baiana.<\/p>\n\n\n\n<p>Participam da opera\u00e7\u00e3o equipes da Coordena\u00e7\u00e3o de Opera\u00e7\u00f5es Especiais (COE), dos departamentos de Homic\u00eddios e Prote\u00e7\u00e3o \u00e0 Pessoa (DHPP), de Repress\u00e3o e Combate ao Crime Organizado (Draco), de Pol\u00edcia Metropolitana (Depom), de Crimes Contra o Patrim\u00f4nio (DCCP), e de Pol\u00edcia do Interior (Depin), al\u00e9m da PM.<\/p>\n\n\n\n<p>Al\u00e9m disso, a superintend\u00eancia de Intelig\u00eancia da SSP tamb\u00e9m atua na Opera\u00e7\u00e3o Tupinamb\u00e1, dando suporte \u00e0s investiga\u00e7\u00f5es.<\/p>\n","protected":false},"excerpt":{"rendered":"<p>A\u00e7\u00e3o foi deflagrada nas primeiras horas desta ter\u00e7a-feira (16). Opera\u00e7\u00e3o \u00e9 resultado de oito meses de investiga\u00e7\u00e3o Uma opera\u00e7\u00e3o da Pol\u00edcia Civil da Bahia para combater organiza\u00e7\u00f5es criminosas envolvidas com homic\u00eddios, tr\u00e1fico de drogas, roubos e corrup\u00e7\u00e3o de menores foi deflagrada nas primeiras horas desta ter\u00e7a-feira (16). A a\u00e7\u00e3o cumpre mandados em cidades da regi\u00e3o [&hellip;]<\/p>\n","protected":false},"author":2,"featured_media":54848,"comment_status":"open","ping_status":"open","sticky":false,"template":"","format":"standard","meta":{"_acf_changed":false,"_monsterinsights_skip_tracking":false,"_monsterinsights_sitenote_active":false,"_monsterinsights_sitenote_note":"","_monsterinsights_sitenote_category":0,"_jetpack_memberships_contains_paid_content":false,"footnotes":"","jetpack_publicize_message":"","jetpack_publicize_feature_enabled":true,"jetpack_social_post_already_shared":true,"jetpack_social_options":{"image_generator_settings":{"template":"highway","default_image_id":0,"font":"","enabled":false},"version":2}},"categories":[15],"tags":[],"class_list":["post-54846","post","type-post","status-publish","format-standard","has-post-thumbnail","hentry","category-policia"],"acf":[],"jetpack_publicize_connections":[],"jetpack_featured_media_url":"https:\/\/i0.wp.com\/blogdoeloiltoncajuhy.com.br\/site\/wp-content\/uploads\/2021\/03\/PC_OperacaoBA-RJ-02.jpeg?fit=984%2C617&ssl=1","jetpack_sharing_enabled":true,"publishpress_future_workflow_manual_trigger":{"enabledWorkflows":[]},"_links":{"self":[{"href":"https:\/\/blogdoeloiltoncajuhy.com.br\/site\/wp-json\/wp\/v2\/posts\/54846","targetHints":{"allow":["GET"]}}],"collection":[{"href":"https:\/\/blogdoeloiltoncajuhy.com.br\/site\/wp-json\/wp\/v2\/posts"}],"about":[{"href":"https:\/\/blogdoeloiltoncajuhy.com.br\/site\/wp-json\/wp\/v2\/types\/post"}],"author":[{"embeddable":true,"href":"https:\/\/blogdoeloiltoncajuhy.com.br\/site\/wp-json\/wp\/v2\/users\/2"}],"replies":[{"embeddable":true,"href":"https:\/\/blogdoeloiltoncajuhy.com.br\/site\/wp-json\/wp\/v2\/comments?post=54846"}],"version-history":[{"count":3,"href":"https:\/\/blogdoeloiltoncajuhy.com.br\/site\/wp-json\/wp\/v2\/posts\/54846\/revisions"}],"predecessor-version":[{"id":54855,"href":"https:\/\/blogdoeloiltoncajuhy.com.br\/site\/wp-json\/wp\/v2\/posts\/54846\/revisions\/54855"}],"wp:featuredmedia":[{"embeddable":true,"href":"https:\/\/blogdoeloiltoncajuhy.com.br\/site\/wp-json\/wp\/v2\/media\/54848"}],"wp:attachment":[{"href":"https:\/\/blogdoeloiltoncajuhy.com.br\/site\/wp-json\/wp\/v2\/media?parent=54846"}],"wp:term":[{"taxonomy":"category","embeddable":true,"href":"https:\/\/blogdoeloiltoncajuhy.com.br\/site\/wp-json\/wp\/v2\/categories?post=54846"},{"taxonomy":"post_tag","embeddable":true,"href":"https:\/\/blogdoeloiltoncajuhy.com.br\/site\/wp-json\/wp\/v2\/tags?post=54846"}],"curies":[{"name":"wp","href":"https:\/\/api.w.org\/{rel}","templated":true}]}}