{"id":54842,"date":"2021-03-16T07:32:22","date_gmt":"2021-03-16T10:32:22","guid":{"rendered":"http:\/\/blogdoeloiltoncajuhy.com.br\/site\/?p=54842"},"modified":"2021-03-16T07:32:23","modified_gmt":"2021-03-16T10:32:23","slug":"governadores-querem-comite-gestor-nacional-para-unificar-acoes-contra-coronavirus","status":"publish","type":"post","link":"https:\/\/blogdoeloiltoncajuhy.com.br\/site\/governadores-querem-comite-gestor-nacional-para-unificar-acoes-contra-coronavirus\/","title":{"rendered":"Governadores querem comit\u00ea gestor nacional para unificar a\u00e7\u00f5es contra coronav\u00edrus"},"content":{"rendered":"\n<div class=\"wp-block-image\"><figure class=\"aligncenter size-large\"><a href=\"https:\/\/i0.wp.com\/blogdoeloiltoncajuhy.com.br\/site\/wp-content\/uploads\/2021\/03\/GovernadoresSenado.jpeg\"><img data-recalc-dims=\"1\" fetchpriority=\"high\" decoding=\"async\" width=\"678\" height=\"450\" src=\"https:\/\/i0.wp.com\/blogdoeloiltoncajuhy.com.br\/site\/wp-content\/uploads\/2021\/03\/GovernadoresSenado.jpeg?resize=678%2C450\" alt=\"\" class=\"wp-image-54843\" srcset=\"https:\/\/i0.wp.com\/blogdoeloiltoncajuhy.com.br\/site\/wp-content\/uploads\/2021\/03\/GovernadoresSenado.jpeg?w=678&amp;ssl=1 678w, https:\/\/i0.wp.com\/blogdoeloiltoncajuhy.com.br\/site\/wp-content\/uploads\/2021\/03\/GovernadoresSenado.jpeg?resize=300%2C199&amp;ssl=1 300w\" sizes=\"(max-width: 678px) 100vw, 678px\" \/><\/a><figcaption><em>Foto: Reprodu\u00e7\u00e3o\/TV Senado<\/em><\/figcaption><\/figure><\/div>\n\n\n\n<p>A comiss\u00e3o criada para acompanhar as a\u00e7\u00f5es de enfrentamento \u00e0 covid-19 ouviu nesta segunda-feira (15) governadores sobre a situa\u00e7\u00e3o da pandemia nos estados. Os representantes do Esp\u00edrito Santo, Renato Casagrande, e do Maranh\u00e3o, Fl\u00e1vio Dino, pediram que o Congresso Nacional lidere um grupo de trabalho para a elabora\u00e7\u00e3o de uma pol\u00edtica nacional de combate \u00e0 covid-19. Para Casagrande, a especula\u00e7\u00e3o sobre a sa\u00edda de Eduardo Pazuello do Minist\u00e9rio da Sa\u00fade n\u00e3o trar\u00e1 grandes mudan\u00e7as.<\/p>\n\n\n\n<p><em>&#8220;Vai trocar o ministro? N\u00e3o vai adiantar muito! N\u00e3o vai adiantar muito, porque o que tem de mudar \u00e9 o comportamento do Governo. Est\u00e1 certo? O Governo tem que passar a exercer uma coordena\u00e7\u00e3o dessa a\u00e7\u00e3o, o que n\u00e3o fez at\u00e9 agora&#8221;<\/em>.<\/p>\n\n\n\n<p>O governador do Rio Grande do Sul, Eduardo Leite, disse que o presidente Bolsonaro sabota o trabalho da pr\u00f3pria equipe. <em>&#8220;O que eu vi, depois de tr\u00eas trocas de ministros que o Presidente j\u00e1 fez, \u00e9 que o problema est\u00e1 nas orienta\u00e7\u00f5es que o Presidente d\u00e1. N\u00e3o h\u00e1 Ministro que consiga trabalhar com a sabotagem feita pelo pr\u00f3prio Presidente da Rep\u00fablica \u00e0s medidas necess\u00e1rias para o combate ao coronav\u00edrus. Se n\u00e3o for para oferecer ajuda, que seja para parar de oferecer ataques, agress\u00f5es&#8221;<\/em>.<\/p>\n\n\n\n<p>Sobre o repasse de verbas federais aos estados, a senadora Zenaide Maia, do PROS do Rio Grande do Norte, aproveitou a reuni\u00e3o para recha\u00e7ar declara\u00e7\u00f5es do governo sobre insinua\u00e7\u00f5es de desvios desse dinheiro.<\/p>\n\n\n\n<p><em>&#8220;O que esses governadores querem? Di\u00e1logo com o presidente da Rep\u00fablica, o que \u00e9 praticamente imposs\u00edvel. Mas est\u00e3o pedindo socorro ao Senado, porque precisam de mais vacinas. Precisam de ajuda aos estados e munic\u00edpios e n\u00e3o essa guerra, que d\u00e1 a entender que os estados receberam mais, os prefeitos receberam mais e, mais grave, todos d\u00e3o a entender que os gestores s\u00e3o fraudadores!&#8221;<\/em><\/p>\n\n\n\n<p>O governador de S\u00e3o Paulo, Jo\u00e3o D\u00f3ria, disse que o Instituto Butantan vai entregar at\u00e9 quarta-feira mais 5 milh\u00f5es e 300 mil doses da vacina a serem usadas em todo o pa\u00eds.<\/p>\n\n\n\n<p><em>&#8220;Poder\u00edamos ter iniciado a imuniza\u00e7\u00e3o dos brasileiros em novembro do ano passado. Hoje j\u00e1 ter\u00edamos mais de 40% da popula\u00e7\u00e3o brasileira imunizada e ter\u00edamos salvo milhares de pessoas que, infelizmente, foram a \u00f3bito. Mas o negacionismo do Presidente Bolsonaro impediu que isso acontecesse. Investiu em cloroquina, em vez de investir na vacina, hostilizou a vacina do Butantan&#8221;<\/em>.<\/p>\n\n\n\n<p>D\u00f3ria tamb\u00e9m alegou que o Minist\u00e9rio da Sa\u00fade n\u00e3o est\u00e1 homologando os leitos de covid-19, conforme determina\u00e7\u00e3o do Supremo Tribunal Federal, e que os custos est\u00e3o sendo pagos pelo governo do estado.<\/p>\n","protected":false},"excerpt":{"rendered":"<p>A comiss\u00e3o criada para acompanhar as a\u00e7\u00f5es de enfrentamento \u00e0 covid-19 ouviu nesta segunda-feira (15) governadores sobre a situa\u00e7\u00e3o da pandemia nos estados. Os representantes do Esp\u00edrito Santo, Renato Casagrande, e do Maranh\u00e3o, Fl\u00e1vio Dino, pediram que o Congresso Nacional lidere um grupo de trabalho para a elabora\u00e7\u00e3o de uma pol\u00edtica nacional de combate \u00e0 [&hellip;]<\/p>\n","protected":false},"author":2,"featured_media":54843,"comment_status":"open","ping_status":"open","sticky":false,"template":"","format":"standard","meta":{"_acf_changed":false,"_monsterinsights_skip_tracking":false,"_monsterinsights_sitenote_active":false,"_monsterinsights_sitenote_note":"","_monsterinsights_sitenote_category":0,"_jetpack_memberships_contains_paid_content":false,"footnotes":"","jetpack_publicize_message":"","jetpack_publicize_feature_enabled":true,"jetpack_social_post_already_shared":true,"jetpack_social_options":{"image_generator_settings":{"template":"highway","default_image_id":0,"font":"","enabled":false},"version":2}},"categories":[7],"tags":[],"class_list":["post-54842","post","type-post","status-publish","format-standard","has-post-thumbnail","hentry","category-saude"],"acf":[],"jetpack_publicize_connections":[],"jetpack_featured_media_url":"https:\/\/i0.wp.com\/blogdoeloiltoncajuhy.com.br\/site\/wp-content\/uploads\/2021\/03\/GovernadoresSenado.jpeg?fit=678%2C450&ssl=1","jetpack_sharing_enabled":true,"publishpress_future_workflow_manual_trigger":{"enabledWorkflows":[]},"_links":{"self":[{"href":"https:\/\/blogdoeloiltoncajuhy.com.br\/site\/wp-json\/wp\/v2\/posts\/54842","targetHints":{"allow":["GET"]}}],"collection":[{"href":"https:\/\/blogdoeloiltoncajuhy.com.br\/site\/wp-json\/wp\/v2\/posts"}],"about":[{"href":"https:\/\/blogdoeloiltoncajuhy.com.br\/site\/wp-json\/wp\/v2\/types\/post"}],"author":[{"embeddable":true,"href":"https:\/\/blogdoeloiltoncajuhy.com.br\/site\/wp-json\/wp\/v2\/users\/2"}],"replies":[{"embeddable":true,"href":"https:\/\/blogdoeloiltoncajuhy.com.br\/site\/wp-json\/wp\/v2\/comments?post=54842"}],"version-history":[{"count":2,"href":"https:\/\/blogdoeloiltoncajuhy.com.br\/site\/wp-json\/wp\/v2\/posts\/54842\/revisions"}],"predecessor-version":[{"id":54845,"href":"https:\/\/blogdoeloiltoncajuhy.com.br\/site\/wp-json\/wp\/v2\/posts\/54842\/revisions\/54845"}],"wp:featuredmedia":[{"embeddable":true,"href":"https:\/\/blogdoeloiltoncajuhy.com.br\/site\/wp-json\/wp\/v2\/media\/54843"}],"wp:attachment":[{"href":"https:\/\/blogdoeloiltoncajuhy.com.br\/site\/wp-json\/wp\/v2\/media?parent=54842"}],"wp:term":[{"taxonomy":"category","embeddable":true,"href":"https:\/\/blogdoeloiltoncajuhy.com.br\/site\/wp-json\/wp\/v2\/categories?post=54842"},{"taxonomy":"post_tag","embeddable":true,"href":"https:\/\/blogdoeloiltoncajuhy.com.br\/site\/wp-json\/wp\/v2\/tags?post=54842"}],"curies":[{"name":"wp","href":"https:\/\/api.w.org\/{rel}","templated":true}]}}